{"id":40013,"date":"2022-07-23T10:45:00","date_gmt":"2022-07-23T13:45:00","guid":{"rendered":"https:\/\/blogopara.com.br\/?p=40013"},"modified":"2022-07-22T20:28:56","modified_gmt":"2022-07-22T23:28:56","slug":"ama-constroi-banheiros-na-feirinha-do-mercado-do-produtor","status":"publish","type":"post","link":"https:\/\/blogopara.com.br\/index.php\/2022\/07\/23\/ama-constroi-banheiros-na-feirinha-do-mercado-do-produtor","title":{"rendered":"AMA constr\u00f3i banheiros na feirinha do Mercado do Produtor"},"content":{"rendered":"<p style=\"text-align: justify;\">Nos pr\u00f3ximos 30 dias a Autarquia Municipal de Abastecimento (AMA), deve concluir a constru\u00e7\u00e3o de dois banheiros na \u00e1rea da feirinha do Mercado do Produtor de Juazeiro. Os novos equipamentos chegam cerca de tr\u00eas d\u00e9cadas ap\u00f3s a implanta\u00e7\u00e3o da feirinha. Durante todo esse tempo os feirantes t\u00eam que se deslocar para outros setores do Mercado do Produtor para usar o banheiro.<\/p>\n<p style=\"text-align: justify;\">Dona Maria Odete \u00e9 uma das feirantes mais antigas do local, segundo ela a constru\u00e7\u00e3o dos banheiros era uma reivindica\u00e7\u00e3o antiga. \u201cH\u00e1 mais de dez anos a gente ouve promessa sobre os banheiros e agora finalmente saiu\u201d, comemorou. A feirante denunciou ainda que na aus\u00eancia de banheiros nas proximidades, algumas pessoas fazem as necessidades em qualquer lugar, provocando sujeira e mau cheiro.<\/p>\n<p style=\"text-align: justify;\">O diretor presidente da Ama, Carlos Neiva, revela que os banheiros est\u00e3o sendo constru\u00eddos com recursos pr\u00f3prios e executados pela equipe de manuten\u00e7\u00e3o do pr\u00f3prio Mercado do Produtor. \u201cCom essa a\u00e7\u00e3o n\u00f3s estamos cumprindo a determina\u00e7\u00e3o da prefeita Suzana Ramos de n\u00e3o s\u00f3 cuidar das grandes quest\u00f5es do Mercado do produtor que envolvem mais tempo, planejamento e recursos, mas tamb\u00e9m adotar pequenas providencias que facilitem a vida de quem tira seu sustento daqui. Os banheiros da feirinha foram solicitados assim que cheguei e ap\u00f3s estudar a quest\u00e3o com a minha equipe, estamos tendo a satisfa\u00e7\u00e3o de atender esse pedido que consideramos justo\u201d explicou Neiva.<\/p>\n\n\n<p>Ascom Ama\/PMJ<\/p>\n","protected":false},"excerpt":{"rendered":"<p>Nos pr\u00f3ximos 30 dias a Autarquia Municipal de Abastecimento (AMA), deve concluir a constru\u00e7\u00e3o de dois banheiros na \u00e1rea da feirinha do Mercado do Produtor de Juazeiro. Os novos equipamentos chegam cerca de tr\u00eas d\u00e9cadas ap\u00f3s a implanta\u00e7\u00e3o da feirinha. Durante todo esse tempo os feirantes t\u00eam que se deslocar para outros setores do Mercado [&hellip;]<\/p>\n","protected":false},"author":1,"featured_media":30929,"comment_status":"closed","ping_status":"open","sticky":false,"template":"","format":"standard","meta":{"_uag_custom_page_level_css":"","_monsterinsights_skip_tracking":false,"_monsterinsights_sitenote_active":false,"_monsterinsights_sitenote_note":"","_monsterinsights_sitenote_category":0,"jetpack_post_was_ever_published":false,"_jetpack_newsletter_access":"","_jetpack_dont_email_post_to_subs":false,"_jetpack_newsletter_tier_id":0,"_jetpack_memberships_contains_paywalled_content":false,"_jetpack_memberships_contains_paid_content":false,"footnotes":"","jetpack_publicize_message":"","jetpack_publicize_feature_enabled":true,"jetpack_social_post_already_shared":true,"jetpack_social_options":{"image_generator_settings":{"template":"highway","default_image_id":0,"font":"","enabled":false},"version":2}},"categories":[203],"tags":[305,340],"class_list":["post-40013","post","type-post","status-publish","format-standard","has-post-thumbnail","hentry","category-juazeiro","tag-mercado-do-produtor","tag-prefeitura-de-juazeiro"],"jetpack_publicize_connections":[],"jetpack_featured_media_url":"https:\/\/blogopara.com.br\/wp-content\/uploads\/2021\/12\/Mercado-do-Produtor.jpg","uagb_featured_image_src":{"full":["https:\/\/blogopara.com.br\/wp-content\/uploads\/2021\/12\/Mercado-do-Produtor.jpg",500,333,false],"thumbnail":["https:\/\/blogopara.com.br\/wp-content\/uploads\/2021\/12\/Mercado-do-Produtor-150x150.jpg",150,150,true],"medium":["https:\/\/blogopara.com.br\/wp-content\/uploads\/2021\/12\/Mercado-do-Produtor-300x200.jpg",300,200,true],"medium_large":["https:\/\/blogopara.com.br\/wp-content\/uploads\/2021\/12\/Mercado-do-Produtor.jpg",500,333,false],"large":["https:\/\/blogopara.com.br\/wp-content\/uploads\/2021\/12\/Mercado-do-Produtor.jpg",500,333,false],"1536x1536":["https:\/\/blogopara.com.br\/wp-content\/uploads\/2021\/12\/Mercado-do-Produtor.jpg",500,333,false],"2048x2048":["https:\/\/blogopara.com.br\/wp-content\/uploads\/2021\/12\/Mercado-do-Produtor.jpg",500,333,false],"mantranews-slider-large":["https:\/\/blogopara.com.br\/wp-content\/uploads\/2021\/12\/Mercado-do-Produtor.jpg",500,333,false],"mantranews-featured-medium":["https:\/\/blogopara.com.br\/wp-content\/uploads\/2021\/12\/Mercado-do-Produtor-420x307.jpg",420,307,true],"mantranews-featured-long":["https:\/\/blogopara.com.br\/wp-content\/uploads\/2021\/12\/Mercado-do-Produtor-300x333.jpg",300,333,true],"mantranews-block-medium":["https:\/\/blogopara.com.br\/wp-content\/uploads\/2021\/12\/Mercado-do-Produtor-464x290.jpg",464,290,true],"mantranews-carousel-image":["https:\/\/blogopara.com.br\/wp-content\/uploads\/2021\/12\/Mercado-do-Produtor.jpg",500,333,false],"mantranews-block-thumb":["https:\/\/blogopara.com.br\/wp-content\/uploads\/2021\/12\/Mercado-do-Produtor-322x230.jpg",322,230,true],"mantranews-single-large":["https:\/\/blogopara.com.br\/wp-content\/uploads\/2021\/12\/Mercado-do-Produtor.jpg",500,333,false]},"uagb_author_info":{"display_name":"Reda\u00e7\u00e3o geral","author_link":"https:\/\/blogopara.com.br\/index.php\/author\/blogopara"},"uagb_comment_info":0,"uagb_excerpt":"Nos pr\u00f3ximos 30 dias a Autarquia Municipal de Abastecimento (AMA), deve concluir a constru\u00e7\u00e3o de dois banheiros na \u00e1rea da feirinha do Mercado do Produtor de Juazeiro. Os novos equipamentos chegam cerca de tr\u00eas d\u00e9cadas ap\u00f3s a implanta\u00e7\u00e3o da feirinha. Durante todo esse tempo os feirantes t\u00eam que se deslocar para outros setores do Mercado&hellip;","jetpack_sharing_enabled":true,"jetpack_likes_enabled":true,"_links":{"self":[{"href":"https:\/\/blogopara.com.br\/index.php\/wp-json\/wp\/v2\/posts\/40013","targetHints":{"allow":["GET"]}}],"collection":[{"href":"https:\/\/blogopara.com.br\/index.php\/wp-json\/wp\/v2\/posts"}],"about":[{"href":"https:\/\/blogopara.com.br\/index.php\/wp-json\/wp\/v2\/types\/post"}],"author":[{"embeddable":true,"href":"https:\/\/blogopara.com.br\/index.php\/wp-json\/wp\/v2\/users\/1"}],"replies":[{"embeddable":true,"href":"https:\/\/blogopara.com.br\/index.php\/wp-json\/wp\/v2\/comments?post=40013"}],"version-history":[{"count":1,"href":"https:\/\/blogopara.com.br\/index.php\/wp-json\/wp\/v2\/posts\/40013\/revisions"}],"predecessor-version":[{"id":40014,"href":"https:\/\/blogopara.com.br\/index.php\/wp-json\/wp\/v2\/posts\/40013\/revisions\/40014"}],"wp:featuredmedia":[{"embeddable":true,"href":"https:\/\/blogopara.com.br\/index.php\/wp-json\/wp\/v2\/media\/30929"}],"wp:attachment":[{"href":"https:\/\/blogopara.com.br\/index.php\/wp-json\/wp\/v2\/media?parent=40013"}],"wp:term":[{"taxonomy":"category","embeddable":true,"href":"https:\/\/blogopara.com.br\/index.php\/wp-json\/wp\/v2\/categories?post=40013"},{"taxonomy":"post_tag","embeddable":true,"href":"https:\/\/blogopara.com.br\/index.php\/wp-json\/wp\/v2\/tags?post=40013"}],"curies":[{"name":"wp","href":"https:\/\/api.w.org\/{rel}","templated":true}]}}