{"id":40021,"date":"2022-07-23T14:45:00","date_gmt":"2022-07-23T17:45:00","guid":{"rendered":"https:\/\/blogopara.com.br\/?p=40021"},"modified":"2022-07-22T21:03:38","modified_gmt":"2022-07-23T00:03:38","slug":"governo-bloqueia-mais-r-6739-bi-do-orcamento","status":"publish","type":"post","link":"https:\/\/blogopara.com.br\/index.php\/2022\/07\/23\/governo-bloqueia-mais-r-6739-bi-do-orcamento","title":{"rendered":"Governo bloqueia mais R$ 6,739 bi do Or\u00e7amento"},"content":{"rendered":"<div class=\"post-item-wrap\">\n<p style=\"text-align: justify;\">A possibilidade de estouro no teto de gastos fez o governo contingenciar (bloquear) mais R$ 6,739 bilh\u00f5es de gastos n\u00e3o obrigat\u00f3rios do Or\u00e7amento Geral da Uni\u00e3o de 2022, anunciou hoje (22) \u00e0 noite o Minist\u00e9rio da Economia. Segundo a pasta, a decis\u00e3o \u00e9 necess\u00e1ria porque a previs\u00e3o de gastos obrigat\u00f3rios da Uni\u00e3o aumentou em rela\u00e7\u00e3o \u00e0 previs\u00e3o anterior, divulgada em maio.<img decoding=\"async\" src=\"https:\/\/agenciabrasil.ebc.com.br\/ebc.png?id=1472256&amp;o=node\" \/><img decoding=\"async\" src=\"https:\/\/agenciabrasil.ebc.com.br\/ebc.gif?id=1472256&amp;o=node\" \/><\/p>\n<p style=\"text-align: justify;\">O bloqueio de verbas consta do Relat\u00f3rio Bimestral de Avalia\u00e7\u00e3o de Receitas e Despesas, enviado nesta sexta-feira \u00e0 noite para o Congresso Nacional. Publicado a cada dois meses, o documento orienta a execu\u00e7\u00e3o do Or\u00e7amento. A distribui\u00e7\u00e3o dos cortes pelos \u00f3rg\u00e3os do Poder Executivo Federal ser\u00e1 divulgada em decreto presidencial a ser editado at\u00e9 o fim do m\u00eas.<\/p>\n<p style=\"text-align: justify;\">De acordo com o relat\u00f3rio, a necessidade de bloqueio total do Or\u00e7amento de 2022 subiu de R$ 9,96 bilh\u00f5es no segundo bimestre para R$ 12,736 bilh\u00f5es no terceiro bimestre. Como o governo ainda tinha R$ 5,997 bilh\u00f5es bloqueados, o valor do bloqueio novo ficou nos R$ 6,739 bilh\u00f5es definidos no relat\u00f3rio.<\/p>\n<p style=\"text-align: justify;\">O montante \u00e9 inferior ao valor informado hoje mais cedo <a href=\"https:\/\/agenciabrasil.ebc.com.br\/economia\/noticia\/2022-07\/corte-extra-do-orcamento-pode-chegar-r-8-bi-diz-presidente\" target=\"_blank\" rel=\"noopener\">pelo presidente Jair Bolsonaro<\/a>. Em visita a um posto de combust\u00edveis pela manh\u00e3, o presidente tinha dito que o contingenciamento poderia chegar a R$ 8 bilh\u00f5es.<\/p>\n<h2 style=\"text-align: justify;\">Despesas<\/h2>\n<p style=\"text-align: justify;\">A proje\u00e7\u00e3o para as despesas prim\u00e1rias em 2022 aumentou R$ 45,819 bilh\u00f5es, devendo fechar o ano em R$ 1,834 trilh\u00e3o. A estimativa para os gastos obrigat\u00f3rios subiu para R$ 1,679 trilh\u00e3o, valor R$ 46,746 bilh\u00f5es maior que o projetado em maio. No entanto, a previs\u00e3o de gastos discricion\u00e1rios (n\u00e3o obrigat\u00f3rios) do Poder Executivo foi reduzida em R$ 927 milh\u00f5es, para R$ 154,246 bilh\u00f5es. Isso resultou na varia\u00e7\u00e3o total de R$ 45,819 bilh\u00f5es.<\/p>\n<p style=\"text-align: justify;\">Os detalhes de que tipos de gastos obrigat\u00f3rios tiveram a previs\u00e3o aumentada s\u00f3 ser\u00e3o divulgados em entrevista coletiva na segunda-feira (25). A Secretaria Especial de Tesouro e Or\u00e7amento do Minist\u00e9rio da Economia informou que os novos n\u00fameros incorporam a derrubada do veto \u00e0 Lei Paulo Gustavo, que prev\u00ea incentivos \u00e0 cultura no total de R$ 3,86 bilh\u00f5es, e a aprova\u00e7\u00e3o do piso salarial dos agentes comunit\u00e1rios de sa\u00fade, que ter\u00e1 impacto de R$ 2,24 bilh\u00f5es.<\/p>\n<h2 style=\"text-align: justify;\">D\u00e9ficit prim\u00e1rio<\/h2>\n<p style=\"text-align: justify;\">O impacto sobre as contas p\u00fablicas s\u00f3 n\u00e3o ser\u00e1 maior porque, segundo o Minist\u00e9rio da Economia, as previs\u00f5es de receitas brutas saltaram R$ 59,014 bilh\u00f5es, mesmo com as desonera\u00e7\u00f5es concedidas sobre combust\u00edveis e produtos industrializados.<\/p>\n<p style=\"text-align: justify;\">Ao descontar as transfer\u00eancias para os estados e os munic\u00edpios, a estimativa das receitas l\u00edquidas aumentou em R$ 51,955 bilh\u00f5es. Como as receitas aumentar\u00e3o em ritmo maior que as despesas, o relat\u00f3rio reduziu a estimativa de d\u00e9ficit prim\u00e1rio para este ano de R$ 65,490 bilh\u00f5es para R$ 59,354 bilh\u00f5es.<\/p>\n<p style=\"text-align: justify;\">A proje\u00e7\u00e3o para o d\u00e9ficit prim\u00e1rio, informou o Minist\u00e9rio da Economia, incorpora a aprova\u00e7\u00e3o da emenda constitucional que aumenta benef\u00edcios sociais e cria aux\u00edlio para taxistas e caminhoneiros. A mudan\u00e7a tem impacto de R$ 41,25 bilh\u00f5es at\u00e9 o fim do ano, mas esses gastos n\u00e3o foram afetados pelo contingenciamento porque est\u00e3o fora do teto de gastos.<\/p>\n<p style=\"text-align: justify;\">A estimativa tamb\u00e9m inclui a desonera\u00e7\u00e3o de R$ 16,51 bilh\u00f5es determinada pela lei complementar que zerou tributos federais sobre a gasolina e o etanol. At\u00e9 o fim do ano, esses combust\u00edveis n\u00e3o pagar\u00e3o a Contribui\u00e7\u00e3o de Interven\u00e7\u00e3o no Dom\u00ednio Econ\u00f4mico (Cide), o Programa de Integra\u00e7\u00e3o Social (PIS) e a Contribui\u00e7\u00e3o para o Financiamento da Seguridade Social (Cofins), nos mesmos moldes da desonera\u00e7\u00e3o do diesel em vigor desde mar\u00e7o deste ano.<\/p>\n<p style=\"text-align: justify;\">O d\u00e9ficit prim\u00e1rio representa o resultado negativo das contas do governo antes do pagamento dos juros da d\u00edvida p\u00fablica. As estimativas oficiais est\u00e3o bem mais otimistas que o valor aprovado na Lei de Diretrizes Or\u00e7ament\u00e1rias de 2022, que estipula uma meta de d\u00e9ficit prim\u00e1rio de R$ 170,474 bilh\u00f5es para o Governo Central (Tesouro Nacional, Previd\u00eancia Social e Banco Central).<\/p>\n<h2 style=\"text-align: justify;\">Bloqueio total<\/h2>\n<p style=\"text-align: justify;\">No fim de mar\u00e7o, o governo havia contingenciado R$ 1,722 bilh\u00e3o <a href=\"https:\/\/agenciabrasil.ebc.com.br\/economia\/noticia\/2022-03\/bloqueio-de-r-172-bi-afetara-apenas-emendas-de-relator\" target=\"_blank\" rel=\"noopener\">em emendas de relator <\/a>. Em maio, a equipe econ\u00f4mica inicialmente divulgou um bloqueio de R$ 8,239 bilh\u00f5es, mas o <a href=\"https:\/\/agenciabrasil.ebc.com.br\/economia\/noticia\/2022-06\/ciencia-e-tecnologia-e-educacao-lideram-bloqueio-orcamentario\" target=\"_blank\" rel=\"noopener\">valor foi posteriormente reduzido<\/a> para R$ 6,965 bilh\u00f5es. De maio para c\u00e1, parte dos recursos foi liberada, mas o governo teve de fazer um novo contingenciamento para n\u00e3o descumprir o teto de gastos, resultando no bloqueio total de R$ 12,736 bilh\u00f5es.<\/p>\n<p style=\"text-align: justify;\">A cada dois meses, o Minist\u00e9rio da Economia divulga o Relat\u00f3rio de Avalia\u00e7\u00e3o de Receitas e Despesas, documento que orienta a execu\u00e7\u00e3o do Or\u00e7amento. Com base nas previs\u00f5es de crescimento da economia, de infla\u00e7\u00e3o e do comportamento das receitas e das despesas, a equipe econ\u00f4mica determina o bloqueio necess\u00e1rio para cumprir as metas de d\u00e9ficit prim\u00e1rio (resultado negativo das contas do governo sem os juros da d\u00edvida p\u00fablica) e o teto de gastos.<\/p>\n<p style=\"text-align: justify;\">No \u00faltimo dia 14, a Secretaria de Pol\u00edtica Econ\u00f4mica do Minist\u00e9rio da Economia tinha divulgado as <a href=\"https:\/\/agenciabrasil.ebc.com.br\/economia\/noticia\/2022-07\/governo-reve-estimativa-para-o-pib-de-15-para-2\" target=\"_blank\" rel=\"noopener\">estimativas usadas na elabora\u00e7\u00e3o do relat\u00f3rio<\/a>.\u00a0A previs\u00e3o de crescimento para o Produto Interno Bruto (PIB, soma das riquezas produzidas) aumentou de 1,5% para 2%. A estimativa de infla\u00e7\u00e3o oficial caiu de 7,9% para 7,2%.<\/p>\n<\/div>\n\n\n<p>Agencia Brasil<\/p>\n","protected":false},"excerpt":{"rendered":"<p>A possibilidade de estouro no teto de gastos fez o governo contingenciar (bloquear) mais R$ 6,739 bilh\u00f5es de gastos n\u00e3o obrigat\u00f3rios do Or\u00e7amento Geral da Uni\u00e3o de 2022, anunciou hoje (22) \u00e0 noite o Minist\u00e9rio da Economia. Segundo a pasta, a decis\u00e3o \u00e9 necess\u00e1ria porque a previs\u00e3o de gastos obrigat\u00f3rios da Uni\u00e3o aumentou em rela\u00e7\u00e3o [&hellip;]<\/p>\n","protected":false},"author":1,"featured_media":39858,"comment_status":"closed","ping_status":"open","sticky":false,"template":"","format":"standard","meta":{"_uag_custom_page_level_css":"","_monsterinsights_skip_tracking":false,"_monsterinsights_sitenote_active":false,"_monsterinsights_sitenote_note":"","_monsterinsights_sitenote_category":0,"jetpack_post_was_ever_published":false,"_jetpack_newsletter_access":"","_jetpack_dont_email_post_to_subs":false,"_jetpack_newsletter_tier_id":0,"_jetpack_memberships_contains_paywalled_content":false,"_jetpack_memberships_contains_paid_content":false,"footnotes":"","jetpack_publicize_message":"","jetpack_publicize_feature_enabled":true,"jetpack_social_post_already_shared":true,"jetpack_social_options":{"image_generator_settings":{"template":"highway","default_image_id":0,"font":"","enabled":false},"version":2}},"categories":[200,206],"tags":[],"class_list":["post-40021","post","type-post","status-publish","format-standard","has-post-thumbnail","hentry","category-brasil","category-economia"],"jetpack_publicize_connections":[],"jetpack_featured_media_url":"https:\/\/blogopara.com.br\/wp-content\/uploads\/2022\/07\/vaquinha.jpg","uagb_featured_image_src":{"full":["https:\/\/blogopara.com.br\/wp-content\/uploads\/2022\/07\/vaquinha.jpg",500,299,false],"thumbnail":["https:\/\/blogopara.com.br\/wp-content\/uploads\/2022\/07\/vaquinha-150x150.jpg",150,150,true],"medium":["https:\/\/blogopara.com.br\/wp-content\/uploads\/2022\/07\/vaquinha-300x179.jpg",300,179,true],"medium_large":["https:\/\/blogopara.com.br\/wp-content\/uploads\/2022\/07\/vaquinha.jpg",500,299,false],"large":["https:\/\/blogopara.com.br\/wp-content\/uploads\/2022\/07\/vaquinha.jpg",500,299,false],"1536x1536":["https:\/\/blogopara.com.br\/wp-content\/uploads\/2022\/07\/vaquinha.jpg",500,299,false],"2048x2048":["https:\/\/blogopara.com.br\/wp-content\/uploads\/2022\/07\/vaquinha.jpg",500,299,false],"mantranews-slider-large":["https:\/\/blogopara.com.br\/wp-content\/uploads\/2022\/07\/vaquinha.jpg",500,299,false],"mantranews-featured-medium":["https:\/\/blogopara.com.br\/wp-content\/uploads\/2022\/07\/vaquinha-420x299.jpg",420,299,true],"mantranews-featured-long":["https:\/\/blogopara.com.br\/wp-content\/uploads\/2022\/07\/vaquinha-300x299.jpg",300,299,true],"mantranews-block-medium":["https:\/\/blogopara.com.br\/wp-content\/uploads\/2022\/07\/vaquinha-464x290.jpg",464,290,true],"mantranews-carousel-image":["https:\/\/blogopara.com.br\/wp-content\/uploads\/2022\/07\/vaquinha.jpg",500,299,false],"mantranews-block-thumb":["https:\/\/blogopara.com.br\/wp-content\/uploads\/2022\/07\/vaquinha-322x230.jpg",322,230,true],"mantranews-single-large":["https:\/\/blogopara.com.br\/wp-content\/uploads\/2022\/07\/vaquinha.jpg",500,299,false]},"uagb_author_info":{"display_name":"Reda\u00e7\u00e3o geral","author_link":"https:\/\/blogopara.com.br\/index.php\/author\/blogopara"},"uagb_comment_info":0,"uagb_excerpt":"A possibilidade de estouro no teto de gastos fez o governo contingenciar (bloquear) mais R$ 6,739 bilh\u00f5es de gastos n\u00e3o obrigat\u00f3rios do Or\u00e7amento Geral da Uni\u00e3o de 2022, anunciou hoje (22) \u00e0 noite o Minist\u00e9rio da Economia. Segundo a pasta, a decis\u00e3o \u00e9 necess\u00e1ria porque a previs\u00e3o de gastos obrigat\u00f3rios da Uni\u00e3o aumentou em rela\u00e7\u00e3o&hellip;","jetpack_sharing_enabled":true,"jetpack_likes_enabled":true,"_links":{"self":[{"href":"https:\/\/blogopara.com.br\/index.php\/wp-json\/wp\/v2\/posts\/40021","targetHints":{"allow":["GET"]}}],"collection":[{"href":"https:\/\/blogopara.com.br\/index.php\/wp-json\/wp\/v2\/posts"}],"about":[{"href":"https:\/\/blogopara.com.br\/index.php\/wp-json\/wp\/v2\/types\/post"}],"author":[{"embeddable":true,"href":"https:\/\/blogopara.com.br\/index.php\/wp-json\/wp\/v2\/users\/1"}],"replies":[{"embeddable":true,"href":"https:\/\/blogopara.com.br\/index.php\/wp-json\/wp\/v2\/comments?post=40021"}],"version-history":[{"count":2,"href":"https:\/\/blogopara.com.br\/index.php\/wp-json\/wp\/v2\/posts\/40021\/revisions"}],"predecessor-version":[{"id":40023,"href":"https:\/\/blogopara.com.br\/index.php\/wp-json\/wp\/v2\/posts\/40021\/revisions\/40023"}],"wp:featuredmedia":[{"embeddable":true,"href":"https:\/\/blogopara.com.br\/index.php\/wp-json\/wp\/v2\/media\/39858"}],"wp:attachment":[{"href":"https:\/\/blogopara.com.br\/index.php\/wp-json\/wp\/v2\/media?parent=40021"}],"wp:term":[{"taxonomy":"category","embeddable":true,"href":"https:\/\/blogopara.com.br\/index.php\/wp-json\/wp\/v2\/categories?post=40021"},{"taxonomy":"post_tag","embeddable":true,"href":"https:\/\/blogopara.com.br\/index.php\/wp-json\/wp\/v2\/tags?post=40021"}],"curies":[{"name":"wp","href":"https:\/\/api.w.org\/{rel}","templated":true}]}}