{"id":40027,"date":"2022-07-23T18:45:00","date_gmt":"2022-07-23T21:45:00","guid":{"rendered":"https:\/\/blogopara.com.br\/?p=40027"},"modified":"2022-07-22T21:15:29","modified_gmt":"2022-07-23T00:15:29","slug":"autores-locais-lancam-com-sucesso-obras-literarias-durante-2a-edicao-do-flisertao-em-petrolina","status":"publish","type":"post","link":"https:\/\/blogopara.com.br\/index.php\/2022\/07\/23\/autores-locais-lancam-com-sucesso-obras-literarias-durante-2a-edicao-do-flisertao-em-petrolina","title":{"rendered":"Autores locais lan\u00e7am, com sucesso, obras liter\u00e1rias durante 2\u00aa edi\u00e7\u00e3o do FliSert\u00e3o em Petrolina"},"content":{"rendered":"<p style=\"text-align: justify;\">Com um expressivo n\u00famero de escritores locais, Petrolina tem se destacado no universo da escrita e para incentivar cada vez mais a produ\u00e7\u00e3o liter\u00e1ria da regi\u00e3o, a Prefeitura de Petrolina, por meio da Secretaria de Educa\u00e7\u00e3o, Cultura e Esportes, abriu espa\u00e7o para escritores e escritoras locais apresentarem e lan\u00e7arem suas obras durante a segunda edi\u00e7\u00e3o do Festival Liter\u00e1rio do Sert\u00e3o do S\u00e3o Francisco (FliSert\u00e3o) que acontece at\u00e9 este s\u00e1bado (23), no Centro de Conven\u00e7\u00f5es Senador Nilo Coelho.<\/p>\n<p style=\"text-align: justify;\">Ao longo da programa\u00e7\u00e3o do festival, 37 lan\u00e7amentos de livros est\u00e3o previstos para acontecer at\u00e9 o final de semana, sendo que foram cadastradas 60 obras para comercializa\u00e7\u00e3o no estande destinado para 40 escritores locais, e 25 convidados para oito mesas tem\u00e1ticas. Para o professor e escritor H\u00e9lio de Ara\u00fajo, um dos autores participantes desta edi\u00e7\u00e3o, a iniciativa do FliSert\u00e3o \u00e9 extremamente importante por se tratar de um grande evento e bastante movimentado.<\/p>\n<p style=\"text-align: justify;\">\u201c\u00c9 uma \u00f3tima oportunidade dos alunos da rede municipal e demais moradores de Petrolina fazerem contato com uma quantidade expressiva de obras e tamb\u00e9m com o escritor regional. Eu sou um desses escritores e tive a oportunidade de falar no espa\u00e7o destinado a n\u00f3s, onde pude apresentar e falar sobre meus livros, al\u00e9m de manter contato com v\u00e1rios leitores e isso para mim \u00e9 uma alegria\u201d, comemorou o escritor.<\/p>\n<p style=\"text-align: justify;\">Segundo o secret\u00e1rio executivo de Educa\u00e7\u00e3o Integral, e coordenador dos lan\u00e7amentos e comercializa\u00e7\u00e3o das obras de autores e autoras locais, Mois\u00e9s Almeida, \u00e9 muito gratificante proporcionar mais visibilidade a toda a produ\u00e7\u00e3o liter\u00e1ria da regi\u00e3o, com obras das mais variadas tem\u00e1ticas e g\u00eaneros, num evento de grande impacto como o FliSert\u00e3o.<\/p>\n<p style=\"text-align: justify;\">\u201cPara n\u00f3s foi uma \u00f3tima surpresa o crescimento de inscri\u00e7\u00f5es de autores locais, se comparado a primeira edi\u00e7\u00e3o do festival. Isso \u00e9 importante para a Secretaria de Educa\u00e7\u00e3o porque n\u00f3s trabalhamos com literatura, com cultura, e incentivo \u00e0 leitura. Ter os escritores locais no evento tamb\u00e9m \u00e9 fundamental porque estamos montando uma rede de contatos. Alguns desses autores est\u00e3o dispon\u00edveis para irem at\u00e9 as escolas conversar com os estudantes, ent\u00e3o as portas que est\u00e3o sendo abertas aqui s\u00e3o bastante largas\u201d, ressaltou o secret\u00e1rio.<\/p>\n\n\n<p>Ascom PMP<\/p>\n","protected":false},"excerpt":{"rendered":"<p>Com um expressivo n\u00famero de escritores locais, Petrolina tem se destacado no universo da escrita e para incentivar cada vez mais a produ\u00e7\u00e3o liter\u00e1ria da regi\u00e3o, a Prefeitura de Petrolina, por meio da Secretaria de Educa\u00e7\u00e3o, Cultura e Esportes, abriu espa\u00e7o para escritores e escritoras locais apresentarem e lan\u00e7arem suas obras durante a segunda edi\u00e7\u00e3o [&hellip;]<\/p>\n","protected":false},"author":1,"featured_media":40028,"comment_status":"closed","ping_status":"open","sticky":false,"template":"","format":"standard","meta":{"_uag_custom_page_level_css":"","_monsterinsights_skip_tracking":false,"_monsterinsights_sitenote_active":false,"_monsterinsights_sitenote_note":"","_monsterinsights_sitenote_category":0,"jetpack_post_was_ever_published":false,"_jetpack_newsletter_access":"","_jetpack_dont_email_post_to_subs":false,"_jetpack_newsletter_tier_id":0,"_jetpack_memberships_contains_paywalled_content":false,"_jetpack_memberships_contains_paid_content":false,"footnotes":"","jetpack_publicize_message":"","jetpack_publicize_feature_enabled":true,"jetpack_social_post_already_shared":true,"jetpack_social_options":{"image_generator_settings":{"template":"highway","default_image_id":0,"font":"","enabled":false},"version":2}},"categories":[1506],"tags":[],"class_list":["post-40027","post","type-post","status-publish","format-standard","has-post-thumbnail","hentry","category-cultura"],"jetpack_publicize_connections":[],"jetpack_featured_media_url":"https:\/\/blogopara.com.br\/wp-content\/uploads\/2022\/07\/Lancamento-obras-autores-locais-04.jpg","uagb_featured_image_src":{"full":["https:\/\/blogopara.com.br\/wp-content\/uploads\/2022\/07\/Lancamento-obras-autores-locais-04.jpg",500,312,false],"thumbnail":["https:\/\/blogopara.com.br\/wp-content\/uploads\/2022\/07\/Lancamento-obras-autores-locais-04-150x150.jpg",150,150,true],"medium":["https:\/\/blogopara.com.br\/wp-content\/uploads\/2022\/07\/Lancamento-obras-autores-locais-04-300x187.jpg",300,187,true],"medium_large":["https:\/\/blogopara.com.br\/wp-content\/uploads\/2022\/07\/Lancamento-obras-autores-locais-04.jpg",500,312,false],"large":["https:\/\/blogopara.com.br\/wp-content\/uploads\/2022\/07\/Lancamento-obras-autores-locais-04.jpg",500,312,false],"1536x1536":["https:\/\/blogopara.com.br\/wp-content\/uploads\/2022\/07\/Lancamento-obras-autores-locais-04.jpg",500,312,false],"2048x2048":["https:\/\/blogopara.com.br\/wp-content\/uploads\/2022\/07\/Lancamento-obras-autores-locais-04.jpg",500,312,false],"mantranews-slider-large":["https:\/\/blogopara.com.br\/wp-content\/uploads\/2022\/07\/Lancamento-obras-autores-locais-04.jpg",500,312,false],"mantranews-featured-medium":["https:\/\/blogopara.com.br\/wp-content\/uploads\/2022\/07\/Lancamento-obras-autores-locais-04-420x307.jpg",420,307,true],"mantranews-featured-long":["https:\/\/blogopara.com.br\/wp-content\/uploads\/2022\/07\/Lancamento-obras-autores-locais-04-300x312.jpg",300,312,true],"mantranews-block-medium":["https:\/\/blogopara.com.br\/wp-content\/uploads\/2022\/07\/Lancamento-obras-autores-locais-04-464x290.jpg",464,290,true],"mantranews-carousel-image":["https:\/\/blogopara.com.br\/wp-content\/uploads\/2022\/07\/Lancamento-obras-autores-locais-04.jpg",500,312,false],"mantranews-block-thumb":["https:\/\/blogopara.com.br\/wp-content\/uploads\/2022\/07\/Lancamento-obras-autores-locais-04-322x230.jpg",322,230,true],"mantranews-single-large":["https:\/\/blogopara.com.br\/wp-content\/uploads\/2022\/07\/Lancamento-obras-autores-locais-04.jpg",500,312,false]},"uagb_author_info":{"display_name":"Reda\u00e7\u00e3o geral","author_link":"https:\/\/blogopara.com.br\/index.php\/author\/blogopara"},"uagb_comment_info":0,"uagb_excerpt":"Com um expressivo n\u00famero de escritores locais, Petrolina tem se destacado no universo da escrita e para incentivar cada vez mais a produ\u00e7\u00e3o liter\u00e1ria da regi\u00e3o, a Prefeitura de Petrolina, por meio da Secretaria de Educa\u00e7\u00e3o, Cultura e Esportes, abriu espa\u00e7o para escritores e escritoras locais apresentarem e lan\u00e7arem suas obras durante a segunda edi\u00e7\u00e3o&hellip;","jetpack_sharing_enabled":true,"jetpack_likes_enabled":true,"_links":{"self":[{"href":"https:\/\/blogopara.com.br\/index.php\/wp-json\/wp\/v2\/posts\/40027","targetHints":{"allow":["GET"]}}],"collection":[{"href":"https:\/\/blogopara.com.br\/index.php\/wp-json\/wp\/v2\/posts"}],"about":[{"href":"https:\/\/blogopara.com.br\/index.php\/wp-json\/wp\/v2\/types\/post"}],"author":[{"embeddable":true,"href":"https:\/\/blogopara.com.br\/index.php\/wp-json\/wp\/v2\/users\/1"}],"replies":[{"embeddable":true,"href":"https:\/\/blogopara.com.br\/index.php\/wp-json\/wp\/v2\/comments?post=40027"}],"version-history":[{"count":1,"href":"https:\/\/blogopara.com.br\/index.php\/wp-json\/wp\/v2\/posts\/40027\/revisions"}],"predecessor-version":[{"id":40029,"href":"https:\/\/blogopara.com.br\/index.php\/wp-json\/wp\/v2\/posts\/40027\/revisions\/40029"}],"wp:featuredmedia":[{"embeddable":true,"href":"https:\/\/blogopara.com.br\/index.php\/wp-json\/wp\/v2\/media\/40028"}],"wp:attachment":[{"href":"https:\/\/blogopara.com.br\/index.php\/wp-json\/wp\/v2\/media?parent=40027"}],"wp:term":[{"taxonomy":"category","embeddable":true,"href":"https:\/\/blogopara.com.br\/index.php\/wp-json\/wp\/v2\/categories?post=40027"},{"taxonomy":"post_tag","embeddable":true,"href":"https:\/\/blogopara.com.br\/index.php\/wp-json\/wp\/v2\/tags?post=40027"}],"curies":[{"name":"wp","href":"https:\/\/api.w.org\/{rel}","templated":true}]}}