{"id":40042,"date":"2022-07-24T08:45:00","date_gmt":"2022-07-24T11:45:00","guid":{"rendered":"https:\/\/blogopara.com.br\/?p=40042"},"modified":"2022-07-23T23:43:16","modified_gmt":"2022-07-24T02:43:16","slug":"covid-19-brasil-tem-26-mil-novos-casos-e-161-obitos-em-24-horas","status":"publish","type":"post","link":"https:\/\/blogopara.com.br\/index.php\/2022\/07\/24\/covid-19-brasil-tem-26-mil-novos-casos-e-161-obitos-em-24-horas","title":{"rendered":"Covid-19: Brasil tem 26 mil novos casos e 161 \u00f3bitos em 24 horas"},"content":{"rendered":"<div class=\"post-item-wrap\">\n<p style=\"text-align: justify;\">O Minist\u00e9rio da Sa\u00fade divulgou\u00a0hoje\u00a0(23) novos n\u00fameros sobre a pandemia de covid-19 no pa\u00eds. De acordo com levantamento di\u00e1rio feito pela pasta, o Brasil registrou, em 24 horas, 26 mil novos casos da doen\u00e7a e 161\u00a0\u00f3bitos.<img decoding=\"async\" src=\"https:\/\/agenciabrasil.ebc.com.br\/ebc.png?id=1472342&amp;o=node\" \/><img decoding=\"async\" src=\"https:\/\/agenciabrasil.ebc.com.br\/ebc.gif?id=1472342&amp;o=node\" \/><\/p>\n<p style=\"text-align: justify;\">Desde o in\u00edcio da pandemia, o pa\u00eds acumula 33,5 milh\u00f5es de casos confirmados e 676,9\u00a0mil mortes registradas. Os casos de recuperados somam 31,9\u00a0milh\u00f5es (95% dos casos).<\/p>\n<div class=\"dnd-widget-wrapper context-cheio_8colunas type-image\" style=\"text-align: justify;\">\n<div class=\"dnd-atom-rendered\">\n<div class=\"shadow overflow-hidden rounded-lg d-block zoom-on-hover-sm shadow-hover w-100\">\u00a0<\/div>\n<\/div>\n<div class=\"dnd-caption-wrapper\">\n<div class=\"meta\">Covid-19 &#8211; <strong>23\/07\/2022\/Divulga\u00e7\u00e3o\/ Minist\u00e9rio da Sa\u00fade<\/strong><\/div>\n<\/div>\n<\/div>\n<p style=\"text-align: justify;\">O estado de S\u00e3o Paulo tem o maior n\u00famero de casos acumulados, com 5,8 milh\u00f5es de casos e 172,5\u00a0mil \u00f3bitos. Em seguida est\u00e3o Minas Gerais (3,7 milh\u00f5es de casos e 62,7 mil \u00f3bitos); Paran\u00e1 (2,6 milh\u00f5es de casos e 44,3 mil \u00f3bitos) e Rio Grande do Sul (2,6 milh\u00f5es de casos e 40,3 mil \u00f3bitos).<\/p>\n<h2 style=\"text-align: justify;\">Vacina\u00e7\u00e3o\u00a0<\/h2>\n<p style=\"text-align: justify;\">Conforme o vacin\u00f4metro do Minist\u00e9rio da Sa\u00fade, 461,7 milh\u00f5es de doses de vacinas contra contra a covid-19 j\u00e1 foram aplicadas, sendo 177,9 milh\u00f5es da primeira dose; 158,8\u00a0milh\u00f5es da\u00a0segunda\u00a0dose, al\u00e9m de 100,4 milh\u00f5es da primeira dose de refor\u00e7o e 15\u00a0milh\u00f5es da\u00a0segunda\u00a0dose de refor\u00e7o.<\/p>\n<\/div>\n\n\n<p>Agencia Brasil<\/p>\n","protected":false},"excerpt":{"rendered":"<p>O Minist\u00e9rio da Sa\u00fade divulgou\u00a0hoje\u00a0(23) novos n\u00fameros sobre a pandemia de covid-19 no pa\u00eds. De acordo com levantamento di\u00e1rio feito pela pasta, o Brasil registrou, em 24 horas, 26 mil novos casos da doen\u00e7a e 161\u00a0\u00f3bitos. Desde o in\u00edcio da pandemia, o pa\u00eds acumula 33,5 milh\u00f5es de casos confirmados e 676,9\u00a0mil mortes registradas. Os casos [&hellip;]<\/p>\n","protected":false},"author":1,"featured_media":40043,"comment_status":"closed","ping_status":"open","sticky":false,"template":"","format":"standard","meta":{"_uag_custom_page_level_css":"","_monsterinsights_skip_tracking":false,"_monsterinsights_sitenote_active":false,"_monsterinsights_sitenote_note":"","_monsterinsights_sitenote_category":0,"jetpack_post_was_ever_published":false,"_jetpack_newsletter_access":"","_jetpack_dont_email_post_to_subs":false,"_jetpack_newsletter_tier_id":0,"_jetpack_memberships_contains_paywalled_content":false,"_jetpack_memberships_contains_paid_content":false,"footnotes":"","jetpack_publicize_message":"","jetpack_publicize_feature_enabled":true,"jetpack_social_post_already_shared":true,"jetpack_social_options":{"image_generator_settings":{"template":"highway","default_image_id":0,"font":"","enabled":false},"version":2}},"categories":[205],"tags":[],"class_list":["post-40042","post","type-post","status-publish","format-standard","has-post-thumbnail","hentry","category-saude"],"jetpack_publicize_connections":[],"jetpack_featured_media_url":"https:\/\/blogopara.com.br\/wp-content\/uploads\/2022\/07\/covid_2307.jpg","uagb_featured_image_src":{"full":["https:\/\/blogopara.com.br\/wp-content\/uploads\/2022\/07\/covid_2307.jpg",500,281,false],"thumbnail":["https:\/\/blogopara.com.br\/wp-content\/uploads\/2022\/07\/covid_2307-150x150.jpg",150,150,true],"medium":["https:\/\/blogopara.com.br\/wp-content\/uploads\/2022\/07\/covid_2307-300x169.jpg",300,169,true],"medium_large":["https:\/\/blogopara.com.br\/wp-content\/uploads\/2022\/07\/covid_2307.jpg",500,281,false],"large":["https:\/\/blogopara.com.br\/wp-content\/uploads\/2022\/07\/covid_2307.jpg",500,281,false],"1536x1536":["https:\/\/blogopara.com.br\/wp-content\/uploads\/2022\/07\/covid_2307.jpg",500,281,false],"2048x2048":["https:\/\/blogopara.com.br\/wp-content\/uploads\/2022\/07\/covid_2307.jpg",500,281,false],"mantranews-slider-large":["https:\/\/blogopara.com.br\/wp-content\/uploads\/2022\/07\/covid_2307.jpg",500,281,false],"mantranews-featured-medium":["https:\/\/blogopara.com.br\/wp-content\/uploads\/2022\/07\/covid_2307-420x281.jpg",420,281,true],"mantranews-featured-long":["https:\/\/blogopara.com.br\/wp-content\/uploads\/2022\/07\/covid_2307-300x281.jpg",300,281,true],"mantranews-block-medium":["https:\/\/blogopara.com.br\/wp-content\/uploads\/2022\/07\/covid_2307-464x281.jpg",464,281,true],"mantranews-carousel-image":["https:\/\/blogopara.com.br\/wp-content\/uploads\/2022\/07\/covid_2307.jpg",500,281,false],"mantranews-block-thumb":["https:\/\/blogopara.com.br\/wp-content\/uploads\/2022\/07\/covid_2307-322x230.jpg",322,230,true],"mantranews-single-large":["https:\/\/blogopara.com.br\/wp-content\/uploads\/2022\/07\/covid_2307.jpg",500,281,false]},"uagb_author_info":{"display_name":"Reda\u00e7\u00e3o geral","author_link":"https:\/\/blogopara.com.br\/index.php\/author\/blogopara"},"uagb_comment_info":0,"uagb_excerpt":"O Minist\u00e9rio da Sa\u00fade divulgou\u00a0hoje\u00a0(23) novos n\u00fameros sobre a pandemia de covid-19 no pa\u00eds. De acordo com levantamento di\u00e1rio feito pela pasta, o Brasil registrou, em 24 horas, 26 mil novos casos da doen\u00e7a e 161\u00a0\u00f3bitos. Desde o in\u00edcio da pandemia, o pa\u00eds acumula 33,5 milh\u00f5es de casos confirmados e 676,9\u00a0mil mortes registradas. Os casos&hellip;","jetpack_sharing_enabled":true,"jetpack_likes_enabled":true,"_links":{"self":[{"href":"https:\/\/blogopara.com.br\/index.php\/wp-json\/wp\/v2\/posts\/40042","targetHints":{"allow":["GET"]}}],"collection":[{"href":"https:\/\/blogopara.com.br\/index.php\/wp-json\/wp\/v2\/posts"}],"about":[{"href":"https:\/\/blogopara.com.br\/index.php\/wp-json\/wp\/v2\/types\/post"}],"author":[{"embeddable":true,"href":"https:\/\/blogopara.com.br\/index.php\/wp-json\/wp\/v2\/users\/1"}],"replies":[{"embeddable":true,"href":"https:\/\/blogopara.com.br\/index.php\/wp-json\/wp\/v2\/comments?post=40042"}],"version-history":[{"count":1,"href":"https:\/\/blogopara.com.br\/index.php\/wp-json\/wp\/v2\/posts\/40042\/revisions"}],"predecessor-version":[{"id":40044,"href":"https:\/\/blogopara.com.br\/index.php\/wp-json\/wp\/v2\/posts\/40042\/revisions\/40044"}],"wp:featuredmedia":[{"embeddable":true,"href":"https:\/\/blogopara.com.br\/index.php\/wp-json\/wp\/v2\/media\/40043"}],"wp:attachment":[{"href":"https:\/\/blogopara.com.br\/index.php\/wp-json\/wp\/v2\/media?parent=40042"}],"wp:term":[{"taxonomy":"category","embeddable":true,"href":"https:\/\/blogopara.com.br\/index.php\/wp-json\/wp\/v2\/categories?post=40042"},{"taxonomy":"post_tag","embeddable":true,"href":"https:\/\/blogopara.com.br\/index.php\/wp-json\/wp\/v2\/tags?post=40042"}],"curies":[{"name":"wp","href":"https:\/\/api.w.org\/{rel}","templated":true}]}}