{"id":40143,"date":"2022-07-27T11:45:00","date_gmt":"2022-07-27T14:45:00","guid":{"rendered":"https:\/\/blogopara.com.br\/?p=40143"},"modified":"2022-07-26T21:21:52","modified_gmt":"2022-07-27T00:21:52","slug":"qualifica-petrolina-prefeitura-abre-inscricoes-para-aulas-de-violao","status":"publish","type":"post","link":"https:\/\/blogopara.com.br\/index.php\/2022\/07\/27\/qualifica-petrolina-prefeitura-abre-inscricoes-para-aulas-de-violao","title":{"rendered":"Qualifica Petrolina: Prefeitura abre inscri\u00e7\u00f5es para aulas de viol\u00e3o"},"content":{"rendered":"<p style=\"text-align: justify;\">A Prefeitura de Petrolina, atrav\u00e9s da Secretaria de Desenvolvimento Social e Direitos Humanos (SEDESDH), iniciou nesta ter\u00e7a-feira (26) \u00e0s inscri\u00e7\u00f5es para o curso de viol\u00e3o do programa \u2018Qualifica Petrolina\u2019.<\/p>\n<p style=\"text-align: justify;\">De acordo com a secret\u00e1ria da SEDESDH, Doriane Secchi Mascarelo, ser\u00e3o disponibilizadas 20 vagas com direito a certificado. <i>\u201cAs aulas ocorrer\u00e3o \u00e0s ter\u00e7as e quintas no per\u00edodo da manh\u00e3 e ter\u00e3o dura\u00e7\u00e3o de 3 meses\u201d,<\/i> disse.<\/p>\n<p style=\"text-align: justify;\">Para se candidatar a uma das vagas \u00e9 necess\u00e1rio ter idade a partir de 12 anos e apresentar no ato da inscri\u00e7\u00e3o o n\u00famero do NIS; xerox de RG, CPF e comprovante de resid\u00eancia. Os interessados podem se dirigir at\u00e9 a Escola Social de Qualifica\u00e7\u00e3o Profissional ou a Secretaria Executiva da Juventude, Direitos Humanos, Mulher e Acessibilidade, localizada na Av. Gilberto Freire, S\/N\u00ba, Vila Moc\u00f3 (Pr\u00f3ximo do SESI), das 8h \u00e0s 12h.<\/p>\n<p style=\"text-align: justify;\"><b>Servi\u00e7o:<\/b><\/p>\n<p style=\"text-align: justify;\">Inscri\u00e7\u00f5es: de 26\/07 a 03\/08<\/p>\n<p style=\"text-align: justify;\">In\u00edcio das aulas: 09\/08<\/p>\n<p style=\"text-align: justify;\">Local das aulas: Escola Social de Qualifica\u00e7\u00e3o Profissional \u2013 BR 407, N\u00ba 571, bairro Cohab Massangano<\/p>\n<p style=\"text-align: justify;\">Classifica\u00e7\u00e3o: jovens a partir de 12 anos<\/p>\n<p style=\"text-align: justify;\">Mais informa\u00e7\u00f5es: (87) 3862-1508<\/p>\n\n\n<p>Ascom PMP<\/p>\n","protected":false},"excerpt":{"rendered":"<p>A Prefeitura de Petrolina, atrav\u00e9s da Secretaria de Desenvolvimento Social e Direitos Humanos (SEDESDH), iniciou nesta ter\u00e7a-feira (26) \u00e0s inscri\u00e7\u00f5es para o curso de viol\u00e3o do programa \u2018Qualifica Petrolina\u2019. De acordo com a secret\u00e1ria da SEDESDH, Doriane Secchi Mascarelo, ser\u00e3o disponibilizadas 20 vagas com direito a certificado. \u201cAs aulas ocorrer\u00e3o \u00e0s ter\u00e7as e quintas no [&hellip;]<\/p>\n","protected":false},"author":1,"featured_media":40144,"comment_status":"closed","ping_status":"open","sticky":false,"template":"","format":"standard","meta":{"_uag_custom_page_level_css":"","_monsterinsights_skip_tracking":false,"_monsterinsights_sitenote_active":false,"_monsterinsights_sitenote_note":"","_monsterinsights_sitenote_category":0,"jetpack_post_was_ever_published":false,"_jetpack_newsletter_access":"","_jetpack_dont_email_post_to_subs":false,"_jetpack_newsletter_tier_id":0,"_jetpack_memberships_contains_paywalled_content":false,"_jetpack_memberships_contains_paid_content":false,"footnotes":"","jetpack_publicize_message":"","jetpack_publicize_feature_enabled":true,"jetpack_social_post_already_shared":true,"jetpack_social_options":{"image_generator_settings":{"template":"highway","default_image_id":0,"font":"","enabled":false},"version":2}},"categories":[204],"tags":[2478],"class_list":["post-40143","post","type-post","status-publish","format-standard","has-post-thumbnail","hentry","category-social","tag-petrolina-pe"],"jetpack_publicize_connections":[],"jetpack_featured_media_url":"https:\/\/blogopara.com.br\/wp-content\/uploads\/2022\/07\/Qualifica-Petrolina.jpg","uagb_featured_image_src":{"full":["https:\/\/blogopara.com.br\/wp-content\/uploads\/2022\/07\/Qualifica-Petrolina.jpg",500,331,false],"thumbnail":["https:\/\/blogopara.com.br\/wp-content\/uploads\/2022\/07\/Qualifica-Petrolina-150x150.jpg",150,150,true],"medium":["https:\/\/blogopara.com.br\/wp-content\/uploads\/2022\/07\/Qualifica-Petrolina-300x199.jpg",300,199,true],"medium_large":["https:\/\/blogopara.com.br\/wp-content\/uploads\/2022\/07\/Qualifica-Petrolina.jpg",500,331,false],"large":["https:\/\/blogopara.com.br\/wp-content\/uploads\/2022\/07\/Qualifica-Petrolina.jpg",500,331,false],"1536x1536":["https:\/\/blogopara.com.br\/wp-content\/uploads\/2022\/07\/Qualifica-Petrolina.jpg",500,331,false],"2048x2048":["https:\/\/blogopara.com.br\/wp-content\/uploads\/2022\/07\/Qualifica-Petrolina.jpg",500,331,false],"mantranews-slider-large":["https:\/\/blogopara.com.br\/wp-content\/uploads\/2022\/07\/Qualifica-Petrolina.jpg",500,331,false],"mantranews-featured-medium":["https:\/\/blogopara.com.br\/wp-content\/uploads\/2022\/07\/Qualifica-Petrolina-420x307.jpg",420,307,true],"mantranews-featured-long":["https:\/\/blogopara.com.br\/wp-content\/uploads\/2022\/07\/Qualifica-Petrolina-300x331.jpg",300,331,true],"mantranews-block-medium":["https:\/\/blogopara.com.br\/wp-content\/uploads\/2022\/07\/Qualifica-Petrolina-464x290.jpg",464,290,true],"mantranews-carousel-image":["https:\/\/blogopara.com.br\/wp-content\/uploads\/2022\/07\/Qualifica-Petrolina.jpg",500,331,false],"mantranews-block-thumb":["https:\/\/blogopara.com.br\/wp-content\/uploads\/2022\/07\/Qualifica-Petrolina-322x230.jpg",322,230,true],"mantranews-single-large":["https:\/\/blogopara.com.br\/wp-content\/uploads\/2022\/07\/Qualifica-Petrolina.jpg",500,331,false]},"uagb_author_info":{"display_name":"Reda\u00e7\u00e3o geral","author_link":"https:\/\/blogopara.com.br\/index.php\/author\/blogopara"},"uagb_comment_info":0,"uagb_excerpt":"A Prefeitura de Petrolina, atrav\u00e9s da Secretaria de Desenvolvimento Social e Direitos Humanos (SEDESDH), iniciou nesta ter\u00e7a-feira (26) \u00e0s inscri\u00e7\u00f5es para o curso de viol\u00e3o do programa \u2018Qualifica Petrolina\u2019. De acordo com a secret\u00e1ria da SEDESDH, Doriane Secchi Mascarelo, ser\u00e3o disponibilizadas 20 vagas com direito a certificado. \u201cAs aulas ocorrer\u00e3o \u00e0s ter\u00e7as e quintas no&hellip;","jetpack_sharing_enabled":true,"jetpack_likes_enabled":true,"_links":{"self":[{"href":"https:\/\/blogopara.com.br\/index.php\/wp-json\/wp\/v2\/posts\/40143","targetHints":{"allow":["GET"]}}],"collection":[{"href":"https:\/\/blogopara.com.br\/index.php\/wp-json\/wp\/v2\/posts"}],"about":[{"href":"https:\/\/blogopara.com.br\/index.php\/wp-json\/wp\/v2\/types\/post"}],"author":[{"embeddable":true,"href":"https:\/\/blogopara.com.br\/index.php\/wp-json\/wp\/v2\/users\/1"}],"replies":[{"embeddable":true,"href":"https:\/\/blogopara.com.br\/index.php\/wp-json\/wp\/v2\/comments?post=40143"}],"version-history":[{"count":1,"href":"https:\/\/blogopara.com.br\/index.php\/wp-json\/wp\/v2\/posts\/40143\/revisions"}],"predecessor-version":[{"id":40145,"href":"https:\/\/blogopara.com.br\/index.php\/wp-json\/wp\/v2\/posts\/40143\/revisions\/40145"}],"wp:featuredmedia":[{"embeddable":true,"href":"https:\/\/blogopara.com.br\/index.php\/wp-json\/wp\/v2\/media\/40144"}],"wp:attachment":[{"href":"https:\/\/blogopara.com.br\/index.php\/wp-json\/wp\/v2\/media?parent=40143"}],"wp:term":[{"taxonomy":"category","embeddable":true,"href":"https:\/\/blogopara.com.br\/index.php\/wp-json\/wp\/v2\/categories?post=40143"},{"taxonomy":"post_tag","embeddable":true,"href":"https:\/\/blogopara.com.br\/index.php\/wp-json\/wp\/v2\/tags?post=40143"}],"curies":[{"name":"wp","href":"https:\/\/api.w.org\/{rel}","templated":true}]}}