{"id":40149,"date":"2022-07-27T14:42:00","date_gmt":"2022-07-27T17:42:00","guid":{"rendered":"https:\/\/blogopara.com.br\/?p=40149"},"modified":"2022-07-26T21:29:58","modified_gmt":"2022-07-27T00:29:58","slug":"gestores-de-escolas-municipais-de-juazeiro-que-ofertam-tecnicas-agricolas-participam-de-momento-formativo","status":"publish","type":"post","link":"https:\/\/blogopara.com.br\/index.php\/2022\/07\/27\/gestores-de-escolas-municipais-de-juazeiro-que-ofertam-tecnicas-agricolas-participam-de-momento-formativo","title":{"rendered":"Gestores de escolas municipais de Juazeiro que ofertam \u2018T\u00e9cnicas Agr\u00edcolas&#8217; participam de momento formativo"},"content":{"rendered":"<p style=\"text-align: justify;\">Gestores, vice-gestores e professores de escolas da rede municipal que ofertam a disciplina de \u2018T\u00e9cnicas Agr\u00edcolas&#8217; entre os componentes curriculares, participaram, nesta ter\u00e7a-feira (26), de uma forma\u00e7\u00e3o promovida *pela* Prefeitura de Juazeiro, atrav\u00e9s da Secretaria de Educa\u00e7\u00e3o e Juventude (Seduc). A a\u00e7\u00e3o integra as atividades do Programa Despertar, que \u00e9 desenvolvido em parceria com o Servi\u00e7o Nacional de Aprendizagem Rural (Senar\/BA).<\/p>\n<p style=\"text-align: justify;\">Na reuni\u00e3o, foi discutida uma s\u00e9rie de atividades que beneficiar\u00e3o os estudantes *e a* comunidade local. O tema norteador do projeto este ano \u00e9 \u201cEduca\u00e7\u00e3o Empreendedora e Cooperativismo: Pr\u00e1ticas Sociais para a Vida em Comunidade\u201d.<\/p>\n<p style=\"text-align: justify;\">De acordo com Lusil\u00eana Pires, coordenadora de Programas e Projetos Educacionais da Seduc, esse investimento na educa\u00e7\u00e3o do campo \u00e9 importante, pois promovendo conhecimento t\u00e9cnico e pr\u00e1tico sobre agricultura, empreendedorismo e corporativismo, os jovens cuidar\u00e3o bem do pr\u00f3prio lugar em que vivem. \u201cPromover esta disciplina nas escolas \u00e9 essencial para criar cidad\u00e3os conscientes e comprometidos com o meio ambiente\u201d, salienta a coordenadora.<\/p>\n<p style=\"text-align: justify;\"><strong>Teoria e pr\u00e1tica<\/strong><\/p>\n<p style=\"text-align: justify;\">O professor Carlos Levy, da Escola Municipal Rural de Tempo Integral S\u00e3o Jos\u00e9 no NH-4, em Itamotinga, desenvolve a chamada \u2018horta pedag\u00f3gica\u2019. \u201cJ\u00e1 estamos produzindo r\u00facula, coentro, milho. Temos tamb\u00e9m nosso pr\u00f3prio sistema de irriga\u00e7\u00e3o\u201d, explica o professor.\u00a0<\/p>\n<p style=\"text-align: justify;\">Carlos Levy ressalta que quem faz o plantio e cuidado s\u00e3o os pr\u00f3prios alunos, que se empenham em ajudar. \u201cEm \u2018T\u00e9cnicas Agr\u00edcolas\u2019, n\u00f3s desenvolvemos o que eles j\u00e1 trazem de suas comunidades e das experi\u00eancias em fam\u00edlia. Acredito que esses treinamentos promovidos pela Seduc d\u00e3o suporte para melhorar ainda mais nosso trabalho com os alunos e com toda a comunidade\u201d, finaliza o professor.<\/p>\n\n\n<p>Ascom PMJ<\/p>\n","protected":false},"excerpt":{"rendered":"<p>Gestores, vice-gestores e professores de escolas da rede municipal que ofertam a disciplina de \u2018T\u00e9cnicas Agr\u00edcolas&#8217; entre os componentes curriculares, participaram, nesta ter\u00e7a-feira (26), de uma forma\u00e7\u00e3o promovida *pela* Prefeitura de Juazeiro, atrav\u00e9s da Secretaria de Educa\u00e7\u00e3o e Juventude (Seduc). A a\u00e7\u00e3o integra as atividades do Programa Despertar, que \u00e9 desenvolvido em parceria com o [&hellip;]<\/p>\n","protected":false},"author":1,"featured_media":40150,"comment_status":"closed","ping_status":"open","sticky":false,"template":"","format":"standard","meta":{"_uag_custom_page_level_css":"","_monsterinsights_skip_tracking":false,"_monsterinsights_sitenote_active":false,"_monsterinsights_sitenote_note":"","_monsterinsights_sitenote_category":0,"jetpack_post_was_ever_published":false,"_jetpack_newsletter_access":"","_jetpack_dont_email_post_to_subs":false,"_jetpack_newsletter_tier_id":0,"_jetpack_memberships_contains_paywalled_content":false,"_jetpack_memberships_contains_paid_content":false,"footnotes":"","jetpack_publicize_message":"","jetpack_publicize_feature_enabled":true,"jetpack_social_post_already_shared":true,"jetpack_social_options":{"image_generator_settings":{"template":"highway","default_image_id":0,"font":"","enabled":false},"version":2}},"categories":[209,203],"tags":[],"class_list":["post-40149","post","type-post","status-publish","format-standard","has-post-thumbnail","hentry","category-educacao","category-juazeiro"],"jetpack_publicize_connections":[],"jetpack_featured_media_url":"https:\/\/blogopara.com.br\/wp-content\/uploads\/2022\/07\/SEDUC-1.jpg","uagb_featured_image_src":{"full":["https:\/\/blogopara.com.br\/wp-content\/uploads\/2022\/07\/SEDUC-1.jpg",500,333,false],"thumbnail":["https:\/\/blogopara.com.br\/wp-content\/uploads\/2022\/07\/SEDUC-1-150x150.jpg",150,150,true],"medium":["https:\/\/blogopara.com.br\/wp-content\/uploads\/2022\/07\/SEDUC-1-300x200.jpg",300,200,true],"medium_large":["https:\/\/blogopara.com.br\/wp-content\/uploads\/2022\/07\/SEDUC-1.jpg",500,333,false],"large":["https:\/\/blogopara.com.br\/wp-content\/uploads\/2022\/07\/SEDUC-1.jpg",500,333,false],"1536x1536":["https:\/\/blogopara.com.br\/wp-content\/uploads\/2022\/07\/SEDUC-1.jpg",500,333,false],"2048x2048":["https:\/\/blogopara.com.br\/wp-content\/uploads\/2022\/07\/SEDUC-1.jpg",500,333,false],"mantranews-slider-large":["https:\/\/blogopara.com.br\/wp-content\/uploads\/2022\/07\/SEDUC-1.jpg",500,333,false],"mantranews-featured-medium":["https:\/\/blogopara.com.br\/wp-content\/uploads\/2022\/07\/SEDUC-1-420x307.jpg",420,307,true],"mantranews-featured-long":["https:\/\/blogopara.com.br\/wp-content\/uploads\/2022\/07\/SEDUC-1-300x333.jpg",300,333,true],"mantranews-block-medium":["https:\/\/blogopara.com.br\/wp-content\/uploads\/2022\/07\/SEDUC-1-464x290.jpg",464,290,true],"mantranews-carousel-image":["https:\/\/blogopara.com.br\/wp-content\/uploads\/2022\/07\/SEDUC-1.jpg",500,333,false],"mantranews-block-thumb":["https:\/\/blogopara.com.br\/wp-content\/uploads\/2022\/07\/SEDUC-1-322x230.jpg",322,230,true],"mantranews-single-large":["https:\/\/blogopara.com.br\/wp-content\/uploads\/2022\/07\/SEDUC-1.jpg",500,333,false]},"uagb_author_info":{"display_name":"Reda\u00e7\u00e3o geral","author_link":"https:\/\/blogopara.com.br\/index.php\/author\/blogopara"},"uagb_comment_info":0,"uagb_excerpt":"Gestores, vice-gestores e professores de escolas da rede municipal que ofertam a disciplina de \u2018T\u00e9cnicas Agr\u00edcolas&#8217; entre os componentes curriculares, participaram, nesta ter\u00e7a-feira (26), de uma forma\u00e7\u00e3o promovida *pela* Prefeitura de Juazeiro, atrav\u00e9s da Secretaria de Educa\u00e7\u00e3o e Juventude (Seduc). A a\u00e7\u00e3o integra as atividades do Programa Despertar, que \u00e9 desenvolvido em parceria com o&hellip;","jetpack_sharing_enabled":true,"jetpack_likes_enabled":true,"_links":{"self":[{"href":"https:\/\/blogopara.com.br\/index.php\/wp-json\/wp\/v2\/posts\/40149","targetHints":{"allow":["GET"]}}],"collection":[{"href":"https:\/\/blogopara.com.br\/index.php\/wp-json\/wp\/v2\/posts"}],"about":[{"href":"https:\/\/blogopara.com.br\/index.php\/wp-json\/wp\/v2\/types\/post"}],"author":[{"embeddable":true,"href":"https:\/\/blogopara.com.br\/index.php\/wp-json\/wp\/v2\/users\/1"}],"replies":[{"embeddable":true,"href":"https:\/\/blogopara.com.br\/index.php\/wp-json\/wp\/v2\/comments?post=40149"}],"version-history":[{"count":1,"href":"https:\/\/blogopara.com.br\/index.php\/wp-json\/wp\/v2\/posts\/40149\/revisions"}],"predecessor-version":[{"id":40151,"href":"https:\/\/blogopara.com.br\/index.php\/wp-json\/wp\/v2\/posts\/40149\/revisions\/40151"}],"wp:featuredmedia":[{"embeddable":true,"href":"https:\/\/blogopara.com.br\/index.php\/wp-json\/wp\/v2\/media\/40150"}],"wp:attachment":[{"href":"https:\/\/blogopara.com.br\/index.php\/wp-json\/wp\/v2\/media?parent=40149"}],"wp:term":[{"taxonomy":"category","embeddable":true,"href":"https:\/\/blogopara.com.br\/index.php\/wp-json\/wp\/v2\/categories?post=40149"},{"taxonomy":"post_tag","embeddable":true,"href":"https:\/\/blogopara.com.br\/index.php\/wp-json\/wp\/v2\/tags?post=40149"}],"curies":[{"name":"wp","href":"https:\/\/api.w.org\/{rel}","templated":true}]}}