{"id":40152,"date":"2022-07-27T16:45:00","date_gmt":"2022-07-27T19:45:00","guid":{"rendered":"https:\/\/blogopara.com.br\/?p=40152"},"modified":"2022-07-27T09:40:45","modified_gmt":"2022-07-27T12:40:45","slug":"acoes-voltadas-para-primeira-infancia-sao-discutidas-em-petrolina","status":"publish","type":"post","link":"https:\/\/blogopara.com.br\/index.php\/2022\/07\/27\/acoes-voltadas-para-primeira-infancia-sao-discutidas-em-petrolina","title":{"rendered":"A\u00e7\u00f5es voltadas para Primeira Inf\u00e2ncia s\u00e3o discutidas em Petrolina"},"content":{"rendered":"<p style=\"text-align: justify;\">Direito de brincar, de ter acesso a sa\u00fade, educa\u00e7\u00e3o, cidadania e de ser prioridade nas pol\u00edticas p\u00fablicas. Essas s\u00e3o algumas das linhas que tecem o Marco Legal da Primeira Inf\u00e2ncia, per\u00edodo da vida que compreende do nascimento at\u00e9 os seis anos de idade e que deve determinar a implementa\u00e7\u00e3o de diretrizes e estrat\u00e9gias especificas para esse p\u00fablico. Em Petrolina, a Prefeitura, de modo intersetorial, est\u00e1 trabalhando na constru\u00e7\u00e3o do Plano Municipal da Primeira Inf\u00e2ncia, com o objetivo de garantir direitos essenciais para as crian\u00e7as, e vai realizar nesta quinta-feira (28), o 1\u00ba F\u00f3rum, que \u00e9 uma das etapas desta elabora\u00e7\u00e3o, com a escuta das crian\u00e7as, pais, representantes de diversas secretarias e entidades p\u00fablicas.<\/p>\n<p style=\"text-align: justify;\">A secret\u00e1ria Executiva da Primeira Inf\u00e2ncia, Poliana de Castro, pontua que momentos como este s\u00e3o de grande import\u00e2ncia para a consolida\u00e7\u00e3o de diversas a\u00e7\u00f5es elaboradas para proporcionar, de forma efetiva, o desenvolvimento da crian\u00e7a.\u201c<em>A finalidade do F\u00f3rum \u00e9 fazer com que diversos segmentos dialoguem em prol de objetivos em comum, que s\u00e3o o de proteger nossas crian\u00e7as, garantir a possibilidade de que elas desfrutem dessa fase de forma sadia e feliz e ter a cidade preparada para garantir todas essas condi\u00e7\u00f5es. O nosso papel \u00e9 dar as m\u00e3os e trabalharmos, de modo eficaz, para que haja \u00eaxito e efici\u00eancia nas a\u00e7\u00f5es para a primeira inf\u00e2ncia<\/em>&#8220;, ressalta Poliana.<\/p>\n<p style=\"text-align: justify;\">F\u00f3rum<\/p>\n<p style=\"text-align: justify;\">O evento \u00e9 aberto ao p\u00fablico, n\u00e3o paga nada para participar e ser\u00e1 realizado na FACAPE, que fica localizada na Cidade Universit\u00e1rio. O F\u00f3rum acontece das 8h \u00e0s 11h20.<\/p>\n<p>Ascom Seduce\/PMP<\/p>\n","protected":false},"excerpt":{"rendered":"<p>Direito de brincar, de ter acesso a sa\u00fade, educa\u00e7\u00e3o, cidadania e de ser prioridade nas pol\u00edticas p\u00fablicas. Essas s\u00e3o algumas das linhas que tecem o Marco Legal da Primeira Inf\u00e2ncia, per\u00edodo da vida que compreende do nascimento at\u00e9 os seis anos de idade e que deve determinar a implementa\u00e7\u00e3o de diretrizes e estrat\u00e9gias especificas para [&hellip;]<\/p>\n","protected":false},"author":1,"featured_media":40153,"comment_status":"closed","ping_status":"open","sticky":false,"template":"","format":"standard","meta":{"_uag_custom_page_level_css":"","_monsterinsights_skip_tracking":false,"_monsterinsights_sitenote_active":false,"_monsterinsights_sitenote_note":"","_monsterinsights_sitenote_category":0,"jetpack_post_was_ever_published":false,"_jetpack_newsletter_access":"","_jetpack_dont_email_post_to_subs":false,"_jetpack_newsletter_tier_id":0,"_jetpack_memberships_contains_paywalled_content":false,"_jetpack_memberships_contains_paid_content":false,"footnotes":"","jetpack_publicize_message":"","jetpack_publicize_feature_enabled":true,"jetpack_social_post_already_shared":true,"jetpack_social_options":{"image_generator_settings":{"template":"highway","default_image_id":0,"font":"","enabled":false},"version":2}},"categories":[209],"tags":[2478],"class_list":["post-40152","post","type-post","status-publish","format-standard","has-post-thumbnail","hentry","category-educacao","tag-petrolina-pe"],"jetpack_publicize_connections":[],"jetpack_featured_media_url":"https:\/\/blogopara.com.br\/wp-content\/uploads\/2022\/07\/Seduc1.jpg","uagb_featured_image_src":{"full":["https:\/\/blogopara.com.br\/wp-content\/uploads\/2022\/07\/Seduc1.jpg",500,333,false],"thumbnail":["https:\/\/blogopara.com.br\/wp-content\/uploads\/2022\/07\/Seduc1-150x150.jpg",150,150,true],"medium":["https:\/\/blogopara.com.br\/wp-content\/uploads\/2022\/07\/Seduc1-300x200.jpg",300,200,true],"medium_large":["https:\/\/blogopara.com.br\/wp-content\/uploads\/2022\/07\/Seduc1.jpg",500,333,false],"large":["https:\/\/blogopara.com.br\/wp-content\/uploads\/2022\/07\/Seduc1.jpg",500,333,false],"1536x1536":["https:\/\/blogopara.com.br\/wp-content\/uploads\/2022\/07\/Seduc1.jpg",500,333,false],"2048x2048":["https:\/\/blogopara.com.br\/wp-content\/uploads\/2022\/07\/Seduc1.jpg",500,333,false],"mantranews-slider-large":["https:\/\/blogopara.com.br\/wp-content\/uploads\/2022\/07\/Seduc1.jpg",500,333,false],"mantranews-featured-medium":["https:\/\/blogopara.com.br\/wp-content\/uploads\/2022\/07\/Seduc1-420x307.jpg",420,307,true],"mantranews-featured-long":["https:\/\/blogopara.com.br\/wp-content\/uploads\/2022\/07\/Seduc1-300x333.jpg",300,333,true],"mantranews-block-medium":["https:\/\/blogopara.com.br\/wp-content\/uploads\/2022\/07\/Seduc1-464x290.jpg",464,290,true],"mantranews-carousel-image":["https:\/\/blogopara.com.br\/wp-content\/uploads\/2022\/07\/Seduc1.jpg",500,333,false],"mantranews-block-thumb":["https:\/\/blogopara.com.br\/wp-content\/uploads\/2022\/07\/Seduc1-322x230.jpg",322,230,true],"mantranews-single-large":["https:\/\/blogopara.com.br\/wp-content\/uploads\/2022\/07\/Seduc1.jpg",500,333,false]},"uagb_author_info":{"display_name":"Reda\u00e7\u00e3o geral","author_link":"https:\/\/blogopara.com.br\/index.php\/author\/blogopara"},"uagb_comment_info":0,"uagb_excerpt":"Direito de brincar, de ter acesso a sa\u00fade, educa\u00e7\u00e3o, cidadania e de ser prioridade nas pol\u00edticas p\u00fablicas. Essas s\u00e3o algumas das linhas que tecem o Marco Legal da Primeira Inf\u00e2ncia, per\u00edodo da vida que compreende do nascimento at\u00e9 os seis anos de idade e que deve determinar a implementa\u00e7\u00e3o de diretrizes e estrat\u00e9gias especificas para&hellip;","jetpack_sharing_enabled":true,"jetpack_likes_enabled":true,"_links":{"self":[{"href":"https:\/\/blogopara.com.br\/index.php\/wp-json\/wp\/v2\/posts\/40152","targetHints":{"allow":["GET"]}}],"collection":[{"href":"https:\/\/blogopara.com.br\/index.php\/wp-json\/wp\/v2\/posts"}],"about":[{"href":"https:\/\/blogopara.com.br\/index.php\/wp-json\/wp\/v2\/types\/post"}],"author":[{"embeddable":true,"href":"https:\/\/blogopara.com.br\/index.php\/wp-json\/wp\/v2\/users\/1"}],"replies":[{"embeddable":true,"href":"https:\/\/blogopara.com.br\/index.php\/wp-json\/wp\/v2\/comments?post=40152"}],"version-history":[{"count":1,"href":"https:\/\/blogopara.com.br\/index.php\/wp-json\/wp\/v2\/posts\/40152\/revisions"}],"predecessor-version":[{"id":40154,"href":"https:\/\/blogopara.com.br\/index.php\/wp-json\/wp\/v2\/posts\/40152\/revisions\/40154"}],"wp:featuredmedia":[{"embeddable":true,"href":"https:\/\/blogopara.com.br\/index.php\/wp-json\/wp\/v2\/media\/40153"}],"wp:attachment":[{"href":"https:\/\/blogopara.com.br\/index.php\/wp-json\/wp\/v2\/media?parent=40152"}],"wp:term":[{"taxonomy":"category","embeddable":true,"href":"https:\/\/blogopara.com.br\/index.php\/wp-json\/wp\/v2\/categories?post=40152"},{"taxonomy":"post_tag","embeddable":true,"href":"https:\/\/blogopara.com.br\/index.php\/wp-json\/wp\/v2\/tags?post=40152"}],"curies":[{"name":"wp","href":"https:\/\/api.w.org\/{rel}","templated":true}]}}