{"id":40159,"date":"2022-07-27T18:39:00","date_gmt":"2022-07-27T21:39:00","guid":{"rendered":"https:\/\/blogopara.com.br\/?p=40159"},"modified":"2022-07-27T10:13:59","modified_gmt":"2022-07-27T13:13:59","slug":"desalojados-da-transposicao-do-sao-francisco-estao-ha-cinco-anos-sem-agua","status":"publish","type":"post","link":"https:\/\/blogopara.com.br\/index.php\/2022\/07\/27\/desalojados-da-transposicao-do-sao-francisco-estao-ha-cinco-anos-sem-agua","title":{"rendered":"Desalojados da transposi\u00e7\u00e3o do S\u00e3o Francisco  est\u00e3o h\u00e1 cinco anos sem \u00e1gua"},"content":{"rendered":"<div class=\"ub-expand-portion ub-expand-partial\">\n<p style=\"text-align: justify;\">As 18 agrovilas no Nordeste que passaram a receber fam\u00edlias reassentadas a partir de 2015 por causa da constru\u00e7\u00e3o dos canais da transposi\u00e7\u00e3o do rio S\u00e3o Francisco est\u00e3o at\u00e9 hoje sem \u00e1gua para irriga\u00e7\u00e3o. O fornecimento ap\u00f3s a inaugura\u00e7\u00e3o dos primeiros canais estava previsto no contrato assinado para sa\u00edda delas da \u00e1rea onde hoje est\u00e3o os dois eixos da obra. As informa\u00e7\u00f5es s\u00e3o do UOL.<\/p>\n<\/div>\n<div class=\"ub-expand-portion ub-expand-full\">\n<p style=\"text-align: justify;\">Passados mais de cinco anos da entrega do primeiro canal \u2014o eixo leste, em mar\u00e7o de 2017\u2014, moradores dessa \u00e1rea em Pernambuco e Para\u00edba ainda n\u00e3o contam com \u00e1gua da transposi\u00e7\u00e3o. O mesmo ocorre em agrovilas na extens\u00e3o do eixo norte (que inclui tamb\u00e9m o Cear\u00e1), conclu\u00edda em fevereiro de 2022.<\/p>\n<p style=\"text-align: justify;\">Em contato com a coluna, o MDR (Minist\u00e9rio do Desenvolvimento Regional) confirmou que nenhuma das vilas tem sistema de irriga\u00e7\u00e3o, mas garantiu que os projetos est\u00e3o sendo feitos.<\/p>\n<p style=\"text-align: justify;\">Para a constru\u00e7\u00e3o dos canais, o governo ergueu as vilas produtivas rurais com o objetivo de receber 848 fam\u00edlias que moravam na \u00e1rea por onde o sistema de transposi\u00e7\u00e3o passa hoje. Como elas n\u00e3o eram propriet\u00e1rias das terras, foram reassentadas. Outras 2.553 indeniza\u00e7\u00f5es foram pagas a quem tinha posse dos terrenos.<\/p>\n<p style=\"text-align: justify;\">O governo federal investiu R$ 208 milh\u00f5es nessas agrovilas, e cada fam\u00edlia benefici\u00e1ria teve direito a um terreno de cinco hectares, sendo garantido um deles irrigado. Cada lote tem uma casa com 99 m\u00b2.<\/p>\n<p style=\"text-align: justify;\">Em 2017, na semana da inaugura\u00e7\u00e3o do eixo leste, o UOL visitou uma dessas agrovilas, em Sert\u00e2nia (PE), e ouviu relatos de moradores reclamando dos valores pagos e da falta de \u00e1gua.<\/p>\n<p style=\"text-align: justify;\"><strong>Sem \u00e1gua, pouca planta\u00e7\u00e3o<\/strong><\/p>\n<p style=\"text-align: justify;\">Como est\u00e3o em uma regi\u00e3o semi\u00e1rida, as agrovilas sofrem com a escassez de \u00e1gua por conta das frequentes estiagens.<\/p>\n<p style=\"text-align: justify;\">Helielma Ferreira Cardoso, 40, mora h\u00e1 sete anos na agrovila Sal\u00e3o, em Sert\u00e2nia (PE), uma das primeiras inauguradas pelo projeto.<\/p>\n<p style=\"text-align: justify;\">Ela conta que todos no local t\u00eam limita\u00e7\u00f5es para manter a produ\u00e7\u00e3o em fun\u00e7\u00e3o da falta de irriga\u00e7\u00e3o. \u201cA gente tem dificuldade. S\u00f3 temos \u00e1gua de po\u00e7o, mas n\u00e3o \u00e9 muita, s\u00f3 d\u00e1 mesmo para o consumo di\u00e1rio da casa\u201d, diz.<\/p>\n<p style=\"text-align: justify;\">\u201cA gente at\u00e9 hoje n\u00e3o recebeu uma previs\u00e3o de quando haver\u00e1 a instala\u00e7\u00e3o da \u00e1rea irrigada. A gente assina um contrato anual at\u00e9 eles fazerem essa liga\u00e7\u00e3o, s\u00f3 que, at\u00e9 agora, n\u00e3o tem \u00e1gua nem previs\u00e3o\u201d.<\/p>\n<p style=\"text-align: justify;\">O contrato que ela cita, no caso, \u00e9 o que garante um sal\u00e1rio m\u00ednimo do governo federal at\u00e9 que o benefici\u00e1rio receba a irriga\u00e7\u00e3o, como prev\u00ea o documento assinado.<\/p>\n<p style=\"text-align: justify;\">No outro lado da divisa, Luciano dos Santos, 27, que mora na agrovila Lafayette, em Monteiro (PB), tamb\u00e9m s\u00f3 tem \u00e1gua para consumo humano \u2014e, nesse caso, o abastecimento s\u00f3 passou a ser feito ap\u00f3s o MPF (Minist\u00e9rio P\u00fablico Federal) da Para\u00edba interceder e conseguir que a Cagepa (Companhia de \u00c1gua e Esgotos da Para\u00edba) se comprometesse com o fornecimento.<\/p>\n<p style=\"text-align: justify;\">\u201cA gente at\u00e9 tenta criar alguns animais no lote cerqueiro [aquele com cerca, destinado \u00e0 cria\u00e7\u00e3o de animais], nos 4 hectares que temos, mas que tamb\u00e9m n\u00e3o tem \u00e1gua. N\u00e3o \u00e9 f\u00e1cil. E plantamos no quintal da casa. Tentamos sempre plantar alguma coisa, [a gente] se vira como pode\u201d, relata.<\/p>\n<p style=\"text-align: justify;\">A agrovila \u00e9 a \u00fanica no trecho do eixo leste na Para\u00edba e foi inaugurada em 1\u00ba de dezembro de 2015. As fam\u00edlias chegaram para morar em mar\u00e7o de 2016. Apenas agora \u00e9 que o governo federal chegou para dar in\u00edcio ao processo de instala\u00e7\u00e3o do sistema de irriga\u00e7\u00e3o.<\/p>\n<p style=\"text-align: justify;\">\u201cJ\u00e1 houve a limpeza dos lotes, e a empresa [respons\u00e1vel pela instala\u00e7\u00e3o] est\u00e1 aqui s\u00f3 aguardando as ordens para montar a encana\u00e7\u00e3o e colocar os kits de irriga\u00e7\u00e3o. A nossa associa\u00e7\u00e3o vai fazer o trabalho da rede el\u00e9trica\u201d, conta o presidente da associa\u00e7\u00e3o de moradores da agrovila, Agnaldo Freitas da Silva.<\/p>\n<\/div>\n\n\n<p>Blog do Magno<\/p>\n","protected":false},"excerpt":{"rendered":"<p>As 18 agrovilas no Nordeste que passaram a receber fam\u00edlias reassentadas a partir de 2015 por causa da constru\u00e7\u00e3o dos canais da transposi\u00e7\u00e3o do rio S\u00e3o Francisco est\u00e3o at\u00e9 hoje sem \u00e1gua para irriga\u00e7\u00e3o. O fornecimento ap\u00f3s a inaugura\u00e7\u00e3o dos primeiros canais estava previsto no contrato assinado para sa\u00edda delas da \u00e1rea onde hoje est\u00e3o [&hellip;]<\/p>\n","protected":false},"author":1,"featured_media":40160,"comment_status":"closed","ping_status":"open","sticky":false,"template":"","format":"standard","meta":{"_uag_custom_page_level_css":"","_monsterinsights_skip_tracking":false,"_monsterinsights_sitenote_active":false,"_monsterinsights_sitenote_note":"","_monsterinsights_sitenote_category":0,"jetpack_post_was_ever_published":false,"_jetpack_newsletter_access":"","_jetpack_dont_email_post_to_subs":false,"_jetpack_newsletter_tier_id":0,"_jetpack_memberships_contains_paywalled_content":false,"_jetpack_memberships_contains_paid_content":false,"footnotes":"","jetpack_publicize_message":"","jetpack_publicize_feature_enabled":true,"jetpack_social_post_already_shared":true,"jetpack_social_options":{"image_generator_settings":{"template":"highway","default_image_id":0,"font":"","enabled":false},"version":2}},"categories":[10102],"tags":[],"class_list":["post-40159","post","type-post","status-publish","format-standard","has-post-thumbnail","hentry","category-nordeste"],"jetpack_publicize_connections":[],"jetpack_featured_media_url":"https:\/\/blogopara.com.br\/wp-content\/uploads\/2022\/07\/post-desalojadostransposicao.jpg","uagb_featured_image_src":{"full":["https:\/\/blogopara.com.br\/wp-content\/uploads\/2022\/07\/post-desalojadostransposicao.jpg",500,244,false],"thumbnail":["https:\/\/blogopara.com.br\/wp-content\/uploads\/2022\/07\/post-desalojadostransposicao-150x150.jpg",150,150,true],"medium":["https:\/\/blogopara.com.br\/wp-content\/uploads\/2022\/07\/post-desalojadostransposicao-300x146.jpg",300,146,true],"medium_large":["https:\/\/blogopara.com.br\/wp-content\/uploads\/2022\/07\/post-desalojadostransposicao.jpg",500,244,false],"large":["https:\/\/blogopara.com.br\/wp-content\/uploads\/2022\/07\/post-desalojadostransposicao.jpg",500,244,false],"1536x1536":["https:\/\/blogopara.com.br\/wp-content\/uploads\/2022\/07\/post-desalojadostransposicao.jpg",500,244,false],"2048x2048":["https:\/\/blogopara.com.br\/wp-content\/uploads\/2022\/07\/post-desalojadostransposicao.jpg",500,244,false],"mantranews-slider-large":["https:\/\/blogopara.com.br\/wp-content\/uploads\/2022\/07\/post-desalojadostransposicao.jpg",500,244,false],"mantranews-featured-medium":["https:\/\/blogopara.com.br\/wp-content\/uploads\/2022\/07\/post-desalojadostransposicao-420x244.jpg",420,244,true],"mantranews-featured-long":["https:\/\/blogopara.com.br\/wp-content\/uploads\/2022\/07\/post-desalojadostransposicao-300x244.jpg",300,244,true],"mantranews-block-medium":["https:\/\/blogopara.com.br\/wp-content\/uploads\/2022\/07\/post-desalojadostransposicao-464x244.jpg",464,244,true],"mantranews-carousel-image":["https:\/\/blogopara.com.br\/wp-content\/uploads\/2022\/07\/post-desalojadostransposicao.jpg",500,244,false],"mantranews-block-thumb":["https:\/\/blogopara.com.br\/wp-content\/uploads\/2022\/07\/post-desalojadostransposicao-322x230.jpg",322,230,true],"mantranews-single-large":["https:\/\/blogopara.com.br\/wp-content\/uploads\/2022\/07\/post-desalojadostransposicao.jpg",500,244,false]},"uagb_author_info":{"display_name":"Reda\u00e7\u00e3o geral","author_link":"https:\/\/blogopara.com.br\/index.php\/author\/blogopara"},"uagb_comment_info":0,"uagb_excerpt":"As 18 agrovilas no Nordeste que passaram a receber fam\u00edlias reassentadas a partir de 2015 por causa da constru\u00e7\u00e3o dos canais da transposi\u00e7\u00e3o do rio S\u00e3o Francisco est\u00e3o at\u00e9 hoje sem \u00e1gua para irriga\u00e7\u00e3o. O fornecimento ap\u00f3s a inaugura\u00e7\u00e3o dos primeiros canais estava previsto no contrato assinado para sa\u00edda delas da \u00e1rea onde hoje est\u00e3o&hellip;","jetpack_sharing_enabled":true,"jetpack_likes_enabled":true,"_links":{"self":[{"href":"https:\/\/blogopara.com.br\/index.php\/wp-json\/wp\/v2\/posts\/40159","targetHints":{"allow":["GET"]}}],"collection":[{"href":"https:\/\/blogopara.com.br\/index.php\/wp-json\/wp\/v2\/posts"}],"about":[{"href":"https:\/\/blogopara.com.br\/index.php\/wp-json\/wp\/v2\/types\/post"}],"author":[{"embeddable":true,"href":"https:\/\/blogopara.com.br\/index.php\/wp-json\/wp\/v2\/users\/1"}],"replies":[{"embeddable":true,"href":"https:\/\/blogopara.com.br\/index.php\/wp-json\/wp\/v2\/comments?post=40159"}],"version-history":[{"count":1,"href":"https:\/\/blogopara.com.br\/index.php\/wp-json\/wp\/v2\/posts\/40159\/revisions"}],"predecessor-version":[{"id":40161,"href":"https:\/\/blogopara.com.br\/index.php\/wp-json\/wp\/v2\/posts\/40159\/revisions\/40161"}],"wp:featuredmedia":[{"embeddable":true,"href":"https:\/\/blogopara.com.br\/index.php\/wp-json\/wp\/v2\/media\/40160"}],"wp:attachment":[{"href":"https:\/\/blogopara.com.br\/index.php\/wp-json\/wp\/v2\/media?parent=40159"}],"wp:term":[{"taxonomy":"category","embeddable":true,"href":"https:\/\/blogopara.com.br\/index.php\/wp-json\/wp\/v2\/categories?post=40159"},{"taxonomy":"post_tag","embeddable":true,"href":"https:\/\/blogopara.com.br\/index.php\/wp-json\/wp\/v2\/tags?post=40159"}],"curies":[{"name":"wp","href":"https:\/\/api.w.org\/{rel}","templated":true}]}}