{"id":40186,"date":"2022-07-28T08:45:00","date_gmt":"2022-07-28T11:45:00","guid":{"rendered":"https:\/\/blogopara.com.br\/?p=40186"},"modified":"2022-07-27T23:55:45","modified_gmt":"2022-07-28T02:55:45","slug":"prevalencia-de-hiv-dobra-em-20-anos-no-brasil-aponta-relatorio-de-programa-das-nacoes-unidas","status":"publish","type":"post","link":"https:\/\/blogopara.com.br\/index.php\/2022\/07\/28\/prevalencia-de-hiv-dobra-em-20-anos-no-brasil-aponta-relatorio-de-programa-das-nacoes-unidas","title":{"rendered":"Preval\u00eancia de HIV dobra em 20 anos no Brasil, aponta relat\u00f3rio de programa das Na\u00e7\u00f5es Unidas"},"content":{"rendered":"<p style=\"text-align: justify;\">O relat\u00f3rio anual de 2022 do Unaids (Programa Conjunto das Na\u00e7\u00f5es Unidas sobre HIV\/Aids), divulgado nesta quarta-feira (27), mostra que a estimativa da preval\u00eancia de pessoas que vivem com o v\u00edrus no Brasil dobrou nos \u00faltimos 20 anos.<\/p>\n<p style=\"text-align: justify;\">Segundo os dados, em 2002, 0,3% da popula\u00e7\u00e3o entre 15 e 49 anos tinha a infec\u00e7\u00e3o pelo v\u00edrus, \u00edndice que passou para 0,6% no ano passado.<\/p>\n<p style=\"text-align: justify;\">A propor\u00e7\u00e3o \u00e9 a mesma de 2020, quando houve aumento, ap\u00f3s 11 anos estabilizada em 0,5%.<\/p>\n<p style=\"text-align: justify;\">Em n\u00fameros absolutos, o relat\u00f3rio estima que 400 mil adultos e crian\u00e7as viviam com HIV no Brasil em 2002. Vinte anos depois, s\u00e3o 960 mil.<\/p>\n<p style=\"text-align: justify;\">O documento inclui o Brasil entre os 38 pa\u00edses do mundo com &#8220;estimativas robustas de aumento de novas infec\u00e7\u00f5es por HIV&#8221; e que impactam no progresso global de redu\u00e7\u00e3o de casos, segundo a Unaids.<\/p>\n<p style=\"text-align: justify;\">Somam-se a esta lista: Afeganist\u00e3o, Arg\u00e9lia, Belize, Cabo Verde, Cazaquist\u00e3o, Chile, Congo, Costa Rica, Cuba, Fiji, Filipinas, Ge\u00f3rgia, Gr\u00e9cia, Guatemala, Guiana, Guin\u00e9 Equatorial, Honduras, I\u00eamen, Irlanda, Jamaica, Madagascar, Mal\u00e1sia, Maurit\u00e2nia, Om\u00e3, Papua-Nova Guin\u00e9, Paraguai, Peru, Rep\u00fablica Dominicana, Senegal, S\u00e9rvia, Sud\u00e3o, Sud\u00e3o do Sul, Suriname, Tadjiquist\u00e3o, Timor Leste, Tun\u00edsia e Uruguai.<\/p>\n<p style=\"text-align: justify;\">&#8220;A Am\u00e9rica Latina fez pouco progresso na redu\u00e7\u00e3o de novas infec\u00e7\u00f5es por HIV na regi\u00e3o desde 2000, com o n\u00famero aumentando 5% de 2010 a 2021. Em 2021, 2,2 milh\u00f5es de pessoas na regi\u00e3o (1,5 milh\u00e3o a 2,8 milh\u00f5es) viviam com HIV em 2021&#8221;, alerta o relat\u00f3rio.<\/p>\n<div class=\"media_box embed intertitle_box\" style=\"text-align: justify;\">\n<h3 class=\"content\">Diagn\u00f3stico e tratamento<\/h3>\n<\/div>\n<p style=\"text-align: justify;\">O diagn\u00f3stico precoce de infec\u00e7\u00e3o pelo v\u00edrus HIV \u00e9 fundamental. Quando iniciado logo, o tratamento \u00e9 capaz, na maioria dos casos, de tornar o indiv\u00edduo indetect\u00e1vel, ou seja, ele n\u00e3o vai mais transmitir o v\u00edrus, tampouco desenvolver Aids \u2014 e o mais importante: ter uma vida normal.&nbsp;<\/p>\n<p style=\"text-align: justify;\">O relat\u00f3rio traz pontos positivos sobre o Brasil nesse quesito. Em 2012, 71% das pessoas que viviam com HIV sabiam que tinham a infec\u00e7\u00e3o (491 mil). No ano passado, eram 88% (841 mil), apesar de este n\u00e3o ser o maior patamar \u2014 j\u00e1 chegou a 92% em 2019.<\/p>\n<p style=\"text-align: justify;\">Tamb\u00e9m cresceu nos \u00faltimos dez anos a parcela de pessoas com HIV em tratamento com antirretrovirais: de 59% para 73%. A estimativa considera quem sabe e quem n\u00e3o sabe o status.<\/p>\n<p style=\"text-align: justify;\">Quando separados somente os que sabem que t\u00eam HIV, 83% (695 mil) tomam as medica\u00e7\u00f5es.<\/p>\n<p style=\"text-align: justify;\">Nos \u00faltimos dois anos, o Brasil atingiu o maior patamar de supress\u00e3o viral entre indiv\u00edduos que fazem uso dos antirretrovirais: 95%.<\/p>\n<p style=\"text-align: justify;\">O Brasil \u00e9 elogiado no relat\u00f3rio por ser o \u00fanico pa\u00eds da Am\u00e9rica Latina a disponibilizar kits de autoteste de HIV em servi\u00e7os p\u00fablicos e privados ou farm\u00e1cias.<\/p>\n<p style=\"text-align: justify;\">A introdu\u00e7\u00e3o da PrEP (profilaxia pr\u00e9-exposi\u00e7\u00e3o oral di\u00e1ria), um medicamento tomado por quem n\u00e3o tem HIV que \u00e9 capaz de evitar a infec\u00e7\u00e3o em caso de contato com o v\u00edrus, no SUS tem se mostrado eficaz em cidades como S\u00e3o Paulo, onde&nbsp;<a href=\"https:\/\/noticias.r7.com\/sao-paulo\/pelo-quarto-ano-cidade-de-sp-registra-queda-de-casos-de-hiv-02122021\" target=\"_blank\" rel=\"noopener\"><strong>o n\u00famero de novos casos caiu em 2021 pelo quarto ano seguid<\/strong><\/a><\/p>\n<p style=\"text-align: justify;\">Apesar da evolu\u00e7\u00e3o nas formas de tratamento e preven\u00e7\u00e3o, a Aids (s\u00edndrome da imunodefici\u00eancia adquirida), continua a ser uma preocupa\u00e7\u00e3o da popula\u00e7\u00e3o mundial e de sa\u00fade p\u00fablica. Segundo dados do Unaids (Programa Conjunto das Na\u00e7\u00f5es Unidas), 14 mil pessoas morreram no Brasil em decorr\u00eancia do v\u00edrus HIV, em 2016.<\/p>\n<p style=\"text-align: justify;\">A organiza\u00e7\u00e3o ainda estima que 830 mil pessoas vivem com a doen\u00e7a no Pa\u00eds, sendo que o Brasil \u00e9 o que mais concentra novos casos de infec\u00e7\u00f5es na Am\u00e9rica Latina (49%). Mesmo sendo mundialmente conhecida, a Aids ainda causa muitas d\u00favidas.<\/p>\n<p style=\"text-align: justify;\">Por isso, a professora do Departamento de Sa\u00fade Coletiva da FCMSCSP (Faculdade de Ci\u00eancias M\u00e9dicas da Santa Casa de S\u00e3o Paulo), Maria Am\u00e9lia de Sousa Mascena Veras esclarece mitos e verdades sobre a s\u00edndrome<\/p>\n\n\n<p>R7<\/p>\n","protected":false},"excerpt":{"rendered":"<p>O relat\u00f3rio anual de 2022 do Unaids (Programa Conjunto das Na\u00e7\u00f5es Unidas sobre HIV\/Aids), divulgado nesta quarta-feira (27), mostra que a estimativa da preval\u00eancia de pessoas que vivem com o v\u00edrus no Brasil dobrou nos \u00faltimos 20 anos. Segundo os dados, em 2002, 0,3% da popula\u00e7\u00e3o entre 15 e 49 anos tinha a infec\u00e7\u00e3o pelo [&hellip;]<\/p>\n","protected":false},"author":1,"featured_media":40187,"comment_status":"closed","ping_status":"open","sticky":false,"template":"","format":"standard","meta":{"_uag_custom_page_level_css":"","_monsterinsights_skip_tracking":false,"_monsterinsights_sitenote_active":false,"_monsterinsights_sitenote_note":"","_monsterinsights_sitenote_category":0,"jetpack_post_was_ever_published":false,"_jetpack_newsletter_access":"","_jetpack_dont_email_post_to_subs":false,"_jetpack_newsletter_tier_id":0,"_jetpack_memberships_contains_paywalled_content":false,"_jetpack_memberships_contains_paid_content":false,"footnotes":"","jetpack_publicize_message":"","jetpack_publicize_feature_enabled":true,"jetpack_social_post_already_shared":true,"jetpack_social_options":{"image_generator_settings":{"template":"highway","default_image_id":0,"font":"","enabled":false},"version":2}},"categories":[205],"tags":[],"class_list":["post-40186","post","type-post","status-publish","format-standard","has-post-thumbnail","hentry","category-saude"],"jetpack_publicize_connections":[],"jetpack_featured_media_url":"https:\/\/blogopara.com.br\/wp-content\/uploads\/2022\/07\/HIV.jpg","uagb_featured_image_src":{"full":["https:\/\/blogopara.com.br\/wp-content\/uploads\/2022\/07\/HIV.jpg",500,269,false],"thumbnail":["https:\/\/blogopara.com.br\/wp-content\/uploads\/2022\/07\/HIV-150x150.jpg",150,150,true],"medium":["https:\/\/blogopara.com.br\/wp-content\/uploads\/2022\/07\/HIV-300x161.jpg",300,161,true],"medium_large":["https:\/\/blogopara.com.br\/wp-content\/uploads\/2022\/07\/HIV.jpg",500,269,false],"large":["https:\/\/blogopara.com.br\/wp-content\/uploads\/2022\/07\/HIV.jpg",500,269,false],"1536x1536":["https:\/\/blogopara.com.br\/wp-content\/uploads\/2022\/07\/HIV.jpg",500,269,false],"2048x2048":["https:\/\/blogopara.com.br\/wp-content\/uploads\/2022\/07\/HIV.jpg",500,269,false],"mantranews-slider-large":["https:\/\/blogopara.com.br\/wp-content\/uploads\/2022\/07\/HIV.jpg",500,269,false],"mantranews-featured-medium":["https:\/\/blogopara.com.br\/wp-content\/uploads\/2022\/07\/HIV-420x269.jpg",420,269,true],"mantranews-featured-long":["https:\/\/blogopara.com.br\/wp-content\/uploads\/2022\/07\/HIV-300x269.jpg",300,269,true],"mantranews-block-medium":["https:\/\/blogopara.com.br\/wp-content\/uploads\/2022\/07\/HIV-464x269.jpg",464,269,true],"mantranews-carousel-image":["https:\/\/blogopara.com.br\/wp-content\/uploads\/2022\/07\/HIV.jpg",500,269,false],"mantranews-block-thumb":["https:\/\/blogopara.com.br\/wp-content\/uploads\/2022\/07\/HIV-322x230.jpg",322,230,true],"mantranews-single-large":["https:\/\/blogopara.com.br\/wp-content\/uploads\/2022\/07\/HIV.jpg",500,269,false]},"uagb_author_info":{"display_name":"Reda\u00e7\u00e3o geral","author_link":"https:\/\/blogopara.com.br\/index.php\/author\/blogopara"},"uagb_comment_info":0,"uagb_excerpt":"O relat\u00f3rio anual de 2022 do Unaids (Programa Conjunto das Na\u00e7\u00f5es Unidas sobre HIV\/Aids), divulgado nesta quarta-feira (27), mostra que a estimativa da preval\u00eancia de pessoas que vivem com o v\u00edrus no Brasil dobrou nos \u00faltimos 20 anos. Segundo os dados, em 2002, 0,3% da popula\u00e7\u00e3o entre 15 e 49 anos tinha a infec\u00e7\u00e3o pelo&hellip;","jetpack_sharing_enabled":true,"jetpack_likes_enabled":true,"_links":{"self":[{"href":"https:\/\/blogopara.com.br\/index.php\/wp-json\/wp\/v2\/posts\/40186","targetHints":{"allow":["GET"]}}],"collection":[{"href":"https:\/\/blogopara.com.br\/index.php\/wp-json\/wp\/v2\/posts"}],"about":[{"href":"https:\/\/blogopara.com.br\/index.php\/wp-json\/wp\/v2\/types\/post"}],"author":[{"embeddable":true,"href":"https:\/\/blogopara.com.br\/index.php\/wp-json\/wp\/v2\/users\/1"}],"replies":[{"embeddable":true,"href":"https:\/\/blogopara.com.br\/index.php\/wp-json\/wp\/v2\/comments?post=40186"}],"version-history":[{"count":2,"href":"https:\/\/blogopara.com.br\/index.php\/wp-json\/wp\/v2\/posts\/40186\/revisions"}],"predecessor-version":[{"id":40193,"href":"https:\/\/blogopara.com.br\/index.php\/wp-json\/wp\/v2\/posts\/40186\/revisions\/40193"}],"wp:featuredmedia":[{"embeddable":true,"href":"https:\/\/blogopara.com.br\/index.php\/wp-json\/wp\/v2\/media\/40187"}],"wp:attachment":[{"href":"https:\/\/blogopara.com.br\/index.php\/wp-json\/wp\/v2\/media?parent=40186"}],"wp:term":[{"taxonomy":"category","embeddable":true,"href":"https:\/\/blogopara.com.br\/index.php\/wp-json\/wp\/v2\/categories?post=40186"},{"taxonomy":"post_tag","embeddable":true,"href":"https:\/\/blogopara.com.br\/index.php\/wp-json\/wp\/v2\/tags?post=40186"}],"curies":[{"name":"wp","href":"https:\/\/api.w.org\/{rel}","templated":true}]}}