{"id":40209,"date":"2022-07-29T07:45:00","date_gmt":"2022-07-29T10:45:00","guid":{"rendered":"https:\/\/blogopara.com.br\/?p=40209"},"modified":"2022-07-28T19:22:31","modified_gmt":"2022-07-28T22:22:31","slug":"primeiro-caso-suspeito-da-variola-dos-macacos-esta-sob-investigacao-em-petrolina","status":"publish","type":"post","link":"https:\/\/blogopara.com.br\/index.php\/2022\/07\/29\/primeiro-caso-suspeito-da-variola-dos-macacos-esta-sob-investigacao-em-petrolina","title":{"rendered":"Primeiro caso suspeito da var\u00edola dos macacos est\u00e1 sob investiga\u00e7\u00e3o em Petrolina"},"content":{"rendered":"<p style=\"text-align: justify;\">A partir desta quinta-feira (28), est\u00e1 sob investiga\u00e7\u00e3o e sendo monitorado pela Secretaria de Sa\u00fade de Petrolina o primeiro caso suspeito da var\u00edola dos macacos. O paciente, do sexo masculino, 29 anos, tem hist\u00f3rico de viagem para outro estado, que j\u00e1 possui casos confirmados da doen\u00e7a, e apresentou sintomas caracter\u00edsticos da doen\u00e7a. A Vigil\u00e2ncia Epidemiol\u00f3gica est\u00e1 acompanhando o caso e o munic\u00edpio aguarda a chegada do teste, por parte da Secretaria Estadual de Sa\u00fade, para realiza\u00e7\u00e3o do exame. No momento, o paciente est\u00e1 em isolamento e mantendo os cuidados como uso de m\u00e1scara, higieniza\u00e7\u00e3o das m\u00e3os e distanciamento social.<\/p>\n<p style=\"text-align: justify;\">A var\u00edola dos macacos \u00e9 uma doen\u00e7a viral e, de acordo com a Organiza\u00e7\u00e3o Mundial da Sa\u00fade (OMS), o per\u00edodo de incuba\u00e7\u00e3o \u00e9 geralmente de seis a 16 dias. A transmiss\u00e3o ocorre por contato pr\u00f3ximo com les\u00f5es, fluidos corporais, got\u00edculas respirat\u00f3rias e materiais contaminados, como roupas de cama. E, segundo o \u00f3rg\u00e3o de sa\u00fade, a transmiss\u00e3o de humano para humano est\u00e1 ocorrendo entre pessoas com contato f\u00edsico pr\u00f3ximo com casos sintom\u00e1ticos.<\/p>\n<p style=\"text-align: justify;\">\u201cN\u00e3o h\u00e1 motivo para p\u00e2nico ou alarme, este \u00e9 um caso suspeito, s\u00f3 teremos a confirma\u00e7\u00e3o ou descarte com a realiza\u00e7\u00e3o do teste. Tranquilizo a popula\u00e7\u00e3o\u00a0 informando que estamos monitorando de perto esse primeiro caso suspeito atrav\u00e9s da Vigil\u00e2ncia Epidemiol\u00f3gica. Mais uma vez, refor\u00e7amos sobre os cuidados pessoais e de higiene que continuam sendo o melhor aliado no combate \u00e0s doen\u00e7as virais\u201d, destaca a secret\u00e1ria de Sa\u00fade, Magnilde Albuquerque.<\/p>\n<p style=\"text-align: justify;\">Ascom Sa\u00fade\/PMP<\/p>\n","protected":false},"excerpt":{"rendered":"<p>A partir desta quinta-feira (28), est\u00e1 sob investiga\u00e7\u00e3o e sendo monitorado pela Secretaria de Sa\u00fade de Petrolina o primeiro caso suspeito da var\u00edola dos macacos. O paciente, do sexo masculino, 29 anos, tem hist\u00f3rico de viagem para outro estado, que j\u00e1 possui casos confirmados da doen\u00e7a, e apresentou sintomas caracter\u00edsticos da doen\u00e7a. A Vigil\u00e2ncia Epidemiol\u00f3gica [&hellip;]<\/p>\n","protected":false},"author":1,"featured_media":12405,"comment_status":"closed","ping_status":"open","sticky":false,"template":"","format":"standard","meta":{"_uag_custom_page_level_css":"","_monsterinsights_skip_tracking":false,"_monsterinsights_sitenote_active":false,"_monsterinsights_sitenote_note":"","_monsterinsights_sitenote_category":0,"jetpack_post_was_ever_published":false,"_jetpack_newsletter_access":"","_jetpack_dont_email_post_to_subs":false,"_jetpack_newsletter_tier_id":0,"_jetpack_memberships_contains_paywalled_content":false,"_jetpack_memberships_contains_paid_content":false,"footnotes":"","jetpack_publicize_message":"","jetpack_publicize_feature_enabled":true,"jetpack_social_post_already_shared":true,"jetpack_social_options":{"image_generator_settings":{"template":"highway","default_image_id":0,"font":"","enabled":false},"version":2}},"categories":[205],"tags":[],"class_list":["post-40209","post","type-post","status-publish","format-standard","has-post-thumbnail","hentry","category-saude"],"jetpack_publicize_connections":[],"jetpack_featured_media_url":"https:\/\/blogopara.com.br\/wp-content\/uploads\/2020\/07\/petrolina.jpg","uagb_featured_image_src":{"full":["https:\/\/blogopara.com.br\/wp-content\/uploads\/2020\/07\/petrolina.jpg",500,333,false],"thumbnail":["https:\/\/blogopara.com.br\/wp-content\/uploads\/2020\/07\/petrolina-150x150.jpg",150,150,true],"medium":["https:\/\/blogopara.com.br\/wp-content\/uploads\/2020\/07\/petrolina-300x200.jpg",300,200,true],"medium_large":["https:\/\/blogopara.com.br\/wp-content\/uploads\/2020\/07\/petrolina.jpg",500,333,false],"large":["https:\/\/blogopara.com.br\/wp-content\/uploads\/2020\/07\/petrolina.jpg",500,333,false],"1536x1536":["https:\/\/blogopara.com.br\/wp-content\/uploads\/2020\/07\/petrolina.jpg",500,333,false],"2048x2048":["https:\/\/blogopara.com.br\/wp-content\/uploads\/2020\/07\/petrolina.jpg",500,333,false],"mantranews-slider-large":["https:\/\/blogopara.com.br\/wp-content\/uploads\/2020\/07\/petrolina.jpg",500,333,false],"mantranews-featured-medium":["https:\/\/blogopara.com.br\/wp-content\/uploads\/2020\/07\/petrolina-420x307.jpg",420,307,true],"mantranews-featured-long":["https:\/\/blogopara.com.br\/wp-content\/uploads\/2020\/07\/petrolina-300x333.jpg",300,333,true],"mantranews-block-medium":["https:\/\/blogopara.com.br\/wp-content\/uploads\/2020\/07\/petrolina-464x290.jpg",464,290,true],"mantranews-carousel-image":["https:\/\/blogopara.com.br\/wp-content\/uploads\/2020\/07\/petrolina.jpg",500,333,false],"mantranews-block-thumb":["https:\/\/blogopara.com.br\/wp-content\/uploads\/2020\/07\/petrolina-322x230.jpg",322,230,true],"mantranews-single-large":["https:\/\/blogopara.com.br\/wp-content\/uploads\/2020\/07\/petrolina.jpg",500,333,false]},"uagb_author_info":{"display_name":"Reda\u00e7\u00e3o geral","author_link":"https:\/\/blogopara.com.br\/index.php\/author\/blogopara"},"uagb_comment_info":0,"uagb_excerpt":"A partir desta quinta-feira (28), est\u00e1 sob investiga\u00e7\u00e3o e sendo monitorado pela Secretaria de Sa\u00fade de Petrolina o primeiro caso suspeito da var\u00edola dos macacos. O paciente, do sexo masculino, 29 anos, tem hist\u00f3rico de viagem para outro estado, que j\u00e1 possui casos confirmados da doen\u00e7a, e apresentou sintomas caracter\u00edsticos da doen\u00e7a. A Vigil\u00e2ncia Epidemiol\u00f3gica&hellip;","jetpack_sharing_enabled":true,"jetpack_likes_enabled":true,"_links":{"self":[{"href":"https:\/\/blogopara.com.br\/index.php\/wp-json\/wp\/v2\/posts\/40209","targetHints":{"allow":["GET"]}}],"collection":[{"href":"https:\/\/blogopara.com.br\/index.php\/wp-json\/wp\/v2\/posts"}],"about":[{"href":"https:\/\/blogopara.com.br\/index.php\/wp-json\/wp\/v2\/types\/post"}],"author":[{"embeddable":true,"href":"https:\/\/blogopara.com.br\/index.php\/wp-json\/wp\/v2\/users\/1"}],"replies":[{"embeddable":true,"href":"https:\/\/blogopara.com.br\/index.php\/wp-json\/wp\/v2\/comments?post=40209"}],"version-history":[{"count":1,"href":"https:\/\/blogopara.com.br\/index.php\/wp-json\/wp\/v2\/posts\/40209\/revisions"}],"predecessor-version":[{"id":40210,"href":"https:\/\/blogopara.com.br\/index.php\/wp-json\/wp\/v2\/posts\/40209\/revisions\/40210"}],"wp:featuredmedia":[{"embeddable":true,"href":"https:\/\/blogopara.com.br\/index.php\/wp-json\/wp\/v2\/media\/12405"}],"wp:attachment":[{"href":"https:\/\/blogopara.com.br\/index.php\/wp-json\/wp\/v2\/media?parent=40209"}],"wp:term":[{"taxonomy":"category","embeddable":true,"href":"https:\/\/blogopara.com.br\/index.php\/wp-json\/wp\/v2\/categories?post=40209"},{"taxonomy":"post_tag","embeddable":true,"href":"https:\/\/blogopara.com.br\/index.php\/wp-json\/wp\/v2\/tags?post=40209"}],"curies":[{"name":"wp","href":"https:\/\/api.w.org\/{rel}","templated":true}]}}