{"id":40256,"date":"2022-07-30T11:45:00","date_gmt":"2022-07-30T14:45:00","guid":{"rendered":"https:\/\/blogopara.com.br\/?p=40256"},"modified":"2022-07-29T21:33:00","modified_gmt":"2022-07-30T00:33:00","slug":"unidade-movel-medica-prefeitura-de-petrolina-ira-visitar-22-localidades-no-mes-de-agosto","status":"publish","type":"post","link":"https:\/\/blogopara.com.br\/index.php\/2022\/07\/30\/unidade-movel-medica-prefeitura-de-petrolina-ira-visitar-22-localidades-no-mes-de-agosto","title":{"rendered":"Unidade M\u00f3vel M\u00e9dica: Prefeitura de Petrolina ir\u00e1 visitar 22 localidades no m\u00eas de Agosto"},"content":{"rendered":"<p style=\"font-weight: 400;\">\n<p style=\"font-weight: 400; text-align: justify;\">A Prefeitura de Petrolina, atrav\u00e9s da Secretaria de Sa\u00fade, atender\u00e1 22 localidades na \u00e1rea rural com os servi\u00e7os de atendimento m\u00e9dico da Unidade M\u00f3vel no m\u00eas de agosto. Essa \u00e9 uma a\u00e7\u00e3o que visa facilitar o acesso \u00e0s consultas m\u00e9dicas para os moradores que residem nas \u00e1reas mais distantes da cidade.<\/p>\n<p style=\"font-weight: 400; text-align: justify;\">A Unidade M\u00f3vel estar\u00e1 dispon\u00edvel em diferentes comunidades, atendendo quem \u00e9 usu\u00e1rio das localidades descobertas de Unidade B\u00e1sica de Sa\u00fade. Para fazer a consulta n\u00e3o \u00e9 necess\u00e1rio agendamento, basta comparecer com um documento de identifica\u00e7\u00e3o com foto, cart\u00e3o SUS ou CPF. A equipe come\u00e7a a atender a partir das 8h.<\/p>\n<p style=\"font-weight: 400; text-align: justify;\">\n<p style=\"font-weight: 400; text-align: justify;\">CRONOGRAMA<\/p>\n<p style=\"font-weight: 400; text-align: justify;\">01\/08 \u2013 Sitio Boa Ventura<\/p>\n<p style=\"font-weight: 400; text-align: justify;\">02\/08 \u2013 S\u00edtio Mudubim<\/p>\n<p style=\"font-weight: 400; text-align: justify;\">03\/08 \u2013 \u00c1gua Branca<\/p>\n<p style=\"font-weight: 400; text-align: justify;\">04\/08 \u2013 Assentamento Bonanza<\/p>\n<p style=\"font-weight: 400; text-align: justify;\">05\/08 \u2013 Pedra da Cerca<\/p>\n<p style=\"font-weight: 400; text-align: justify;\">08\/08 \u2013 Assentamento Federa\u00e7\u00e3o<\/p>\n<p style=\"font-weight: 400; text-align: justify;\">09\/08 \u2013 Almas<\/p>\n<p style=\"font-weight: 400; text-align: justify;\">10\/08 \u2013 S\u00edtio Mandacaru<\/p>\n<p style=\"font-weight: 400; text-align: justify;\">11\/08 \u2013 Crist\u00e1lia<\/p>\n<p style=\"font-weight: 400; text-align: justify;\">12\/08 \u2013 Rio Verde<\/p>\n<p style=\"font-weight: 400; text-align: justify;\">16\/08 \u2013 Satisfeito I<\/p>\n<p style=\"font-weight: 400; text-align: justify;\">17\/08 \u2013 Garcinha<\/p>\n<p style=\"font-weight: 400; text-align: justify;\">18\/08 \u2013 \u00c1gua Viva II<\/p>\n<p style=\"font-weight: 400; text-align: justify;\">19\/08 \u2013 Mirador<\/p>\n<p style=\"font-weight: 400; text-align: justify;\">22\/08 \u2013 S\u00edtio Rom\u00e3o<\/p>\n<p style=\"font-weight: 400; text-align: justify;\">23\/08 \u2013 Vila Chapada do Alegre<\/p>\n<p style=\"font-weight: 400; text-align: justify;\">24\/08 \u2013 Vila Nova N7<\/p>\n<p style=\"font-weight: 400; text-align: justify;\">25\/08 \u2013 Cacimba do Bonfim<\/p>\n<p style=\"font-weight: 400; text-align: justify;\">26\/08 \u2013 Po\u00e7o da Cruz<\/p>\n<p style=\"font-weight: 400; text-align: justify;\">29\/08 \u2013 Bom Jardim<\/p>\n<p style=\"font-weight: 400; text-align: justify;\">30\/08 \u2013 Simpatia<\/p>\n<p style=\"font-weight: 400; text-align: justify;\">31\/08 \u2013 Rio Pontal<\/p>\n<p style=\"font-weight: 400; text-align: justify;\">\n<p style=\"font-weight: 400; text-align: justify;\">Ascom Sa\u00fade\/PMP<\/p>\n","protected":false},"excerpt":{"rendered":"<p>A Prefeitura de Petrolina, atrav\u00e9s da Secretaria de Sa\u00fade, atender\u00e1 22 localidades na \u00e1rea rural com os servi\u00e7os de atendimento m\u00e9dico da Unidade M\u00f3vel no m\u00eas de agosto. Essa \u00e9 uma a\u00e7\u00e3o que visa facilitar o acesso \u00e0s consultas m\u00e9dicas para os moradores que residem nas \u00e1reas mais distantes da cidade. A Unidade M\u00f3vel estar\u00e1 [&hellip;]<\/p>\n","protected":false},"author":1,"featured_media":40257,"comment_status":"closed","ping_status":"open","sticky":false,"template":"","format":"standard","meta":{"_uag_custom_page_level_css":"","_monsterinsights_skip_tracking":false,"_monsterinsights_sitenote_active":false,"_monsterinsights_sitenote_note":"","_monsterinsights_sitenote_category":0,"jetpack_post_was_ever_published":false,"_jetpack_newsletter_access":"","_jetpack_dont_email_post_to_subs":false,"_jetpack_newsletter_tier_id":0,"_jetpack_memberships_contains_paywalled_content":false,"_jetpack_memberships_contains_paid_content":false,"footnotes":"","jetpack_publicize_message":"","jetpack_publicize_feature_enabled":true,"jetpack_social_post_already_shared":true,"jetpack_social_options":{"image_generator_settings":{"template":"highway","default_image_id":0,"font":"","enabled":false},"version":2}},"categories":[205],"tags":[],"class_list":["post-40256","post","type-post","status-publish","format-standard","has-post-thumbnail","hentry","category-saude"],"jetpack_publicize_connections":[],"jetpack_featured_media_url":"https:\/\/blogopara.com.br\/wp-content\/uploads\/2022\/07\/Unidade-Movel-Medica.jpg","uagb_featured_image_src":{"full":["https:\/\/blogopara.com.br\/wp-content\/uploads\/2022\/07\/Unidade-Movel-Medica.jpg",500,333,false],"thumbnail":["https:\/\/blogopara.com.br\/wp-content\/uploads\/2022\/07\/Unidade-Movel-Medica-150x150.jpg",150,150,true],"medium":["https:\/\/blogopara.com.br\/wp-content\/uploads\/2022\/07\/Unidade-Movel-Medica-300x200.jpg",300,200,true],"medium_large":["https:\/\/blogopara.com.br\/wp-content\/uploads\/2022\/07\/Unidade-Movel-Medica.jpg",500,333,false],"large":["https:\/\/blogopara.com.br\/wp-content\/uploads\/2022\/07\/Unidade-Movel-Medica.jpg",500,333,false],"1536x1536":["https:\/\/blogopara.com.br\/wp-content\/uploads\/2022\/07\/Unidade-Movel-Medica.jpg",500,333,false],"2048x2048":["https:\/\/blogopara.com.br\/wp-content\/uploads\/2022\/07\/Unidade-Movel-Medica.jpg",500,333,false],"mantranews-slider-large":["https:\/\/blogopara.com.br\/wp-content\/uploads\/2022\/07\/Unidade-Movel-Medica.jpg",500,333,false],"mantranews-featured-medium":["https:\/\/blogopara.com.br\/wp-content\/uploads\/2022\/07\/Unidade-Movel-Medica-420x307.jpg",420,307,true],"mantranews-featured-long":["https:\/\/blogopara.com.br\/wp-content\/uploads\/2022\/07\/Unidade-Movel-Medica-300x333.jpg",300,333,true],"mantranews-block-medium":["https:\/\/blogopara.com.br\/wp-content\/uploads\/2022\/07\/Unidade-Movel-Medica-464x290.jpg",464,290,true],"mantranews-carousel-image":["https:\/\/blogopara.com.br\/wp-content\/uploads\/2022\/07\/Unidade-Movel-Medica.jpg",500,333,false],"mantranews-block-thumb":["https:\/\/blogopara.com.br\/wp-content\/uploads\/2022\/07\/Unidade-Movel-Medica-322x230.jpg",322,230,true],"mantranews-single-large":["https:\/\/blogopara.com.br\/wp-content\/uploads\/2022\/07\/Unidade-Movel-Medica.jpg",500,333,false]},"uagb_author_info":{"display_name":"Reda\u00e7\u00e3o geral","author_link":"https:\/\/blogopara.com.br\/index.php\/author\/blogopara"},"uagb_comment_info":0,"uagb_excerpt":"A Prefeitura de Petrolina, atrav\u00e9s da Secretaria de Sa\u00fade, atender\u00e1 22 localidades na \u00e1rea rural com os servi\u00e7os de atendimento m\u00e9dico da Unidade M\u00f3vel no m\u00eas de agosto. Essa \u00e9 uma a\u00e7\u00e3o que visa facilitar o acesso \u00e0s consultas m\u00e9dicas para os moradores que residem nas \u00e1reas mais distantes da cidade. A Unidade M\u00f3vel estar\u00e1&hellip;","jetpack_sharing_enabled":true,"jetpack_likes_enabled":true,"_links":{"self":[{"href":"https:\/\/blogopara.com.br\/index.php\/wp-json\/wp\/v2\/posts\/40256","targetHints":{"allow":["GET"]}}],"collection":[{"href":"https:\/\/blogopara.com.br\/index.php\/wp-json\/wp\/v2\/posts"}],"about":[{"href":"https:\/\/blogopara.com.br\/index.php\/wp-json\/wp\/v2\/types\/post"}],"author":[{"embeddable":true,"href":"https:\/\/blogopara.com.br\/index.php\/wp-json\/wp\/v2\/users\/1"}],"replies":[{"embeddable":true,"href":"https:\/\/blogopara.com.br\/index.php\/wp-json\/wp\/v2\/comments?post=40256"}],"version-history":[{"count":2,"href":"https:\/\/blogopara.com.br\/index.php\/wp-json\/wp\/v2\/posts\/40256\/revisions"}],"predecessor-version":[{"id":40261,"href":"https:\/\/blogopara.com.br\/index.php\/wp-json\/wp\/v2\/posts\/40256\/revisions\/40261"}],"wp:featuredmedia":[{"embeddable":true,"href":"https:\/\/blogopara.com.br\/index.php\/wp-json\/wp\/v2\/media\/40257"}],"wp:attachment":[{"href":"https:\/\/blogopara.com.br\/index.php\/wp-json\/wp\/v2\/media?parent=40256"}],"wp:term":[{"taxonomy":"category","embeddable":true,"href":"https:\/\/blogopara.com.br\/index.php\/wp-json\/wp\/v2\/categories?post=40256"},{"taxonomy":"post_tag","embeddable":true,"href":"https:\/\/blogopara.com.br\/index.php\/wp-json\/wp\/v2\/tags?post=40256"}],"curies":[{"name":"wp","href":"https:\/\/api.w.org\/{rel}","templated":true}]}}