{"id":40262,"date":"2022-07-30T10:45:00","date_gmt":"2022-07-30T13:45:00","guid":{"rendered":"https:\/\/blogopara.com.br\/?p=40262"},"modified":"2022-07-29T21:36:59","modified_gmt":"2022-07-30T00:36:59","slug":"adolfo-viana-volta-a-ser-cotado-para-ocupar-vaga-de-vice-de-vice-na-chapa-de-acm-neto","status":"publish","type":"post","link":"https:\/\/blogopara.com.br\/index.php\/2022\/07\/30\/adolfo-viana-volta-a-ser-cotado-para-ocupar-vaga-de-vice-de-vice-na-chapa-de-acm-neto","title":{"rendered":"Adolfo Viana volta a ser cotado para ocupar vaga de vice de vice na Chapa de ACM Neto"},"content":{"rendered":"<p style=\"font-weight: 400; text-align: justify;\">Apesar de n\u00e3o ser um nome &#8220;fora do radar&#8221; ou\u00a0&#8220;surpresa&#8221; (<a href=\"https:\/\/www.bahianoticias.com.br\/noticia\/270893-convicto-de-que-vice-saira-do-republicanos-marinho-nao-cre-em-surpresas-nao-ouvi-isso.html\">reveja aqui<\/a>), o deputado federal Adolfo Viana (PSDB) voltou a ser cotado a ocupar a vaga de vice na chapa de ACM Neto (Uni\u00e3o), ao governo da Bahia. Segundo informa\u00e7\u00f5es do Bahia Not\u00edcias, a possibilidade de Viana ocupar o espa\u00e7o tem crescido por conta de um ajuste entre aliados.\u00a0<\/p>\n<p style=\"font-weight: 400; text-align: justify;\"><b><strong>De acordo com interlocutores do arco de apoio do ex-prefeito de Salvador, a possibilidade ganhou for\u00e7a ap\u00f3s a Neto buscar\u00a0&#8220;realocar&#8221; o espa\u00e7o de Marcelo Nilo (Republicanos), que ainda segue sendo cotado para a vice. Nilo retornaria para a disputa a uma vaga na C\u00e2mara de Deputados, ancorado no\u00a0capital eleitoral do tucano. O PSDB j\u00e1 tinha sinalizado anteriormente o desejo pela vaga (<a href=\"https:\/\/www.bahianoticias.com.br\/noticia\/267524-psdb-defende-adolfo-viana-para-disputar-vaga-de-vice-na-chapa-de-acm-neto.html\">veja aqui<\/a>).\u00a0<\/strong><\/b><\/p>\n<p style=\"font-weight: 400; text-align: justify;\">O ajuste tamb\u00e9m passaria pela defini\u00e7\u00e3o do nome para a vice, de acordo com um dos aliados de Neto. O pr\u00e9-candidato ao governo teria &#8220;estreitado&#8221; a decis\u00e3o, apesar de ainda n\u00e3o ter batido o martelo sobre o nome. A previs\u00e3o \u00e9 que as defini\u00e7\u00f5es devam ocorrer apenas na pr\u00f3xima segunda-feira (1\u00ba) (<a href=\"https:\/\/www.bahianoticias.com.br\/noticia\/270868-acm-neto-congela-debate-sobre-vice-e-adia-anuncio-para-semana-da-convencao.html\">reveja aqui<\/a>).\u00a0<\/p>\n<p style=\"font-weight: 400; text-align: justify;\"><b><strong>Dentro do PSDB, outros nomes chegaram a ser mencionados, entre eles, o do prefeito de Mata de S\u00e3o Jo\u00e3o, Jo\u00e3o Gualberto (PSDB), que acabou n\u00e3o sendo desincompatibilizado (<a href=\"https:\/\/www.bahianoticias.com.br\/noticia\/267490-gualberto-permanece-na-prefeitura-e-vice-de-acm-neto-fica-entre-pdt-e-republicanos.html\">veja mais<\/a>). Al\u00e9m dele, o novo nome escolhido pelo partido foi o da vereadora de Salvador, Cris Correia (<a href=\"https:\/\/www.bahianoticias.com.br\/noticia\/269510-por-clamor-da-sociedade-para-mulher-na-vice-de-neto-psdb-indica-cris-correia-a-vaga.html\">relembre aqui<\/a>).<\/strong><\/b><\/p>\n\n\n<p>Bahia Noticias<\/p>\n","protected":false},"excerpt":{"rendered":"<p>Apesar de n\u00e3o ser um nome &#8220;fora do radar&#8221; ou\u00a0&#8220;surpresa&#8221; (reveja aqui), o deputado federal Adolfo Viana (PSDB) voltou a ser cotado a ocupar a vaga de vice na chapa de ACM Neto (Uni\u00e3o), ao governo da Bahia. Segundo informa\u00e7\u00f5es do Bahia Not\u00edcias, a possibilidade de Viana ocupar o espa\u00e7o tem crescido por conta de [&hellip;]<\/p>\n","protected":false},"author":1,"featured_media":35580,"comment_status":"closed","ping_status":"open","sticky":false,"template":"","format":"standard","meta":{"_uag_custom_page_level_css":"","_monsterinsights_skip_tracking":false,"_monsterinsights_sitenote_active":false,"_monsterinsights_sitenote_note":"","_monsterinsights_sitenote_category":0,"jetpack_post_was_ever_published":false,"_jetpack_newsletter_access":"","_jetpack_dont_email_post_to_subs":false,"_jetpack_newsletter_tier_id":0,"_jetpack_memberships_contains_paywalled_content":false,"_jetpack_memberships_contains_paid_content":false,"footnotes":"","jetpack_publicize_message":"","jetpack_publicize_feature_enabled":true,"jetpack_social_post_already_shared":true,"jetpack_social_options":{"image_generator_settings":{"template":"highway","default_image_id":0,"font":"","enabled":false},"version":2}},"categories":[199,10075],"tags":[],"class_list":["post-40262","post","type-post","status-publish","format-standard","has-post-thumbnail","hentry","category-bahia","category-eleicoes"],"jetpack_publicize_connections":[],"jetpack_featured_media_url":"https:\/\/blogopara.com.br\/wp-content\/uploads\/2022\/04\/acm-neto-adolfo-viana_widelg_widelg.jpg","uagb_featured_image_src":{"full":["https:\/\/blogopara.com.br\/wp-content\/uploads\/2022\/04\/acm-neto-adolfo-viana_widelg_widelg.jpg",500,281,false],"thumbnail":["https:\/\/blogopara.com.br\/wp-content\/uploads\/2022\/04\/acm-neto-adolfo-viana_widelg_widelg-150x150.jpg",150,150,true],"medium":["https:\/\/blogopara.com.br\/wp-content\/uploads\/2022\/04\/acm-neto-adolfo-viana_widelg_widelg-300x169.jpg",300,169,true],"medium_large":["https:\/\/blogopara.com.br\/wp-content\/uploads\/2022\/04\/acm-neto-adolfo-viana_widelg_widelg.jpg",500,281,false],"large":["https:\/\/blogopara.com.br\/wp-content\/uploads\/2022\/04\/acm-neto-adolfo-viana_widelg_widelg.jpg",500,281,false],"1536x1536":["https:\/\/blogopara.com.br\/wp-content\/uploads\/2022\/04\/acm-neto-adolfo-viana_widelg_widelg.jpg",500,281,false],"2048x2048":["https:\/\/blogopara.com.br\/wp-content\/uploads\/2022\/04\/acm-neto-adolfo-viana_widelg_widelg.jpg",500,281,false],"mantranews-slider-large":["https:\/\/blogopara.com.br\/wp-content\/uploads\/2022\/04\/acm-neto-adolfo-viana_widelg_widelg.jpg",500,281,false],"mantranews-featured-medium":["https:\/\/blogopara.com.br\/wp-content\/uploads\/2022\/04\/acm-neto-adolfo-viana_widelg_widelg-420x281.jpg",420,281,true],"mantranews-featured-long":["https:\/\/blogopara.com.br\/wp-content\/uploads\/2022\/04\/acm-neto-adolfo-viana_widelg_widelg-300x281.jpg",300,281,true],"mantranews-block-medium":["https:\/\/blogopara.com.br\/wp-content\/uploads\/2022\/04\/acm-neto-adolfo-viana_widelg_widelg-464x281.jpg",464,281,true],"mantranews-carousel-image":["https:\/\/blogopara.com.br\/wp-content\/uploads\/2022\/04\/acm-neto-adolfo-viana_widelg_widelg.jpg",500,281,false],"mantranews-block-thumb":["https:\/\/blogopara.com.br\/wp-content\/uploads\/2022\/04\/acm-neto-adolfo-viana_widelg_widelg-322x230.jpg",322,230,true],"mantranews-single-large":["https:\/\/blogopara.com.br\/wp-content\/uploads\/2022\/04\/acm-neto-adolfo-viana_widelg_widelg.jpg",500,281,false]},"uagb_author_info":{"display_name":"Reda\u00e7\u00e3o geral","author_link":"https:\/\/blogopara.com.br\/index.php\/author\/blogopara"},"uagb_comment_info":0,"uagb_excerpt":"Apesar de n\u00e3o ser um nome &#8220;fora do radar&#8221; ou\u00a0&#8220;surpresa&#8221; (reveja aqui), o deputado federal Adolfo Viana (PSDB) voltou a ser cotado a ocupar a vaga de vice na chapa de ACM Neto (Uni\u00e3o), ao governo da Bahia. Segundo informa\u00e7\u00f5es do Bahia Not\u00edcias, a possibilidade de Viana ocupar o espa\u00e7o tem crescido por conta de&hellip;","jetpack_sharing_enabled":true,"jetpack_likes_enabled":true,"_links":{"self":[{"href":"https:\/\/blogopara.com.br\/index.php\/wp-json\/wp\/v2\/posts\/40262","targetHints":{"allow":["GET"]}}],"collection":[{"href":"https:\/\/blogopara.com.br\/index.php\/wp-json\/wp\/v2\/posts"}],"about":[{"href":"https:\/\/blogopara.com.br\/index.php\/wp-json\/wp\/v2\/types\/post"}],"author":[{"embeddable":true,"href":"https:\/\/blogopara.com.br\/index.php\/wp-json\/wp\/v2\/users\/1"}],"replies":[{"embeddable":true,"href":"https:\/\/blogopara.com.br\/index.php\/wp-json\/wp\/v2\/comments?post=40262"}],"version-history":[{"count":1,"href":"https:\/\/blogopara.com.br\/index.php\/wp-json\/wp\/v2\/posts\/40262\/revisions"}],"predecessor-version":[{"id":40263,"href":"https:\/\/blogopara.com.br\/index.php\/wp-json\/wp\/v2\/posts\/40262\/revisions\/40263"}],"wp:featuredmedia":[{"embeddable":true,"href":"https:\/\/blogopara.com.br\/index.php\/wp-json\/wp\/v2\/media\/35580"}],"wp:attachment":[{"href":"https:\/\/blogopara.com.br\/index.php\/wp-json\/wp\/v2\/media?parent=40262"}],"wp:term":[{"taxonomy":"category","embeddable":true,"href":"https:\/\/blogopara.com.br\/index.php\/wp-json\/wp\/v2\/categories?post=40262"},{"taxonomy":"post_tag","embeddable":true,"href":"https:\/\/blogopara.com.br\/index.php\/wp-json\/wp\/v2\/tags?post=40262"}],"curies":[{"name":"wp","href":"https:\/\/api.w.org\/{rel}","templated":true}]}}