{"id":40266,"date":"2022-07-30T17:45:00","date_gmt":"2022-07-30T20:45:00","guid":{"rendered":"https:\/\/blogopara.com.br\/?p=40266"},"modified":"2022-07-29T22:02:44","modified_gmt":"2022-07-30T01:02:44","slug":"casa-da-mulher-rural-sera-inaugurada-pela-prefeitura-de-juazeiro-na-proxima-terca-feira","status":"publish","type":"post","link":"https:\/\/blogopara.com.br\/index.php\/2022\/07\/30\/casa-da-mulher-rural-sera-inaugurada-pela-prefeitura-de-juazeiro-na-proxima-terca-feira","title":{"rendered":"Casa da Mulher Rural ser\u00e1 inaugurada pela Prefeitura de Juazeiro na pr\u00f3xima ter\u00e7a-feira"},"content":{"rendered":"<p dir=\"ltr\">A luta pelo reconhecimento e a busca pela valoriza\u00e7\u00e3o da mulher no campo, tem se materializado atrav\u00e9s de excelentes resultados na gest\u00e3o Suzana Ramos, o indicativo disso, ser\u00e1 a inaugura\u00e7\u00e3o da Casa da Mulher Rural, que ir\u00e1 acontecer na pr\u00f3xima ter\u00e7a-feira (2), \u00e0s 10h, ainda como parte da celebra\u00e7\u00e3o pelo anivers\u00e1rio dos 144 anos de Juazeiro.<\/p>\n<p dir=\"ltr\">Localizada na Pra\u00e7a Imaculada Concei\u00e7\u00e3o\/Pra\u00e7a da Bandeira, N\u00famero 54, Centro, a Casa da Mulher Rural \u00e9 um novo equipamento de assist\u00eancia social da Prefeitura de Juazeiro, atrav\u00e9s da Secretaria de Desenvolvimento Social, Mulher e Diversidade (Sedes) e ir\u00e1 oferecer gratuitamente, servi\u00e7os de qualidade para o suprimento das necessidades b\u00e1sicas das usu\u00e1rias, mulheres que vivem no interior e precisam de acolhimento para suprir suas necessidades, como realiza\u00e7\u00e3o de consultas, exames, atendimentos m\u00e9dicos, enquanto permanecem na sede do munic\u00edpio.&nbsp;<\/p>\n<p dir=\"ltr\">Al\u00e9m do esfor\u00e7o para conseguir recursos que garantam melhorias na qualidade de vida das mulheres rurais, a Prefeitura de Juazeiro, atrav\u00e9s da Sedes, presta diversos Servi\u00e7os Socioassistenciais \u00e0s mulheres, atuando de forma articulada com as demais pol\u00edticas p\u00fablicas e servi\u00e7os.<\/p>\n<p dir=\"ltr\">Para a prefeita Suzana Ramos, a implanta\u00e7\u00e3o desse servi\u00e7o representa o compromisso com o povo do interior. \u201cEsse \u00e9 mais um compromisso com o nosso povo do interior que estamos realizando. A implanta\u00e7\u00e3o da Casa da Mulher Rural representa uma conquista muito grande e n\u00f3s j\u00e1 estamos prontos para abrir as portas desse importante equipamento que vai servir muito bem \u00e0 nossa comunidade rural que busca atendimentos no centro da cidade e n\u00e3o tem onde ficar\u201d, frisou a gestora.&nbsp;<\/p>\n<p dir=\"ltr\">Funcionamento<\/p>\n<p dir=\"ltr\">A Casa da Mulher Rural funcionar\u00e1 de forma integral, atendendo \u00e0s necessidades conforme as especificidades indicadas, realizando encaminhamentos de acordo com a demanda, dispondo de toda log\u00edstica e estrutura necess\u00e1ria para receber e acolher suas usu\u00e1rias. Como forma de acesso, mulheres da \u00e1rea rural, com idade igual ou superior a 18 anos, poder\u00e3o realizar agendamento pr\u00e9vio com a coordena\u00e7\u00e3o da casa para acolhimento no local.&nbsp;<\/p>\n\n\n<p>Ascom\/ PMJ<\/p>\n","protected":false},"excerpt":{"rendered":"<p>A luta pelo reconhecimento e a busca pela valoriza\u00e7\u00e3o da mulher no campo, tem se materializado atrav\u00e9s de excelentes resultados na gest\u00e3o Suzana Ramos, o indicativo disso, ser\u00e1 a inaugura\u00e7\u00e3o da Casa da Mulher Rural, que ir\u00e1 acontecer na pr\u00f3xima ter\u00e7a-feira (2), \u00e0s 10h, ainda como parte da celebra\u00e7\u00e3o pelo anivers\u00e1rio dos 144 anos de [&hellip;]<\/p>\n","protected":false},"author":1,"featured_media":40267,"comment_status":"closed","ping_status":"open","sticky":false,"template":"","format":"standard","meta":{"_uag_custom_page_level_css":"","_monsterinsights_skip_tracking":false,"_monsterinsights_sitenote_active":false,"_monsterinsights_sitenote_note":"","_monsterinsights_sitenote_category":0,"jetpack_post_was_ever_published":false,"_jetpack_newsletter_access":"","_jetpack_dont_email_post_to_subs":false,"_jetpack_newsletter_tier_id":0,"_jetpack_memberships_contains_paywalled_content":false,"_jetpack_memberships_contains_paid_content":false,"footnotes":"","jetpack_publicize_message":"","jetpack_publicize_feature_enabled":true,"jetpack_social_post_already_shared":true,"jetpack_social_options":{"image_generator_settings":{"template":"highway","default_image_id":0,"font":"","enabled":false},"version":2}},"categories":[204],"tags":[],"class_list":["post-40266","post","type-post","status-publish","format-standard","has-post-thumbnail","hentry","category-social"],"jetpack_publicize_connections":[],"jetpack_featured_media_url":"https:\/\/blogopara.com.br\/wp-content\/uploads\/2022\/07\/Casa-da-Mulher-Rural-1.jpg","uagb_featured_image_src":{"full":["https:\/\/blogopara.com.br\/wp-content\/uploads\/2022\/07\/Casa-da-Mulher-Rural-1.jpg",500,500,false],"thumbnail":["https:\/\/blogopara.com.br\/wp-content\/uploads\/2022\/07\/Casa-da-Mulher-Rural-1-150x150.jpg",150,150,true],"medium":["https:\/\/blogopara.com.br\/wp-content\/uploads\/2022\/07\/Casa-da-Mulher-Rural-1-300x300.jpg",300,300,true],"medium_large":["https:\/\/blogopara.com.br\/wp-content\/uploads\/2022\/07\/Casa-da-Mulher-Rural-1.jpg",500,500,false],"large":["https:\/\/blogopara.com.br\/wp-content\/uploads\/2022\/07\/Casa-da-Mulher-Rural-1.jpg",500,500,false],"1536x1536":["https:\/\/blogopara.com.br\/wp-content\/uploads\/2022\/07\/Casa-da-Mulher-Rural-1.jpg",500,500,false],"2048x2048":["https:\/\/blogopara.com.br\/wp-content\/uploads\/2022\/07\/Casa-da-Mulher-Rural-1.jpg",500,500,false],"mantranews-slider-large":["https:\/\/blogopara.com.br\/wp-content\/uploads\/2022\/07\/Casa-da-Mulher-Rural-1.jpg",500,500,false],"mantranews-featured-medium":["https:\/\/blogopara.com.br\/wp-content\/uploads\/2022\/07\/Casa-da-Mulher-Rural-1-420x307.jpg",420,307,true],"mantranews-featured-long":["https:\/\/blogopara.com.br\/wp-content\/uploads\/2022\/07\/Casa-da-Mulher-Rural-1-300x443.jpg",300,443,true],"mantranews-block-medium":["https:\/\/blogopara.com.br\/wp-content\/uploads\/2022\/07\/Casa-da-Mulher-Rural-1-464x290.jpg",464,290,true],"mantranews-carousel-image":["https:\/\/blogopara.com.br\/wp-content\/uploads\/2022\/07\/Casa-da-Mulher-Rural-1.jpg",500,500,false],"mantranews-block-thumb":["https:\/\/blogopara.com.br\/wp-content\/uploads\/2022\/07\/Casa-da-Mulher-Rural-1-322x230.jpg",322,230,true],"mantranews-single-large":["https:\/\/blogopara.com.br\/wp-content\/uploads\/2022\/07\/Casa-da-Mulher-Rural-1.jpg",500,500,false]},"uagb_author_info":{"display_name":"Reda\u00e7\u00e3o geral","author_link":"https:\/\/blogopara.com.br\/index.php\/author\/blogopara"},"uagb_comment_info":0,"uagb_excerpt":"A luta pelo reconhecimento e a busca pela valoriza\u00e7\u00e3o da mulher no campo, tem se materializado atrav\u00e9s de excelentes resultados na gest\u00e3o Suzana Ramos, o indicativo disso, ser\u00e1 a inaugura\u00e7\u00e3o da Casa da Mulher Rural, que ir\u00e1 acontecer na pr\u00f3xima ter\u00e7a-feira (2), \u00e0s 10h, ainda como parte da celebra\u00e7\u00e3o pelo anivers\u00e1rio dos 144 anos de&hellip;","jetpack_sharing_enabled":true,"jetpack_likes_enabled":true,"_links":{"self":[{"href":"https:\/\/blogopara.com.br\/index.php\/wp-json\/wp\/v2\/posts\/40266","targetHints":{"allow":["GET"]}}],"collection":[{"href":"https:\/\/blogopara.com.br\/index.php\/wp-json\/wp\/v2\/posts"}],"about":[{"href":"https:\/\/blogopara.com.br\/index.php\/wp-json\/wp\/v2\/types\/post"}],"author":[{"embeddable":true,"href":"https:\/\/blogopara.com.br\/index.php\/wp-json\/wp\/v2\/users\/1"}],"replies":[{"embeddable":true,"href":"https:\/\/blogopara.com.br\/index.php\/wp-json\/wp\/v2\/comments?post=40266"}],"version-history":[{"count":2,"href":"https:\/\/blogopara.com.br\/index.php\/wp-json\/wp\/v2\/posts\/40266\/revisions"}],"predecessor-version":[{"id":40269,"href":"https:\/\/blogopara.com.br\/index.php\/wp-json\/wp\/v2\/posts\/40266\/revisions\/40269"}],"wp:featuredmedia":[{"embeddable":true,"href":"https:\/\/blogopara.com.br\/index.php\/wp-json\/wp\/v2\/media\/40267"}],"wp:attachment":[{"href":"https:\/\/blogopara.com.br\/index.php\/wp-json\/wp\/v2\/media?parent=40266"}],"wp:term":[{"taxonomy":"category","embeddable":true,"href":"https:\/\/blogopara.com.br\/index.php\/wp-json\/wp\/v2\/categories?post=40266"},{"taxonomy":"post_tag","embeddable":true,"href":"https:\/\/blogopara.com.br\/index.php\/wp-json\/wp\/v2\/tags?post=40266"}],"curies":[{"name":"wp","href":"https:\/\/api.w.org\/{rel}","templated":true}]}}