{"id":40277,"date":"2022-07-30T20:32:00","date_gmt":"2022-07-30T23:32:00","guid":{"rendered":"https:\/\/blogopara.com.br\/?p=40277"},"modified":"2022-07-30T17:43:50","modified_gmt":"2022-07-30T20:43:50","slug":"de-olho-em-votos-do-nordeste-lula-e-bolsonaro-citam-transposicao-do-sao-francisco","status":"publish","type":"post","link":"https:\/\/blogopara.com.br\/index.php\/2022\/07\/30\/de-olho-em-votos-do-nordeste-lula-e-bolsonaro-citam-transposicao-do-sao-francisco","title":{"rendered":"De olho em votos do Nordeste, Lula e Bolsonaro citam transposi\u00e7\u00e3o do S\u00e3o Francisco"},"content":{"rendered":"<p style=\"text-align: justify;\">O ex-presidente\u00a0<a href=\"https:\/\/www.cnnbrasil.com.br\/tudo-sobre\/luiz-inacio-lula-da-silva\/\">Luiz In\u00e1cio Lula da Silva<\/a>\u00a0(PT) e o presidente\u00a0<a href=\"https:\/\/www.cnnbrasil.com.br\/tudo-sobre\/jair-bolsonaro\/\">Jair Bolsonaro<\/a>\u00a0(PL), candidatos ao Pal\u00e1cio do Planalto, citaram a obra de transposi\u00e7\u00e3o do\u00a0<a href=\"https:\/\/www.cnnbrasil.com.br\/tudo-sobre\/rio-sao-francisco\/\">rio S\u00e3o Francisco<\/a>\u00a0durante discursos neste s\u00e1bado (30). Enquanto em Fortaleza o petista defendeu a autoria da obra, o candidato \u00e0 reelei\u00e7\u00e3o fez, em S\u00e3o Paulo, uma refer\u00eancia ao valor dela, mencionando casos de corrup\u00e7\u00e3o.<\/p>\n<p style=\"text-align: justify;\">O objetivo da obra \u00e9 levar \u00e1gua para 12 milh\u00f5es de pessoas em 390 munic\u00edpios dos estados de Pernambuco, Para\u00edba, Cear\u00e1 e Rio Grande do Norte. De acordo com as pesquisas de inten\u00e7\u00e3o de voto, Lula lidera com vantagem no\u00a0<a href=\"https:\/\/www.cnnbrasil.com.br\/tudo-sobre\/nordeste\/\">Nordeste<\/a>. Bolsonaro tenta reduzir a diferen\u00e7a na regi\u00e3o. O primeiro turno das elei\u00e7\u00f5es est\u00e1 marcado para 2 de outubro.<\/p>\n<p style=\"text-align: justify;\">\u201cVoc\u00eas est\u00e3o lembrados. Era imposs\u00edvel fazer a transposi\u00e7\u00e3o do rio S\u00e3o Francisco. D. Pedro [2\u00ba] tentou fazer quando era imperador e n\u00e3o conseguiu. Pois bem, n\u00f3s fizemos a transposi\u00e7\u00e3o\u201d, disse Lula.<\/p>\n<p style=\"text-align: justify;\">\u201cEu e a Dilma fizemos 88% das obras. O outro que deu o golpe [refer\u00eancia a Michel Temer] fez 7% e o mentiroso [refer\u00eancia a Jair Bolsonaro] fez apenas 5%, e colocou na televis\u00e3o que era ele que fez a transposi\u00e7\u00e3o. Na verdade, ele [Bolsonaro] n\u00e3o conseguiu fazer transposi\u00e7\u00e3o nem para levar \u00e1gua para a boca dele para lavar de tanta mentira que ele conta para esse pa\u00eds\u201d, acrescentou.<\/p>\n<p style=\"text-align: justify;\">O discurso foi feito durante ato de apoio \u00e0 candidatura de Elmano Freitas (PT) ao governo do Cear\u00e1.<\/p>\n<p style=\"text-align: justify;\">Em S\u00e3o Paulo, na conven\u00e7\u00e3o do Republicanos que oficializou a candidatura do ex-ministro Tarc\u00edsio de Freitas ao governo estadual quase no mesmo hor\u00e1rio, Bolsonaro citou desvios na Petrobras ao compar\u00e1-los com o valor da obra de transposi\u00e7\u00e3o.<\/p>\n<p style=\"text-align: justify;\">\u201cO pessoal reclamava at\u00e9 pouco tempo do pre\u00e7o do combust\u00edvel. Com raz\u00e3o. Era uma crise e ainda \u00e9 no mundo todo. Mas a nossa Petrobras, entre 2003 e 2015, se endividou na casa dos R$ 900 bilh\u00f5es, dinheiro suficiente para fazer 60 vezes a transposi\u00e7\u00e3o do rio S\u00e3o Francisco\u201d, declarou.<\/p>\n<h2 style=\"text-align: justify;\">Debate<\/h2>\n<p style=\"text-align: justify;\">As emissoras\u00a0<strong>CNN<\/strong>\u00a0e SBT, o jornal O Estado de S. Paulo, a revista Veja, o portal Terra e a r\u00e1dio NovaBrasilFM formaram um pool para realizar o debate entre os candidatos \u00e0 Presid\u00eancia da Rep\u00fablica, que acontecer\u00e1 no dia 24 de setembro.<\/p>\n<p style=\"text-align: justify;\">O debate ser\u00e1 transmitido ao vivo pela\u00a0<strong>CNN<\/strong>\u00a0na TV e por nossas plataformas digitais.<\/p>\n<p>CNN<\/p>\n","protected":false},"excerpt":{"rendered":"<p>O ex-presidente\u00a0Luiz In\u00e1cio Lula da Silva\u00a0(PT) e o presidente\u00a0Jair Bolsonaro\u00a0(PL), candidatos ao Pal\u00e1cio do Planalto, citaram a obra de transposi\u00e7\u00e3o do\u00a0rio S\u00e3o Francisco\u00a0durante discursos neste s\u00e1bado (30). Enquanto em Fortaleza o petista defendeu a autoria da obra, o candidato \u00e0 reelei\u00e7\u00e3o fez, em S\u00e3o Paulo, uma refer\u00eancia ao valor dela, mencionando casos de corrup\u00e7\u00e3o. O [&hellip;]<\/p>\n","protected":false},"author":1,"featured_media":33441,"comment_status":"closed","ping_status":"open","sticky":false,"template":"","format":"standard","meta":{"_uag_custom_page_level_css":"","_monsterinsights_skip_tracking":false,"_monsterinsights_sitenote_active":false,"_monsterinsights_sitenote_note":"","_monsterinsights_sitenote_category":0,"jetpack_post_was_ever_published":false,"_jetpack_newsletter_access":"","_jetpack_dont_email_post_to_subs":false,"_jetpack_newsletter_tier_id":0,"_jetpack_memberships_contains_paywalled_content":false,"_jetpack_memberships_contains_paid_content":false,"footnotes":"","jetpack_publicize_message":"","jetpack_publicize_feature_enabled":true,"jetpack_social_post_already_shared":true,"jetpack_social_options":{"image_generator_settings":{"template":"highway","default_image_id":0,"font":"","enabled":false},"version":2}},"categories":[200,10075],"tags":[],"class_list":["post-40277","post","type-post","status-publish","format-standard","has-post-thumbnail","hentry","category-brasil","category-eleicoes"],"jetpack_publicize_connections":[],"jetpack_featured_media_url":"https:\/\/blogopara.com.br\/wp-content\/uploads\/2022\/02\/Lula-e-Jair-Bolsonaro.jpg","uagb_featured_image_src":{"full":["https:\/\/blogopara.com.br\/wp-content\/uploads\/2022\/02\/Lula-e-Jair-Bolsonaro.jpg",500,281,false],"thumbnail":["https:\/\/blogopara.com.br\/wp-content\/uploads\/2022\/02\/Lula-e-Jair-Bolsonaro-150x150.jpg",150,150,true],"medium":["https:\/\/blogopara.com.br\/wp-content\/uploads\/2022\/02\/Lula-e-Jair-Bolsonaro-300x169.jpg",300,169,true],"medium_large":["https:\/\/blogopara.com.br\/wp-content\/uploads\/2022\/02\/Lula-e-Jair-Bolsonaro.jpg",500,281,false],"large":["https:\/\/blogopara.com.br\/wp-content\/uploads\/2022\/02\/Lula-e-Jair-Bolsonaro.jpg",500,281,false],"1536x1536":["https:\/\/blogopara.com.br\/wp-content\/uploads\/2022\/02\/Lula-e-Jair-Bolsonaro.jpg",500,281,false],"2048x2048":["https:\/\/blogopara.com.br\/wp-content\/uploads\/2022\/02\/Lula-e-Jair-Bolsonaro.jpg",500,281,false],"mantranews-slider-large":["https:\/\/blogopara.com.br\/wp-content\/uploads\/2022\/02\/Lula-e-Jair-Bolsonaro.jpg",500,281,false],"mantranews-featured-medium":["https:\/\/blogopara.com.br\/wp-content\/uploads\/2022\/02\/Lula-e-Jair-Bolsonaro-420x281.jpg",420,281,true],"mantranews-featured-long":["https:\/\/blogopara.com.br\/wp-content\/uploads\/2022\/02\/Lula-e-Jair-Bolsonaro-300x281.jpg",300,281,true],"mantranews-block-medium":["https:\/\/blogopara.com.br\/wp-content\/uploads\/2022\/02\/Lula-e-Jair-Bolsonaro-464x281.jpg",464,281,true],"mantranews-carousel-image":["https:\/\/blogopara.com.br\/wp-content\/uploads\/2022\/02\/Lula-e-Jair-Bolsonaro.jpg",500,281,false],"mantranews-block-thumb":["https:\/\/blogopara.com.br\/wp-content\/uploads\/2022\/02\/Lula-e-Jair-Bolsonaro-322x230.jpg",322,230,true],"mantranews-single-large":["https:\/\/blogopara.com.br\/wp-content\/uploads\/2022\/02\/Lula-e-Jair-Bolsonaro.jpg",500,281,false]},"uagb_author_info":{"display_name":"Reda\u00e7\u00e3o geral","author_link":"https:\/\/blogopara.com.br\/index.php\/author\/blogopara"},"uagb_comment_info":0,"uagb_excerpt":"O ex-presidente\u00a0Luiz In\u00e1cio Lula da Silva\u00a0(PT) e o presidente\u00a0Jair Bolsonaro\u00a0(PL), candidatos ao Pal\u00e1cio do Planalto, citaram a obra de transposi\u00e7\u00e3o do\u00a0rio S\u00e3o Francisco\u00a0durante discursos neste s\u00e1bado (30). Enquanto em Fortaleza o petista defendeu a autoria da obra, o candidato \u00e0 reelei\u00e7\u00e3o fez, em S\u00e3o Paulo, uma refer\u00eancia ao valor dela, mencionando casos de corrup\u00e7\u00e3o. O&hellip;","jetpack_sharing_enabled":true,"jetpack_likes_enabled":true,"_links":{"self":[{"href":"https:\/\/blogopara.com.br\/index.php\/wp-json\/wp\/v2\/posts\/40277","targetHints":{"allow":["GET"]}}],"collection":[{"href":"https:\/\/blogopara.com.br\/index.php\/wp-json\/wp\/v2\/posts"}],"about":[{"href":"https:\/\/blogopara.com.br\/index.php\/wp-json\/wp\/v2\/types\/post"}],"author":[{"embeddable":true,"href":"https:\/\/blogopara.com.br\/index.php\/wp-json\/wp\/v2\/users\/1"}],"replies":[{"embeddable":true,"href":"https:\/\/blogopara.com.br\/index.php\/wp-json\/wp\/v2\/comments?post=40277"}],"version-history":[{"count":1,"href":"https:\/\/blogopara.com.br\/index.php\/wp-json\/wp\/v2\/posts\/40277\/revisions"}],"predecessor-version":[{"id":40278,"href":"https:\/\/blogopara.com.br\/index.php\/wp-json\/wp\/v2\/posts\/40277\/revisions\/40278"}],"wp:featuredmedia":[{"embeddable":true,"href":"https:\/\/blogopara.com.br\/index.php\/wp-json\/wp\/v2\/media\/33441"}],"wp:attachment":[{"href":"https:\/\/blogopara.com.br\/index.php\/wp-json\/wp\/v2\/media?parent=40277"}],"wp:term":[{"taxonomy":"category","embeddable":true,"href":"https:\/\/blogopara.com.br\/index.php\/wp-json\/wp\/v2\/categories?post=40277"},{"taxonomy":"post_tag","embeddable":true,"href":"https:\/\/blogopara.com.br\/index.php\/wp-json\/wp\/v2\/tags?post=40277"}],"curies":[{"name":"wp","href":"https:\/\/api.w.org\/{rel}","templated":true}]}}