{"id":40336,"date":"2022-07-01T14:45:00","date_gmt":"2022-07-01T17:45:00","guid":{"rendered":"https:\/\/blogopara.com.br\/?p=40336"},"modified":"2022-07-31T23:49:21","modified_gmt":"2022-08-01T02:49:21","slug":"coronafobia-5-sinais-tipicos-que-nao-devem-ser-ignorados","status":"publish","type":"post","link":"https:\/\/blogopara.com.br\/index.php\/2022\/07\/01\/coronafobia-5-sinais-tipicos-que-nao-devem-ser-ignorados","title":{"rendered":"\u2018Coronafobia\u2019: 5 sinais t\u00edpicos que n\u00e3o devem ser ignorados"},"content":{"rendered":"<p style=\"text-align: justify;\">Para muitas pessoas a pandemia trouxe bem mais do que uma preocupa\u00e7\u00e3o moment\u00e2nea. E os n\u00fameros n\u00e3o mentem. Segundo um relat\u00f3rio divulgado, em 2020, pela Organiza\u00e7\u00e3o Mundial da Sa\u00fade, o n\u00famero de pessoas com ansiedade e depress\u00e3o aumentou 25%. Foi assim que surgiu o termo \u2018coronofobia\u2019, que \u00e9 nada mais, nada menos, que a ansiedade relacionada com o novo coronav\u00edrus.<\/p>\n<p style=\"text-align: justify;\">Pensa que pode ter esta doen\u00e7a? Veja abaixo cinco sinais t\u00edpicos de \u2018coronofobia\u2019 apontados por Vanessa Gebrim, especialista em psicologia cl\u00ednica pela Pontif\u00edcia Universidade Cat\u00f3lica de S\u00e3o Paulo, no Brasil, em declara\u00e7\u00f5es ao jornal Metr\u00f3poles:<\/p>\n<p style=\"text-align: justify;\"><strong>1- Medo de sair de casa;<\/strong><\/p>\n<p style=\"text-align: justify;\"><strong>2- N\u00edveis de stress elevados;<\/strong><\/p>\n<p style=\"text-align: justify;\"><strong>3- Perturba\u00e7\u00f5es do sono, falta de ar e palpita\u00e7\u00f5es;<\/strong><\/p>\n<p style=\"text-align: justify;\"><strong>4- Fobia social;<\/strong><\/p>\n<p style=\"text-align: justify;\"><strong>5- Hipocondria.<\/strong><\/p>\n<p style=\"text-align: justify;\"><strong>O que fazer se apresentar sintomas de Covid-19:<\/strong><\/p>\n<p style=\"text-align: justify;\">Mantenha a calma e evite deslocar-se aos hospitais. Fique em casa e busque informa\u00e7\u00f5es com o Sistema \u00danico de Sa\u00fade. Siga todas as orienta\u00e7\u00f5es dadas por m\u00e9dicos e evite estar pr\u00f3ximo de pessoas, mantendo uma dist\u00e2ncia de, pelo menos, dois metros.<\/p>\n\n\n<p>Informe Baiano<\/p>\n","protected":false},"excerpt":{"rendered":"<p>Para muitas pessoas a pandemia trouxe bem mais do que uma preocupa\u00e7\u00e3o moment\u00e2nea. E os n\u00fameros n\u00e3o mentem. Segundo um relat\u00f3rio divulgado, em 2020, pela Organiza\u00e7\u00e3o Mundial da Sa\u00fade, o n\u00famero de pessoas com ansiedade e depress\u00e3o aumentou 25%. Foi assim que surgiu o termo \u2018coronofobia\u2019, que \u00e9 nada mais, nada menos, que a ansiedade [&hellip;]<\/p>\n","protected":false},"author":1,"featured_media":40337,"comment_status":"closed","ping_status":"open","sticky":false,"template":"","format":"standard","meta":{"_uag_custom_page_level_css":"","_monsterinsights_skip_tracking":false,"_monsterinsights_sitenote_active":false,"_monsterinsights_sitenote_note":"","_monsterinsights_sitenote_category":0,"jetpack_post_was_ever_published":false,"_jetpack_newsletter_access":"","_jetpack_dont_email_post_to_subs":false,"_jetpack_newsletter_tier_id":0,"_jetpack_memberships_contains_paywalled_content":false,"_jetpack_memberships_contains_paid_content":false,"footnotes":"","jetpack_publicize_message":"","jetpack_publicize_feature_enabled":true,"jetpack_social_post_already_shared":true,"jetpack_social_options":{"image_generator_settings":{"template":"highway","default_image_id":0,"font":"","enabled":false},"version":2}},"categories":[205],"tags":[1483],"class_list":["post-40336","post","type-post","status-publish","format-standard","has-post-thumbnail","hentry","category-saude","tag-covid-19"],"jetpack_publicize_connections":[],"jetpack_featured_media_url":"https:\/\/blogopara.com.br\/wp-content\/uploads\/2022\/07\/coronofobia.jpg","uagb_featured_image_src":{"full":["https:\/\/blogopara.com.br\/wp-content\/uploads\/2022\/07\/coronofobia.jpg",500,304,false],"thumbnail":["https:\/\/blogopara.com.br\/wp-content\/uploads\/2022\/07\/coronofobia-150x150.jpg",150,150,true],"medium":["https:\/\/blogopara.com.br\/wp-content\/uploads\/2022\/07\/coronofobia-300x182.jpg",300,182,true],"medium_large":["https:\/\/blogopara.com.br\/wp-content\/uploads\/2022\/07\/coronofobia.jpg",500,304,false],"large":["https:\/\/blogopara.com.br\/wp-content\/uploads\/2022\/07\/coronofobia.jpg",500,304,false],"1536x1536":["https:\/\/blogopara.com.br\/wp-content\/uploads\/2022\/07\/coronofobia.jpg",500,304,false],"2048x2048":["https:\/\/blogopara.com.br\/wp-content\/uploads\/2022\/07\/coronofobia.jpg",500,304,false],"mantranews-slider-large":["https:\/\/blogopara.com.br\/wp-content\/uploads\/2022\/07\/coronofobia.jpg",500,304,false],"mantranews-featured-medium":["https:\/\/blogopara.com.br\/wp-content\/uploads\/2022\/07\/coronofobia-420x304.jpg",420,304,true],"mantranews-featured-long":["https:\/\/blogopara.com.br\/wp-content\/uploads\/2022\/07\/coronofobia-300x304.jpg",300,304,true],"mantranews-block-medium":["https:\/\/blogopara.com.br\/wp-content\/uploads\/2022\/07\/coronofobia-464x290.jpg",464,290,true],"mantranews-carousel-image":["https:\/\/blogopara.com.br\/wp-content\/uploads\/2022\/07\/coronofobia.jpg",500,304,false],"mantranews-block-thumb":["https:\/\/blogopara.com.br\/wp-content\/uploads\/2022\/07\/coronofobia-322x230.jpg",322,230,true],"mantranews-single-large":["https:\/\/blogopara.com.br\/wp-content\/uploads\/2022\/07\/coronofobia.jpg",500,304,false]},"uagb_author_info":{"display_name":"Reda\u00e7\u00e3o geral","author_link":"https:\/\/blogopara.com.br\/index.php\/author\/blogopara"},"uagb_comment_info":0,"uagb_excerpt":"Para muitas pessoas a pandemia trouxe bem mais do que uma preocupa\u00e7\u00e3o moment\u00e2nea. E os n\u00fameros n\u00e3o mentem. Segundo um relat\u00f3rio divulgado, em 2020, pela Organiza\u00e7\u00e3o Mundial da Sa\u00fade, o n\u00famero de pessoas com ansiedade e depress\u00e3o aumentou 25%. Foi assim que surgiu o termo \u2018coronofobia\u2019, que \u00e9 nada mais, nada menos, que a ansiedade&hellip;","jetpack_sharing_enabled":true,"jetpack_likes_enabled":true,"_links":{"self":[{"href":"https:\/\/blogopara.com.br\/index.php\/wp-json\/wp\/v2\/posts\/40336","targetHints":{"allow":["GET"]}}],"collection":[{"href":"https:\/\/blogopara.com.br\/index.php\/wp-json\/wp\/v2\/posts"}],"about":[{"href":"https:\/\/blogopara.com.br\/index.php\/wp-json\/wp\/v2\/types\/post"}],"author":[{"embeddable":true,"href":"https:\/\/blogopara.com.br\/index.php\/wp-json\/wp\/v2\/users\/1"}],"replies":[{"embeddable":true,"href":"https:\/\/blogopara.com.br\/index.php\/wp-json\/wp\/v2\/comments?post=40336"}],"version-history":[{"count":1,"href":"https:\/\/blogopara.com.br\/index.php\/wp-json\/wp\/v2\/posts\/40336\/revisions"}],"predecessor-version":[{"id":40338,"href":"https:\/\/blogopara.com.br\/index.php\/wp-json\/wp\/v2\/posts\/40336\/revisions\/40338"}],"wp:featuredmedia":[{"embeddable":true,"href":"https:\/\/blogopara.com.br\/index.php\/wp-json\/wp\/v2\/media\/40337"}],"wp:attachment":[{"href":"https:\/\/blogopara.com.br\/index.php\/wp-json\/wp\/v2\/media?parent=40336"}],"wp:term":[{"taxonomy":"category","embeddable":true,"href":"https:\/\/blogopara.com.br\/index.php\/wp-json\/wp\/v2\/categories?post=40336"},{"taxonomy":"post_tag","embeddable":true,"href":"https:\/\/blogopara.com.br\/index.php\/wp-json\/wp\/v2\/tags?post=40336"}],"curies":[{"name":"wp","href":"https:\/\/api.w.org\/{rel}","templated":true}]}}