{"id":4044,"date":"2019-10-19T17:34:36","date_gmt":"2019-10-19T20:34:36","guid":{"rendered":"http:\/\/blogopara.com.br\/?p=4044"},"modified":"2019-10-19T17:34:44","modified_gmt":"2019-10-19T20:34:44","slug":"bombeiros-morrem-quando-combatiam-incendio-na-whiskeria-quatro-por-quatro","status":"publish","type":"post","link":"https:\/\/blogopara.com.br\/index.php\/2019\/10\/19\/bombeiros-morrem-quando-combatiam-incendio-na-whiskeria-quatro-por-quatro","title":{"rendered":"Bombeiros morrem  quando combatiam inc\u00eandio na Whiskeria Quatro por Quatro"},"content":{"rendered":"<div class=\"mc-column content-text active-extra-styles \" data-block-type=\"unstyled\" data-block-weight=\"35\" data-block-id=\"3\">\n<p class=\"content-text__container \" style=\"text-align: justify;\" data-track-category=\"Link no Texto\" data-track-links=\"\">Tr\u00eas bombeiros morreram e outros tr\u00eas ficaram feridos durante o combate a um inc\u00eandio na Whiskeria Quatro por Quatro, na Rua Buenos Aires, n\u00famero 44, no Centro do Rio, na tarde desta sexta-feira (18).<\/p>\n<\/div>\n<div class=\"wall protected-content\">\n<div class=\"mc-column content-text active-extra-styles \" style=\"text-align: justify;\" data-block-type=\"unstyled\" data-block-weight=\"59\" data-block-id=\"4\">\n<p class=\"content-text__container \" data-track-category=\"Link no Texto\" data-track-links=\"\">O comandante-geral do Corpo de Bombeiros, Roberto Robadey, informou que outros tr\u00eas bombeiros ficaram feridos e foram socorridos. O que est\u00e1 em estado mais grave foi levado para o Hospital Municipal Souza Aguiar, no Centro, e passou por uma cirurgia. Os outros dois bombeiros em estado est\u00e1vel foram encaminhados para o Hospital Central Aristarcho Pessoa, no Rio Comprido.<\/p>\n<\/div>\n<div class=\"mc-column content-text active-extra-styles \" style=\"text-align: justify;\" data-block-type=\"unstyled\" data-block-weight=\"8\" data-block-id=\"5\">\n<p class=\"content-text__container \" data-track-category=\"Link no Texto\" data-track-links=\"\">As identifica\u00e7\u00f5es ainda n\u00e3o foram confirmadas.<\/p>\n<p data-track-category=\"Link no Texto\" data-track-links=\"\">&#8220;\u00c9 um momento muito triste pra n\u00f3s do corpo de bombeiros. Perdemos tr\u00eas companheiros e outros tr\u00eas militares em observa\u00e7\u00e3o. Um aqui acabou de sair de um procedimento cir\u00fargico e ser\u00e1 transferido para o nosso hospital. Parece que foi um sucesso, segundo os m\u00e9dicos. N\u00f3s solidarizamos com as fam\u00edlias desses her\u00f3is que juraram isso. Todos tinham mais de dez anos de servi\u00e7o. Experientes. Um inc\u00eandio que n\u00f3s est\u00e1vamos acompanhando desde cedo. Inc\u00eandio simples que n\u00e3o parecia ter nenhuma complica\u00e7\u00e3o. Fomos surpreendidos. Era uma casa antiga e com muitas divis\u00f3rias. Provavelmente, eles tiveram dificuldades de sair e foram surpreendidos pela fuma\u00e7a. Basicamente, o problema foi a inala\u00e7\u00e3o de fuma\u00e7a&#8221;, disse o comandante-geral.<\/p>\n<div class=\"mc-column content-text active-extra-styles\" data-block-type=\"raw\" data-block-weight=\"1\" data-block-id=\"14\">\n<div class=\"content-intertitle\">\n<h2>Investiga\u00e7\u00e3o<\/h2>\n<\/div>\n<\/div>\n<div class=\"mc-column content-text active-extra-styles \" data-block-type=\"unstyled\" data-block-weight=\"36\" data-block-id=\"15\">\n<p class=\"content-text__container \" data-track-category=\"Link no Texto\" data-track-links=\"\">O Corpo de Bombeiros informou que vai abrir uma sindic\u00e2ncia para apurar as causas do ocorrido. A 1\u00aa Delegacia de Pol\u00edcia (Centro) abriu inqu\u00e9rito, far\u00e1 per\u00edcia e j\u00e1 come\u00e7ou a ouvir testemunhas para investigar o caso.<\/p>\n<\/div>\n<div class=\"mc-column content-text active-extra-styles \" data-block-type=\"unstyled\" data-block-weight=\"33\" data-block-id=\"16\">\n<p class=\"content-text__container \" data-track-category=\"Link no Texto\" data-track-links=\"\">&#8220;Equipes de assistentes sociais j\u00e1 est\u00e3o em contato com os familiares das v\u00edtimas. O CBMERJ est\u00e1 consternado com a not\u00edcia e se solidariza com parentes, amigos e colegas de farda&#8221;, acrescentou a corpora\u00e7\u00e3o.<\/p>\n<pre data-track-category=\"Link no Texto\">Fonte: G1\/Rio de Janeiro<\/pre>\n<\/div>\n<\/div>\n<div class=\"content-ads content-ads--reveal\" data-block-type=\"ads\" data-block-id=\"6\">\n<div id=\"banner_materia2\" class=\"tag-manager-publicidade-container mc-has-reveal mc-has-ad-lazyload tag-manager-publicidade-banner_materia2 tag-manager-publicidade-container--carregado tag-manager-publicidade-container--visivel\" style=\"text-align: justify;\" data-id=\"banner_materia2\" data-google-query-id=\"CP6k9LeVqeUCFcVgwQod2dUC1Q\" data-cid=\"138290351134\" data-lid=\"5128333146\"><\/div>\n<\/div>\n<\/div>\n","protected":false},"excerpt":{"rendered":"<p>Outros tr\u00eas militares ficaram feridos. Comandante diz que v\u00edtimas foram surpreendidas durante o controle \u00e0s chamas e que inalaram fuma\u00e7a. Witzel decretou luto oficial de 3 dias.<\/p>\n","protected":false},"author":1,"featured_media":4045,"comment_status":"open","ping_status":"open","sticky":false,"template":"","format":"standard","meta":{"_uag_custom_page_level_css":"","_monsterinsights_skip_tracking":false,"_monsterinsights_sitenote_active":false,"_monsterinsights_sitenote_note":"","_monsterinsights_sitenote_category":0,"jetpack_post_was_ever_published":false,"_jetpack_newsletter_access":"","_jetpack_dont_email_post_to_subs":false,"_jetpack_newsletter_tier_id":0,"_jetpack_memberships_contains_paywalled_content":false,"_jetpack_memberships_contains_paid_content":false,"footnotes":"","jetpack_publicize_message":"","jetpack_publicize_feature_enabled":true,"jetpack_social_post_already_shared":true,"jetpack_social_options":{"image_generator_settings":{"template":"highway","default_image_id":0,"font":"","enabled":false},"version":2}},"categories":[200],"tags":[136,898,92],"class_list":["post-4044","post","type-post","status-publish","format-standard","has-post-thumbnail","hentry","category-brasil","tag-corpo-de-bombeiros","tag-incendio","tag-mortes"],"jetpack_publicize_connections":[],"jetpack_featured_media_url":"https:\/\/blogopara.com.br\/wp-content\/uploads\/2019\/10\/fup20191018192.jpg","uagb_featured_image_src":{"full":["https:\/\/blogopara.com.br\/wp-content\/uploads\/2019\/10\/fup20191018192.jpg",1600,1067,false],"thumbnail":["https:\/\/blogopara.com.br\/wp-content\/uploads\/2019\/10\/fup20191018192-150x150.jpg",150,150,true],"medium":["https:\/\/blogopara.com.br\/wp-content\/uploads\/2019\/10\/fup20191018192-300x200.jpg",300,200,true],"medium_large":["https:\/\/blogopara.com.br\/wp-content\/uploads\/2019\/10\/fup20191018192-768x512.jpg",640,427,true],"large":["https:\/\/blogopara.com.br\/wp-content\/uploads\/2019\/10\/fup20191018192-1024x683.jpg",640,427,true],"1536x1536":["https:\/\/blogopara.com.br\/wp-content\/uploads\/2019\/10\/fup20191018192.jpg",1536,1024,false],"2048x2048":["https:\/\/blogopara.com.br\/wp-content\/uploads\/2019\/10\/fup20191018192.jpg",1600,1067,false],"mantranews-slider-large":["https:\/\/blogopara.com.br\/wp-content\/uploads\/2019\/10\/fup20191018192.jpg",1020,680,false],"mantranews-featured-medium":["https:\/\/blogopara.com.br\/wp-content\/uploads\/2019\/10\/fup20191018192.jpg",420,280,false],"mantranews-featured-long":["https:\/\/blogopara.com.br\/wp-content\/uploads\/2019\/10\/fup20191018192.jpg",300,200,false],"mantranews-block-medium":["https:\/\/blogopara.com.br\/wp-content\/uploads\/2019\/10\/fup20191018192.jpg",435,290,false],"mantranews-carousel-image":["https:\/\/blogopara.com.br\/wp-content\/uploads\/2019\/10\/fup20191018192.jpg",600,400,false],"mantranews-block-thumb":["https:\/\/blogopara.com.br\/wp-content\/uploads\/2019\/10\/fup20191018192.jpg",322,215,false],"mantranews-single-large":["https:\/\/blogopara.com.br\/wp-content\/uploads\/2019\/10\/fup20191018192.jpg",963,642,false]},"uagb_author_info":{"display_name":"Reda\u00e7\u00e3o geral","author_link":"https:\/\/blogopara.com.br\/index.php\/author\/blogopara"},"uagb_comment_info":0,"uagb_excerpt":"Outros tr\u00eas militares ficaram feridos. Comandante diz que v\u00edtimas foram surpreendidas durante o controle \u00e0s chamas e que inalaram fuma\u00e7a. Witzel decretou luto oficial de 3 dias.","jetpack_sharing_enabled":true,"jetpack_likes_enabled":true,"_links":{"self":[{"href":"https:\/\/blogopara.com.br\/index.php\/wp-json\/wp\/v2\/posts\/4044","targetHints":{"allow":["GET"]}}],"collection":[{"href":"https:\/\/blogopara.com.br\/index.php\/wp-json\/wp\/v2\/posts"}],"about":[{"href":"https:\/\/blogopara.com.br\/index.php\/wp-json\/wp\/v2\/types\/post"}],"author":[{"embeddable":true,"href":"https:\/\/blogopara.com.br\/index.php\/wp-json\/wp\/v2\/users\/1"}],"replies":[{"embeddable":true,"href":"https:\/\/blogopara.com.br\/index.php\/wp-json\/wp\/v2\/comments?post=4044"}],"version-history":[{"count":1,"href":"https:\/\/blogopara.com.br\/index.php\/wp-json\/wp\/v2\/posts\/4044\/revisions"}],"predecessor-version":[{"id":4046,"href":"https:\/\/blogopara.com.br\/index.php\/wp-json\/wp\/v2\/posts\/4044\/revisions\/4046"}],"wp:featuredmedia":[{"embeddable":true,"href":"https:\/\/blogopara.com.br\/index.php\/wp-json\/wp\/v2\/media\/4045"}],"wp:attachment":[{"href":"https:\/\/blogopara.com.br\/index.php\/wp-json\/wp\/v2\/media?parent=4044"}],"wp:term":[{"taxonomy":"category","embeddable":true,"href":"https:\/\/blogopara.com.br\/index.php\/wp-json\/wp\/v2\/categories?post=4044"},{"taxonomy":"post_tag","embeddable":true,"href":"https:\/\/blogopara.com.br\/index.php\/wp-json\/wp\/v2\/tags?post=4044"}],"curies":[{"name":"wp","href":"https:\/\/api.w.org\/{rel}","templated":true}]}}