{"id":40477,"date":"2022-08-04T20:45:32","date_gmt":"2022-08-04T23:45:32","guid":{"rendered":"https:\/\/blogopara.com.br\/?p=40477"},"modified":"2022-08-04T20:45:37","modified_gmt":"2022-08-04T23:45:37","slug":"acm-neto-anuncia-ana-coelho-do-republicanos-como-pre-candidata-a-vice-governadora","status":"publish","type":"post","link":"https:\/\/blogopara.com.br\/index.php\/2022\/08\/04\/acm-neto-anuncia-ana-coelho-do-republicanos-como-pre-candidata-a-vice-governadora","title":{"rendered":"ACM Neto anuncia Ana Coelho, do Republicanos, como pr\u00e9-candidata a vice-governadora"},"content":{"rendered":"<p style=\"text-align: justify;\">Pr\u00e9-candidato a governador afirma que Ana chega para agregar a for\u00e7a da representatividade feminina na constru\u00e7\u00e3o do futuro da Bahia<\/p>\n<p style=\"text-align: justify;\">O pr\u00e9-candidato a governador ACM Neto (Uni\u00e3o Brasil) anunciou na tarde desta quinta-feira (04) a composi\u00e7\u00e3o final da sua chapa majorit\u00e1ria para as elei\u00e7\u00f5es deste ano. A empres\u00e1ria Ana Coelho, filiada ao Republicanos, ser\u00e1 a pr\u00e9-candidata a vice-governadora. Neto afirmou que Ana chega com a for\u00e7a da representatividade feminina, e que a forma\u00e7\u00e3o apresentada pela chapa de sua campanha est\u00e1 pronta para quebrar paradigmas.<\/p>\n<p style=\"text-align: justify;\">&#8220;Nesses \u00faltimos meses todos acompanharam que muitas foram as conversas com os partidos que integram a nossa alian\u00e7a. Ouvimos as nossas bancadas e conciliamos tudo isso com um perfil que pudesse atender \u00e0s expectativa que as pessoas t\u00eam em rela\u00e7\u00e3o ao nosso projeto\u201d, explicou.<\/p>\n<p style=\"text-align: justify;\">\u201cMuitos me viram falar que a nossa pr\u00e9-campanha tem sido marcada por uma presen\u00e7a muito forte das mulheres. Elas t\u00eam ido \u00e0s ruas, se manifestado e levantado sua voz. As mulheres t\u00eam uma sensibilidade, principalmente, para enxergar o momento de mudan\u00e7a. Trazem uma esperan\u00e7a de um futuro melhor, de sonhar, e tudo isso se materializa no desejo de mudan\u00e7a, de um futuro melhor para a Bahia\u201d, pontuou. \u201cE eu j\u00e1 vinha dizendo que as mulheres teriam um lugar de grande destaque no nosso governo caso eu seja eleito em outubro deste ano\u201d, acrescentou o pr\u00e9-candidato.<\/p>\n<p style=\"text-align: justify;\">Neto ponderou que, nesse momento, o an\u00fancio de uma pr\u00e9-candidata ao Governo da Bahia se traduz como um chamado para que as mulheres ajudem a pensar o futuro do estado.<\/p>\n<p style=\"text-align: justify;\">\u201cEsse \u00e9 um reconhecimento da import\u00e2ncia da presen\u00e7a das mulheres na pol\u00edtica, e um chamado para que elas nos ajudem a pensar nessa Bahia que queremos para o nosso futuro.\u201d, destacou. \u201cAna poder\u00e1 ser a primeira vice-governadora do estado da Bahia. Com nossa chapa, estamos quebrando paradigmas e garantindo o peso e a import\u00e2ncia da representa\u00e7\u00e3o das mulheres na pol\u00edtica baiana&#8221;, salientou ACM Neto ao apresentar Ana Coelho em coletiva de imprensa.<\/p>\n<p style=\"text-align: justify;\">\u201cIsso \u00e9 algo que sempre esteve nos meus planos, a possibilidade de apresentar para a Bahia uma chapa forte, que re\u00fane densidade pol\u00edtico eleitoral, mas tamb\u00e9m atende \u00e0 expectativa dos baianos. A capacidade de olhar para o futuro e projetar uma Bahia melhor para toda a popula\u00e7\u00e3o\u201d, enfatizou.<\/p>\n<p style=\"text-align: justify;\">Ana Coelho ressaltou que se sente honrada com a oportunidade, e disse estar preparada para enfrentar a miss\u00e3o que avaliou como uma das maiores de sua vida.<\/p>\n<p style=\"text-align: justify;\">\u201cEssa escolha foi uma surpresa, e eu me sinto muito honrada com a decis\u00e3o. Aqui eu me sinto em casa. Estou feliz e espero poder contribuir com esse projeto t\u00e3o importante para o futuro da Bahia. Estou aqui para agregar. Entendo a import\u00e2ncia dessa representatividade feminina e estou pronta para somar. A gente est\u00e1 fazendo isso por uma Bahia melhor. Cada um de n\u00f3s tem que se doar um pouco&#8221;, apontou.<\/p>\n<p style=\"text-align: justify;\">\u201c\u00c9 um momento muito emocionante. Vou estar aqui de corpo e alma, me doando. A partir de agora, meu estudo e minha dedica\u00e7\u00e3o estar\u00e3o voltados para o futuro da Bahia\u201d, completou a pr\u00e9-candidata a vice-governadora.<\/p>\n<p style=\"text-align: justify;\">Ana Coelho<\/p>\n<p style=\"text-align: justify;\">A pr\u00e9-candidata a vice-governadora \u00e9 publicit\u00e1ria, empreendedora, gestora, m\u00e3e de tr\u00eas filhos e foi a primeira mulher a assumir a Presid\u00eancia da Associa\u00e7\u00e3o Baiana do Mercado Publicit\u00e1rio (ABMP). CEO do Grupo Aratu, afiliada ao SBT na Bahia, criou e fundou o Scream \u2013 Salvador Creativity and Media Festival, maior evento de criatividade e m\u00eddia do Nordeste. Fundadora e conselheira da Associa\u00e7\u00e3o de Jovens Empreendedores da Bahia, Ana Coelho \u00e9 especialista em lideran\u00e7a pela Stanford Business School, e, hoje, tamb\u00e9m ocupa a vice-presid\u00eancia da Associa\u00e7\u00e3o Comercial da Bahia. Ela \u00e9 casada com o deputado estadual Tiago Correia (PSDB).<\/p>\n","protected":false},"excerpt":{"rendered":"<p>Pr\u00e9-candidato a governador afirma que Ana chega para agregar a for\u00e7a da representatividade feminina na constru\u00e7\u00e3o do futuro da Bahia O pr\u00e9-candidato a governador ACM Neto (Uni\u00e3o Brasil) anunciou na tarde desta quinta-feira (04) a composi\u00e7\u00e3o final da sua chapa majorit\u00e1ria para as elei\u00e7\u00f5es deste ano. A empres\u00e1ria Ana Coelho, filiada ao Republicanos, ser\u00e1 a [&hellip;]<\/p>\n","protected":false},"author":1,"featured_media":40478,"comment_status":"closed","ping_status":"open","sticky":false,"template":"","format":"standard","meta":{"_uag_custom_page_level_css":"","_monsterinsights_skip_tracking":false,"_monsterinsights_sitenote_active":false,"_monsterinsights_sitenote_note":"","_monsterinsights_sitenote_category":0,"jetpack_post_was_ever_published":false,"_jetpack_newsletter_access":"","_jetpack_dont_email_post_to_subs":false,"_jetpack_newsletter_tier_id":0,"_jetpack_memberships_contains_paywalled_content":false,"_jetpack_memberships_contains_paid_content":false,"footnotes":"","jetpack_publicize_message":"","jetpack_publicize_feature_enabled":true,"jetpack_social_post_already_shared":true,"jetpack_social_options":{"image_generator_settings":{"template":"highway","default_image_id":0,"font":"","enabled":false},"version":2}},"categories":[199,197],"tags":[1705,8132,1327],"class_list":["post-40477","post","type-post","status-publish","format-standard","has-post-thumbnail","hentry","category-bahia","category-politica","tag-acm-neto","tag-chapa-de-acm-neto","tag-eleicoes-2022"],"jetpack_publicize_connections":[],"jetpack_featured_media_url":"https:\/\/blogopara.com.br\/wp-content\/uploads\/2022\/08\/de31fb95-28c6-4db4-9216-ce4d060e39fa.jpg","uagb_featured_image_src":{"full":["https:\/\/blogopara.com.br\/wp-content\/uploads\/2022\/08\/de31fb95-28c6-4db4-9216-ce4d060e39fa.jpg",500,333,false],"thumbnail":["https:\/\/blogopara.com.br\/wp-content\/uploads\/2022\/08\/de31fb95-28c6-4db4-9216-ce4d060e39fa-150x150.jpg",150,150,true],"medium":["https:\/\/blogopara.com.br\/wp-content\/uploads\/2022\/08\/de31fb95-28c6-4db4-9216-ce4d060e39fa-300x200.jpg",300,200,true],"medium_large":["https:\/\/blogopara.com.br\/wp-content\/uploads\/2022\/08\/de31fb95-28c6-4db4-9216-ce4d060e39fa.jpg",500,333,false],"large":["https:\/\/blogopara.com.br\/wp-content\/uploads\/2022\/08\/de31fb95-28c6-4db4-9216-ce4d060e39fa.jpg",500,333,false],"1536x1536":["https:\/\/blogopara.com.br\/wp-content\/uploads\/2022\/08\/de31fb95-28c6-4db4-9216-ce4d060e39fa.jpg",500,333,false],"2048x2048":["https:\/\/blogopara.com.br\/wp-content\/uploads\/2022\/08\/de31fb95-28c6-4db4-9216-ce4d060e39fa.jpg",500,333,false],"mantranews-slider-large":["https:\/\/blogopara.com.br\/wp-content\/uploads\/2022\/08\/de31fb95-28c6-4db4-9216-ce4d060e39fa.jpg",500,333,false],"mantranews-featured-medium":["https:\/\/blogopara.com.br\/wp-content\/uploads\/2022\/08\/de31fb95-28c6-4db4-9216-ce4d060e39fa-420x307.jpg",420,307,true],"mantranews-featured-long":["https:\/\/blogopara.com.br\/wp-content\/uploads\/2022\/08\/de31fb95-28c6-4db4-9216-ce4d060e39fa-300x333.jpg",300,333,true],"mantranews-block-medium":["https:\/\/blogopara.com.br\/wp-content\/uploads\/2022\/08\/de31fb95-28c6-4db4-9216-ce4d060e39fa-464x290.jpg",464,290,true],"mantranews-carousel-image":["https:\/\/blogopara.com.br\/wp-content\/uploads\/2022\/08\/de31fb95-28c6-4db4-9216-ce4d060e39fa.jpg",500,333,false],"mantranews-block-thumb":["https:\/\/blogopara.com.br\/wp-content\/uploads\/2022\/08\/de31fb95-28c6-4db4-9216-ce4d060e39fa-322x230.jpg",322,230,true],"mantranews-single-large":["https:\/\/blogopara.com.br\/wp-content\/uploads\/2022\/08\/de31fb95-28c6-4db4-9216-ce4d060e39fa.jpg",500,333,false]},"uagb_author_info":{"display_name":"Reda\u00e7\u00e3o geral","author_link":"https:\/\/blogopara.com.br\/index.php\/author\/blogopara"},"uagb_comment_info":0,"uagb_excerpt":"Pr\u00e9-candidato a governador afirma que Ana chega para agregar a for\u00e7a da representatividade feminina na constru\u00e7\u00e3o do futuro da Bahia O pr\u00e9-candidato a governador ACM Neto (Uni\u00e3o Brasil) anunciou na tarde desta quinta-feira (04) a composi\u00e7\u00e3o final da sua chapa majorit\u00e1ria para as elei\u00e7\u00f5es deste ano. A empres\u00e1ria Ana Coelho, filiada ao Republicanos, ser\u00e1 a&hellip;","jetpack_sharing_enabled":true,"jetpack_likes_enabled":true,"_links":{"self":[{"href":"https:\/\/blogopara.com.br\/index.php\/wp-json\/wp\/v2\/posts\/40477","targetHints":{"allow":["GET"]}}],"collection":[{"href":"https:\/\/blogopara.com.br\/index.php\/wp-json\/wp\/v2\/posts"}],"about":[{"href":"https:\/\/blogopara.com.br\/index.php\/wp-json\/wp\/v2\/types\/post"}],"author":[{"embeddable":true,"href":"https:\/\/blogopara.com.br\/index.php\/wp-json\/wp\/v2\/users\/1"}],"replies":[{"embeddable":true,"href":"https:\/\/blogopara.com.br\/index.php\/wp-json\/wp\/v2\/comments?post=40477"}],"version-history":[{"count":1,"href":"https:\/\/blogopara.com.br\/index.php\/wp-json\/wp\/v2\/posts\/40477\/revisions"}],"predecessor-version":[{"id":40479,"href":"https:\/\/blogopara.com.br\/index.php\/wp-json\/wp\/v2\/posts\/40477\/revisions\/40479"}],"wp:featuredmedia":[{"embeddable":true,"href":"https:\/\/blogopara.com.br\/index.php\/wp-json\/wp\/v2\/media\/40478"}],"wp:attachment":[{"href":"https:\/\/blogopara.com.br\/index.php\/wp-json\/wp\/v2\/media?parent=40477"}],"wp:term":[{"taxonomy":"category","embeddable":true,"href":"https:\/\/blogopara.com.br\/index.php\/wp-json\/wp\/v2\/categories?post=40477"},{"taxonomy":"post_tag","embeddable":true,"href":"https:\/\/blogopara.com.br\/index.php\/wp-json\/wp\/v2\/tags?post=40477"}],"curies":[{"name":"wp","href":"https:\/\/api.w.org\/{rel}","templated":true}]}}