{"id":40492,"date":"2022-08-05T08:00:00","date_gmt":"2022-08-05T11:00:00","guid":{"rendered":"https:\/\/blogopara.com.br\/?p=40492"},"modified":"2022-08-04T22:02:15","modified_gmt":"2022-08-05T01:02:15","slug":"secretaria-de-saude-de-juazeiro-notifica-primeiro-caso-suspeito-de-monkeypox","status":"publish","type":"post","link":"https:\/\/blogopara.com.br\/index.php\/2022\/08\/05\/secretaria-de-saude-de-juazeiro-notifica-primeiro-caso-suspeito-de-monkeypox","title":{"rendered":"Secretaria de Sa\u00fade de Juazeiro notifica primeiro caso suspeito de monkeypox"},"content":{"rendered":"<p style=\"font-weight: 400;\">A Secretaria de Sa\u00fade de Juazeiro (Sesau) notificou o primeiro caso suspeito da var\u00edola causada pelo v\u00edrus Monkeypox no munic\u00edpio. O caso suspeito foi notificado nesta quinta-feira (4) e trata-se de um paciente de 32 anos, do sexo masculino, com hist\u00f3rico de viagem para os estados de Minas Gerais e Maranh\u00e3o.<\/p>\n<p style=\"font-weight: 400;\">O paciente apresenta sintomas leves da doen\u00e7a e encontra-se em isolamento domiciliar. Foram coletadas amostras pelo Lacen, que ser\u00e3o enviadas para laborat\u00f3rio de refer\u00eancia. O paciente e os seus contatos est\u00e3o sendo monitorados pela equipe da Vigil\u00e2ncia Epidemiol\u00f3gica da Sesau. Eles foram orientados quanto \u00e0s medidas de preven\u00e7\u00e3o e controle da doen\u00e7a.<\/p>\n<p style=\"font-weight: 400;\">No dia 1\u00ba de agosto chegou ao conhecimento da Sesau uma notifica\u00e7\u00e3o de um poss\u00edvel caso suspeito, que logo foi descartado. O caso n\u00e3o se enquadrava nas defini\u00e7\u00f5es de caso suspeito e as les\u00f5es eram caracter\u00edsticas de varicela.<\/p>\n<p style=\"font-weight: 400;\">\u00c9 importante refor\u00e7ar que ainda n\u00e3o h\u00e1 nenhuma confirma\u00e7\u00e3o de casos da doen\u00e7a no munic\u00edpio e tampouco h\u00e1 transmiss\u00e3o comunit\u00e1ria do v\u00edrus na cidade. Toda e qualquer informa\u00e7\u00e3o oficial ser\u00e1 divulgada pela Secretaria Municipal de Sa\u00fade.<\/p>\n<p style=\"font-weight: 400;\">Ascom Sesau\/ PMJ<\/p>\n","protected":false},"excerpt":{"rendered":"<p>A Secretaria de Sa\u00fade de Juazeiro (Sesau) notificou o primeiro caso suspeito da var\u00edola causada pelo v\u00edrus Monkeypox no munic\u00edpio. O caso suspeito foi notificado nesta quinta-feira (4) e trata-se de um paciente de 32 anos, do sexo masculino, com hist\u00f3rico de viagem para os estados de Minas Gerais e Maranh\u00e3o. O paciente apresenta sintomas [&hellip;]<\/p>\n","protected":false},"author":1,"featured_media":40031,"comment_status":"closed","ping_status":"open","sticky":false,"template":"","format":"standard","meta":{"_uag_custom_page_level_css":"","_monsterinsights_skip_tracking":false,"_monsterinsights_sitenote_active":false,"_monsterinsights_sitenote_note":"","_monsterinsights_sitenote_category":0,"jetpack_post_was_ever_published":false,"_jetpack_newsletter_access":"","_jetpack_dont_email_post_to_subs":false,"_jetpack_newsletter_tier_id":0,"_jetpack_memberships_contains_paywalled_content":false,"_jetpack_memberships_contains_paid_content":false,"footnotes":"","jetpack_publicize_message":"","jetpack_publicize_feature_enabled":true,"jetpack_social_post_already_shared":true,"jetpack_social_options":{"image_generator_settings":{"template":"highway","default_image_id":0,"font":"","enabled":false},"version":2}},"categories":[203,205],"tags":[340,536],"class_list":["post-40492","post","type-post","status-publish","format-standard","has-post-thumbnail","hentry","category-juazeiro","category-saude","tag-prefeitura-de-juazeiro","tag-sesau"],"jetpack_publicize_connections":[],"jetpack_featured_media_url":"https:\/\/blogopara.com.br\/wp-content\/uploads\/2022\/07\/variola.jpg","uagb_featured_image_src":{"full":["https:\/\/blogopara.com.br\/wp-content\/uploads\/2022\/07\/variola.jpg",500,322,false],"thumbnail":["https:\/\/blogopara.com.br\/wp-content\/uploads\/2022\/07\/variola-150x150.jpg",150,150,true],"medium":["https:\/\/blogopara.com.br\/wp-content\/uploads\/2022\/07\/variola-300x193.jpg",300,193,true],"medium_large":["https:\/\/blogopara.com.br\/wp-content\/uploads\/2022\/07\/variola.jpg",500,322,false],"large":["https:\/\/blogopara.com.br\/wp-content\/uploads\/2022\/07\/variola.jpg",500,322,false],"1536x1536":["https:\/\/blogopara.com.br\/wp-content\/uploads\/2022\/07\/variola.jpg",500,322,false],"2048x2048":["https:\/\/blogopara.com.br\/wp-content\/uploads\/2022\/07\/variola.jpg",500,322,false],"mantranews-slider-large":["https:\/\/blogopara.com.br\/wp-content\/uploads\/2022\/07\/variola.jpg",500,322,false],"mantranews-featured-medium":["https:\/\/blogopara.com.br\/wp-content\/uploads\/2022\/07\/variola-420x307.jpg",420,307,true],"mantranews-featured-long":["https:\/\/blogopara.com.br\/wp-content\/uploads\/2022\/07\/variola-300x322.jpg",300,322,true],"mantranews-block-medium":["https:\/\/blogopara.com.br\/wp-content\/uploads\/2022\/07\/variola-464x290.jpg",464,290,true],"mantranews-carousel-image":["https:\/\/blogopara.com.br\/wp-content\/uploads\/2022\/07\/variola.jpg",500,322,false],"mantranews-block-thumb":["https:\/\/blogopara.com.br\/wp-content\/uploads\/2022\/07\/variola-322x230.jpg",322,230,true],"mantranews-single-large":["https:\/\/blogopara.com.br\/wp-content\/uploads\/2022\/07\/variola.jpg",500,322,false]},"uagb_author_info":{"display_name":"Reda\u00e7\u00e3o geral","author_link":"https:\/\/blogopara.com.br\/index.php\/author\/blogopara"},"uagb_comment_info":0,"uagb_excerpt":"A Secretaria de Sa\u00fade de Juazeiro (Sesau) notificou o primeiro caso suspeito da var\u00edola causada pelo v\u00edrus Monkeypox no munic\u00edpio. O caso suspeito foi notificado nesta quinta-feira (4) e trata-se de um paciente de 32 anos, do sexo masculino, com hist\u00f3rico de viagem para os estados de Minas Gerais e Maranh\u00e3o. O paciente apresenta sintomas&hellip;","jetpack_sharing_enabled":true,"jetpack_likes_enabled":true,"_links":{"self":[{"href":"https:\/\/blogopara.com.br\/index.php\/wp-json\/wp\/v2\/posts\/40492","targetHints":{"allow":["GET"]}}],"collection":[{"href":"https:\/\/blogopara.com.br\/index.php\/wp-json\/wp\/v2\/posts"}],"about":[{"href":"https:\/\/blogopara.com.br\/index.php\/wp-json\/wp\/v2\/types\/post"}],"author":[{"embeddable":true,"href":"https:\/\/blogopara.com.br\/index.php\/wp-json\/wp\/v2\/users\/1"}],"replies":[{"embeddable":true,"href":"https:\/\/blogopara.com.br\/index.php\/wp-json\/wp\/v2\/comments?post=40492"}],"version-history":[{"count":1,"href":"https:\/\/blogopara.com.br\/index.php\/wp-json\/wp\/v2\/posts\/40492\/revisions"}],"predecessor-version":[{"id":40493,"href":"https:\/\/blogopara.com.br\/index.php\/wp-json\/wp\/v2\/posts\/40492\/revisions\/40493"}],"wp:featuredmedia":[{"embeddable":true,"href":"https:\/\/blogopara.com.br\/index.php\/wp-json\/wp\/v2\/media\/40031"}],"wp:attachment":[{"href":"https:\/\/blogopara.com.br\/index.php\/wp-json\/wp\/v2\/media?parent=40492"}],"wp:term":[{"taxonomy":"category","embeddable":true,"href":"https:\/\/blogopara.com.br\/index.php\/wp-json\/wp\/v2\/categories?post=40492"},{"taxonomy":"post_tag","embeddable":true,"href":"https:\/\/blogopara.com.br\/index.php\/wp-json\/wp\/v2\/tags?post=40492"}],"curies":[{"name":"wp","href":"https:\/\/api.w.org\/{rel}","templated":true}]}}