{"id":40494,"date":"2022-08-05T08:45:00","date_gmt":"2022-08-05T11:45:00","guid":{"rendered":"https:\/\/blogopara.com.br\/?p=40494"},"modified":"2022-08-04T22:16:47","modified_gmt":"2022-08-05T01:16:47","slug":"morre-baleado-ex-vereador-e-fundador-da-primeira-milicia-do-rio","status":"publish","type":"post","link":"https:\/\/blogopara.com.br\/index.php\/2022\/08\/05\/morre-baleado-ex-vereador-e-fundador-da-primeira-milicia-do-rio","title":{"rendered":"Morre baleado ex-vereador e fundador da primeira mil\u00edcia do Rio"},"content":{"rendered":"<p style=\"text-align: justify;\">O ex-vereador pelo Rio e ex-policial civil, Jer\u00f4nimo Guimar\u00e3es Filho, conhecido como Jerominho, foi ferido a tiros na tarde desta quinta-feira(4), quando passava de carro pela Estrada Guandu do Sap\u00ea, em Campo Grande, zona oeste do Rio. A Pol\u00edcia Militar (PM) informou que Jerominho morreu. Os autores dos disparos foram tr\u00eas homens que desceram de um carro branco. Ao volante, ficou outro homem, que deu cobertura \u00e0 a\u00e7\u00e3o.<img decoding=\"async\" src=\"https:\/\/agenciabrasil.ebc.com.br\/ebc.png?id=1474642&amp;o=node\" \/><img decoding=\"async\" src=\"https:\/\/agenciabrasil.ebc.com.br\/ebc.gif?id=1474642&amp;o=node\" \/><\/p>\n<p style=\"text-align: justify;\">Em nota, a assessoria de imprensa da Pol\u00edcia Militar informou que Jer\u00f4nimo Guimar\u00e3es Filho foi atingido por disparos de arma de fogo na Estrada Guandu Sap\u00e9, em Campo Grande. \u201cA v\u00edtima foi socorrida ao Hospital Oeste D\u2019Or, mas n\u00e3o resistiu aos ferimentos e morreu.\u201d<br \/>O policiamento foi intensificado na regi\u00e3o do crime e em diversos pontos da zona oeste da cidade, reduto eleitoral do ex-vereador.<\/p>\n<p style=\"text-align: justify;\">Jerominho estava acompanhado de um homem, que tamb\u00e9m ficou ferido, foi socorrido por uma equipe do Corpo de Bombeiros e levado para o Hospital Municipal Rocha Faria, no mesmo bairro. Segundo a Secretaria Municipal de Sa\u00fade, o estado de sa\u00fade dele \u00e9 grave.<\/p>\n<p style=\"text-align: justify;\">O ex-vereador levou dois tiros: um na perna e outro no t\u00f3rax e foi levado at\u00e9 o hospital por pessoas que estavam no local.<br \/>Policiais da Delegacia de Campo Grande j\u00e1 foram deslocados para apurar a ocorr\u00eancia.<\/p>\n<h2 style=\"text-align: justify;\">Mil\u00edcia<\/h2>\n<p style=\"text-align: justify;\">Jerominho e o irm\u00e3o Natalino Guimar\u00e3es, que foi deputado estadual e tamb\u00e9m policial civil, ficaram presos entre 2007 e 2018 e s\u00e3o apontados como fundadores da primeira mil\u00edcia do Rio de Janeiro, a Liga da Justi\u00e7a, criada na zona oeste.<\/p>\n<p style=\"text-align: justify;\">O s\u00edmbolo da mil\u00edcia \u00e9 um morcego, e as casas que tinham a figura na frente do im\u00f3vel recebiam prote\u00e7\u00e3o do grupo paramilitar.<\/p>\n<p style=\"text-align: justify;\">De acordo com a Pol\u00edcia Civil, o grupo atua na zona oeste e \u00e9 acusado de homic\u00eddios, extors\u00f5es e com\u00e9rcio irregular na venda de \u00e1gua e botij\u00f5es de g\u00e1s.<\/p>\n<p style=\"text-align: justify;\">Em dezembro do ano passado, Jerominho<a href=\"https:\/\/agenciabrasil.ebc.com.br\/geral\/noticia\/2022-01\/ex-vereador-e-policial-civil-jerominho-e-preso-novamente-no-rio\" target=\"_blank\" rel=\"noopener\">\u00a0foi novamente preso\u00a0<\/a>durante opera\u00e7\u00e3o da Pol\u00edcia Civil, acusado de ser respons\u00e1vel por extors\u00f5es sofridas por motoristas de transporte alternativo em Campo Grande. A pris\u00e3o, no entanto, foi revogada uma semana depois, porque a senten\u00e7a foi expedida em rela\u00e7\u00e3o ao mesmo processo em que ele j\u00e1 havia cumprido pena em pres\u00eddio federal, junto com o irm\u00e3o Natalino.<\/p>\n<p style=\"text-align: justify;\">A Liga da Justi\u00e7a \u00e9 a maior e mais conhecida fac\u00e7\u00e3o de milicianos do Rio de Janeiro. O nome \u00e9 uma refer\u00eancia a um grupo de super-her\u00f3is de revistas em quadrinhos. O s\u00edmbolo do grupo \u00e9 o escudo de outro personagem dos quadrinhos, Batman.<\/p>\n<p style=\"text-align: justify;\">De acordo com a pol\u00edcia, al\u00e9m dos irm\u00e3os Jerominho e Natalino, o genro do ex-vereador, conhecido pelo apelido de Batman, participou da cria\u00e7\u00e3o da Liga da Justi\u00e7a.<\/p>\n<p>\u00a0<\/p>\n<p>Agencia Brasil<\/p>\n","protected":false},"excerpt":{"rendered":"<p>O ex-vereador pelo Rio e ex-policial civil, Jer\u00f4nimo Guimar\u00e3es Filho, conhecido como Jerominho, foi ferido a tiros na tarde desta quinta-feira(4), quando passava de carro pela Estrada Guandu do Sap\u00ea, em Campo Grande, zona oeste do Rio. A Pol\u00edcia Militar (PM) informou que Jerominho morreu. Os autores dos disparos foram tr\u00eas homens que desceram de [&hellip;]<\/p>\n","protected":false},"author":1,"featured_media":40495,"comment_status":"closed","ping_status":"open","sticky":false,"template":"","format":"standard","meta":{"_uag_custom_page_level_css":"","_monsterinsights_skip_tracking":false,"_monsterinsights_sitenote_active":false,"_monsterinsights_sitenote_note":"","_monsterinsights_sitenote_category":0,"jetpack_post_was_ever_published":false,"_jetpack_newsletter_access":"","_jetpack_dont_email_post_to_subs":false,"_jetpack_newsletter_tier_id":0,"_jetpack_memberships_contains_paywalled_content":false,"_jetpack_memberships_contains_paid_content":false,"footnotes":"","jetpack_publicize_message":"","jetpack_publicize_feature_enabled":true,"jetpack_social_post_already_shared":true,"jetpack_social_options":{"image_generator_settings":{"template":"highway","default_image_id":0,"font":"","enabled":false},"version":2}},"categories":[202],"tags":[],"class_list":["post-40494","post","type-post","status-publish","format-standard","has-post-thumbnail","hentry","category-policia"],"jetpack_publicize_connections":[],"jetpack_featured_media_url":"https:\/\/blogopara.com.br\/wp-content\/uploads\/2022\/08\/jeronimo.jpg","uagb_featured_image_src":{"full":["https:\/\/blogopara.com.br\/wp-content\/uploads\/2022\/08\/jeronimo.jpg",500,392,false],"thumbnail":["https:\/\/blogopara.com.br\/wp-content\/uploads\/2022\/08\/jeronimo-150x150.jpg",150,150,true],"medium":["https:\/\/blogopara.com.br\/wp-content\/uploads\/2022\/08\/jeronimo-300x235.jpg",300,235,true],"medium_large":["https:\/\/blogopara.com.br\/wp-content\/uploads\/2022\/08\/jeronimo.jpg",500,392,false],"large":["https:\/\/blogopara.com.br\/wp-content\/uploads\/2022\/08\/jeronimo.jpg",500,392,false],"1536x1536":["https:\/\/blogopara.com.br\/wp-content\/uploads\/2022\/08\/jeronimo.jpg",500,392,false],"2048x2048":["https:\/\/blogopara.com.br\/wp-content\/uploads\/2022\/08\/jeronimo.jpg",500,392,false],"mantranews-slider-large":["https:\/\/blogopara.com.br\/wp-content\/uploads\/2022\/08\/jeronimo.jpg",500,392,false],"mantranews-featured-medium":["https:\/\/blogopara.com.br\/wp-content\/uploads\/2022\/08\/jeronimo-420x307.jpg",420,307,true],"mantranews-featured-long":["https:\/\/blogopara.com.br\/wp-content\/uploads\/2022\/08\/jeronimo-300x392.jpg",300,392,true],"mantranews-block-medium":["https:\/\/blogopara.com.br\/wp-content\/uploads\/2022\/08\/jeronimo-464x290.jpg",464,290,true],"mantranews-carousel-image":["https:\/\/blogopara.com.br\/wp-content\/uploads\/2022\/08\/jeronimo.jpg",500,392,false],"mantranews-block-thumb":["https:\/\/blogopara.com.br\/wp-content\/uploads\/2022\/08\/jeronimo-322x230.jpg",322,230,true],"mantranews-single-large":["https:\/\/blogopara.com.br\/wp-content\/uploads\/2022\/08\/jeronimo.jpg",500,392,false]},"uagb_author_info":{"display_name":"Reda\u00e7\u00e3o geral","author_link":"https:\/\/blogopara.com.br\/index.php\/author\/blogopara"},"uagb_comment_info":0,"uagb_excerpt":"O ex-vereador pelo Rio e ex-policial civil, Jer\u00f4nimo Guimar\u00e3es Filho, conhecido como Jerominho, foi ferido a tiros na tarde desta quinta-feira(4), quando passava de carro pela Estrada Guandu do Sap\u00ea, em Campo Grande, zona oeste do Rio. A Pol\u00edcia Militar (PM) informou que Jerominho morreu. Os autores dos disparos foram tr\u00eas homens que desceram de&hellip;","jetpack_sharing_enabled":true,"jetpack_likes_enabled":true,"_links":{"self":[{"href":"https:\/\/blogopara.com.br\/index.php\/wp-json\/wp\/v2\/posts\/40494","targetHints":{"allow":["GET"]}}],"collection":[{"href":"https:\/\/blogopara.com.br\/index.php\/wp-json\/wp\/v2\/posts"}],"about":[{"href":"https:\/\/blogopara.com.br\/index.php\/wp-json\/wp\/v2\/types\/post"}],"author":[{"embeddable":true,"href":"https:\/\/blogopara.com.br\/index.php\/wp-json\/wp\/v2\/users\/1"}],"replies":[{"embeddable":true,"href":"https:\/\/blogopara.com.br\/index.php\/wp-json\/wp\/v2\/comments?post=40494"}],"version-history":[{"count":1,"href":"https:\/\/blogopara.com.br\/index.php\/wp-json\/wp\/v2\/posts\/40494\/revisions"}],"predecessor-version":[{"id":40496,"href":"https:\/\/blogopara.com.br\/index.php\/wp-json\/wp\/v2\/posts\/40494\/revisions\/40496"}],"wp:featuredmedia":[{"embeddable":true,"href":"https:\/\/blogopara.com.br\/index.php\/wp-json\/wp\/v2\/media\/40495"}],"wp:attachment":[{"href":"https:\/\/blogopara.com.br\/index.php\/wp-json\/wp\/v2\/media?parent=40494"}],"wp:term":[{"taxonomy":"category","embeddable":true,"href":"https:\/\/blogopara.com.br\/index.php\/wp-json\/wp\/v2\/categories?post=40494"},{"taxonomy":"post_tag","embeddable":true,"href":"https:\/\/blogopara.com.br\/index.php\/wp-json\/wp\/v2\/tags?post=40494"}],"curies":[{"name":"wp","href":"https:\/\/api.w.org\/{rel}","templated":true}]}}