{"id":40534,"date":"2022-08-06T17:45:00","date_gmt":"2022-08-06T20:45:00","guid":{"rendered":"https:\/\/blogopara.com.br\/?p=40534"},"modified":"2022-08-05T19:15:26","modified_gmt":"2022-08-05T22:15:26","slug":"comunidade-do-residencial-sao-francisco-elogia-atendimento-do-projeto-itinerante-da-educacao-para-o-transito-da-prefeitura-de-juazeiro","status":"publish","type":"post","link":"https:\/\/blogopara.com.br\/index.php\/2022\/08\/06\/comunidade-do-residencial-sao-francisco-elogia-atendimento-do-projeto-itinerante-da-educacao-para-o-transito-da-prefeitura-de-juazeiro","title":{"rendered":"Comunidade do Residencial S\u00e3o Francisco elogia atendimento do projeto \u2018Itinerante da Educa\u00e7\u00e3o para o Tr\u00e2nsito\u2019 da Prefeitura de Juazeiro"},"content":{"rendered":"<p dir=\"ltr\" style=\"text-align: justify;\">O Residencial S\u00e3o Francisco recebeu, nesta sexta-feira (5), o \u2018Itinerante da Educa\u00e7\u00e3o para o Tr\u00e2nsito\u2019, projeto da Prefeitura de Juazeiro, atrav\u00e9s da Companhia de Seguran\u00e7a, Tr\u00e2nsito e Transporte (CSTT). Diversos servi\u00e7os da companhia, junto com a Junta Militar, foram levados para a comunidade, com dezenas de atendimentos realizados e moradores satisfeitos. A a\u00e7\u00e3o aconteceu na Escola Municipal de Educa\u00e7\u00e3o Infantil Vanda Guerra.<\/p>\n<p dir=\"ltr\" style=\"text-align: justify;\">Felipe Benevides, de 23 anos, foi atendido pela equipe da Junta Militar para requerer o certificado de dispensa. \u201cEu moro aqui no residencial e aproveitei essa oportunidade. Devido ao trabalho e a correria do dia a dia, receber esse atendimento aqui \u00e9 muito bom. Fui o primeiro a ser atendido e j\u00e1 estou saindo com esse documento\u201d, elogiou.<\/p>\n<p dir=\"ltr\" style=\"text-align: justify;\">Seu Severino Jos\u00e9 de Amarante, de 68 anos, foi atendido logo cedo e fez o Cart\u00e3o do Idoso, exclusivo para o uso da Zona Azul. Ele elogiou o atendimento. \u201cO atendimento foi \u00f3timo, r\u00e1pido e eles ainda me deram dicas para a renova\u00e7\u00e3o da minha CNH. Saio daqui muito satisfeito\u201d, disse o idoso.<\/p>\n<p dir=\"ltr\" style=\"text-align: justify;\">Para o presidente da Associa\u00e7\u00e3o de Moradores do Residencial S\u00e3o Francisco, Aloisio Silva Cardoso, a a\u00e7\u00e3o foi um sucesso. \u201cA CSTT est\u00e1 de parab\u00e9ns, atrav\u00e9s da prefeita Suzana Ramos e do secret\u00e1rio Ten\u00f3rio Filho, por esse trabalho bem feito. Temos v\u00e1rios idosos e deficientes tirando sua carteirinha da zona azul. Esse projeto tem que continuar, pois abrange a comunidade\u201d, falou a lideran\u00e7a.<\/p>\n<p dir=\"ltr\" style=\"text-align: justify;\">Mais perto das pessoas<\/p>\n<p dir=\"ltr\" style=\"text-align: justify;\">O gestor da CSTT, Ten\u00f3rio Filho disse que o projeto refor\u00e7a o papel da atual gest\u00e3o, de levar os servi\u00e7os mais pr\u00f3ximos da popula\u00e7\u00e3o, garantindo comodidade a quem mora mais distante do centro da cidade. \u201cEsse \u00e9 um projeto que est\u00e1 crescendo e chegando mais longe, pois muitas pessoas n\u00e3o t\u00eam disponibilidade de ir \u00e0 nossa sede para realizar esses servi\u00e7os. Vamos continuar levando o projeto para mais perto das pessoas\u201d, declarou.<\/p>\n<p dir=\"ltr\" style=\"text-align: justify;\">A a\u00e7\u00e3o desta sexta-feira contou ainda com a\u00e7\u00f5es educativas de tr\u00e2nsito, com a participa\u00e7\u00e3o do Palha\u00e7o Pouquinho, que animou a crian\u00e7ada realizando atividades l\u00fadicas. Jo\u00e3o Carlos de Sousa, coordenador de Educa\u00e7\u00e3o para o Tr\u00e2nsito da CSTT, evidenciou a import\u00e2ncia do projeto. \u201cEsse projeto cresceu e tem chegado mais perto das comunidades. Seguimos enaltecendo as a\u00e7\u00f5es da CSTT e a equipe de Educa\u00e7\u00e3o para o Tr\u00e2nsito continua conscientizando os pequenos, que ser\u00e3o futuros adultos conscientes\u201d, finalizou.<\/p>\n\n\n<p>Ascom PMJ<\/p>\n","protected":false},"excerpt":{"rendered":"<p>O Residencial S\u00e3o Francisco recebeu, nesta sexta-feira (5), o \u2018Itinerante da Educa\u00e7\u00e3o para o Tr\u00e2nsito\u2019, projeto da Prefeitura de Juazeiro, atrav\u00e9s da Companhia de Seguran\u00e7a, Tr\u00e2nsito e Transporte (CSTT). Diversos servi\u00e7os da companhia, junto com a Junta Militar, foram levados para a comunidade, com dezenas de atendimentos realizados e moradores satisfeitos. A a\u00e7\u00e3o aconteceu na [&hellip;]<\/p>\n","protected":false},"author":1,"featured_media":40535,"comment_status":"closed","ping_status":"open","sticky":false,"template":"","format":"standard","meta":{"_uag_custom_page_level_css":"","_monsterinsights_skip_tracking":false,"_monsterinsights_sitenote_active":false,"_monsterinsights_sitenote_note":"","_monsterinsights_sitenote_category":0,"jetpack_post_was_ever_published":false,"_jetpack_newsletter_access":"","_jetpack_dont_email_post_to_subs":false,"_jetpack_newsletter_tier_id":0,"_jetpack_memberships_contains_paywalled_content":false,"_jetpack_memberships_contains_paid_content":false,"footnotes":"","jetpack_publicize_message":"","jetpack_publicize_feature_enabled":true,"jetpack_social_post_already_shared":true,"jetpack_social_options":{"image_generator_settings":{"template":"highway","default_image_id":0,"font":"","enabled":false},"version":2}},"categories":[203],"tags":[],"class_list":["post-40534","post","type-post","status-publish","format-standard","has-post-thumbnail","hentry","category-juazeiro"],"jetpack_publicize_connections":[],"jetpack_featured_media_url":"https:\/\/blogopara.com.br\/wp-content\/uploads\/2022\/08\/CSTT-Itinerante-4.jpg","uagb_featured_image_src":{"full":["https:\/\/blogopara.com.br\/wp-content\/uploads\/2022\/08\/CSTT-Itinerante-4.jpg",500,333,false],"thumbnail":["https:\/\/blogopara.com.br\/wp-content\/uploads\/2022\/08\/CSTT-Itinerante-4-150x150.jpg",150,150,true],"medium":["https:\/\/blogopara.com.br\/wp-content\/uploads\/2022\/08\/CSTT-Itinerante-4-300x200.jpg",300,200,true],"medium_large":["https:\/\/blogopara.com.br\/wp-content\/uploads\/2022\/08\/CSTT-Itinerante-4.jpg",500,333,false],"large":["https:\/\/blogopara.com.br\/wp-content\/uploads\/2022\/08\/CSTT-Itinerante-4.jpg",500,333,false],"1536x1536":["https:\/\/blogopara.com.br\/wp-content\/uploads\/2022\/08\/CSTT-Itinerante-4.jpg",500,333,false],"2048x2048":["https:\/\/blogopara.com.br\/wp-content\/uploads\/2022\/08\/CSTT-Itinerante-4.jpg",500,333,false],"mantranews-slider-large":["https:\/\/blogopara.com.br\/wp-content\/uploads\/2022\/08\/CSTT-Itinerante-4.jpg",500,333,false],"mantranews-featured-medium":["https:\/\/blogopara.com.br\/wp-content\/uploads\/2022\/08\/CSTT-Itinerante-4-420x307.jpg",420,307,true],"mantranews-featured-long":["https:\/\/blogopara.com.br\/wp-content\/uploads\/2022\/08\/CSTT-Itinerante-4-300x333.jpg",300,333,true],"mantranews-block-medium":["https:\/\/blogopara.com.br\/wp-content\/uploads\/2022\/08\/CSTT-Itinerante-4-464x290.jpg",464,290,true],"mantranews-carousel-image":["https:\/\/blogopara.com.br\/wp-content\/uploads\/2022\/08\/CSTT-Itinerante-4.jpg",500,333,false],"mantranews-block-thumb":["https:\/\/blogopara.com.br\/wp-content\/uploads\/2022\/08\/CSTT-Itinerante-4-322x230.jpg",322,230,true],"mantranews-single-large":["https:\/\/blogopara.com.br\/wp-content\/uploads\/2022\/08\/CSTT-Itinerante-4.jpg",500,333,false]},"uagb_author_info":{"display_name":"Reda\u00e7\u00e3o geral","author_link":"https:\/\/blogopara.com.br\/index.php\/author\/blogopara"},"uagb_comment_info":0,"uagb_excerpt":"O Residencial S\u00e3o Francisco recebeu, nesta sexta-feira (5), o \u2018Itinerante da Educa\u00e7\u00e3o para o Tr\u00e2nsito\u2019, projeto da Prefeitura de Juazeiro, atrav\u00e9s da Companhia de Seguran\u00e7a, Tr\u00e2nsito e Transporte (CSTT). Diversos servi\u00e7os da companhia, junto com a Junta Militar, foram levados para a comunidade, com dezenas de atendimentos realizados e moradores satisfeitos. A a\u00e7\u00e3o aconteceu na&hellip;","jetpack_sharing_enabled":true,"jetpack_likes_enabled":true,"_links":{"self":[{"href":"https:\/\/blogopara.com.br\/index.php\/wp-json\/wp\/v2\/posts\/40534","targetHints":{"allow":["GET"]}}],"collection":[{"href":"https:\/\/blogopara.com.br\/index.php\/wp-json\/wp\/v2\/posts"}],"about":[{"href":"https:\/\/blogopara.com.br\/index.php\/wp-json\/wp\/v2\/types\/post"}],"author":[{"embeddable":true,"href":"https:\/\/blogopara.com.br\/index.php\/wp-json\/wp\/v2\/users\/1"}],"replies":[{"embeddable":true,"href":"https:\/\/blogopara.com.br\/index.php\/wp-json\/wp\/v2\/comments?post=40534"}],"version-history":[{"count":1,"href":"https:\/\/blogopara.com.br\/index.php\/wp-json\/wp\/v2\/posts\/40534\/revisions"}],"predecessor-version":[{"id":40536,"href":"https:\/\/blogopara.com.br\/index.php\/wp-json\/wp\/v2\/posts\/40534\/revisions\/40536"}],"wp:featuredmedia":[{"embeddable":true,"href":"https:\/\/blogopara.com.br\/index.php\/wp-json\/wp\/v2\/media\/40535"}],"wp:attachment":[{"href":"https:\/\/blogopara.com.br\/index.php\/wp-json\/wp\/v2\/media?parent=40534"}],"wp:term":[{"taxonomy":"category","embeddable":true,"href":"https:\/\/blogopara.com.br\/index.php\/wp-json\/wp\/v2\/categories?post=40534"},{"taxonomy":"post_tag","embeddable":true,"href":"https:\/\/blogopara.com.br\/index.php\/wp-json\/wp\/v2\/tags?post=40534"}],"curies":[{"name":"wp","href":"https:\/\/api.w.org\/{rel}","templated":true}]}}