{"id":40550,"date":"2022-08-06T19:45:00","date_gmt":"2022-08-06T22:45:00","guid":{"rendered":"https:\/\/blogopara.com.br\/?p=40550"},"modified":"2022-08-06T17:24:52","modified_gmt":"2022-08-06T20:24:52","slug":"em-bom-jesus-da-lapa-acm-neto-ressalta-importancia-do-turismo-religioso-para-a-geracao-de-empregos","status":"publish","type":"post","link":"https:\/\/blogopara.com.br\/index.php\/2022\/08\/06\/em-bom-jesus-da-lapa-acm-neto-ressalta-importancia-do-turismo-religioso-para-a-geracao-de-empregos","title":{"rendered":"Em Bom Jesus da Lapa, ACM Neto ressalta import\u00e2ncia do turismo religioso para a gera\u00e7\u00e3o de empregos"},"content":{"rendered":"<p style=\"text-align: justify;\">No plano de governo, apresentado ontem durante a conven\u00e7\u00e3o, n\u00f3s temos um cap\u00edtulo espec\u00edfico para o turismo religioso, algo que \u00e9 muito forte em nosso estado. L\u00e1 em Salvador, n\u00f3s fizemos v\u00e1rias a\u00e7\u00f5es nesse sentido. Recuperamos toda a parte ali do santu\u00e1rio do nosso Senhor do Bonfim. Na Colina Sagrada, implantamos o caminho da f\u00e9. O caminho que integra hoje a igreja da Concei\u00e7\u00e3o da Praia passando pelo Santu\u00e1rio da Santa Dulce e at\u00e9 o nosso Senhor do Bonfim\u201d, afirmou.<\/p>\n<p style=\"text-align: justify;\">\u201cEnt\u00e3o, n\u00f3s temos experi\u00eancia de como fazer, como trabalhar. E eu quero levar essa experi\u00eancia para todo o estado da Bahia. Aqui, especificamente hoje, estando em Bom Jesus da Lapa, eu queria at\u00e9 de maneira pioneira dizer que n\u00f3s come\u00e7amos a estudar e vamos apresentar, at\u00e9 outubro, uma proposta de fazer um centro de acolhimento, de refer\u00eancia e de apoio aos romeiros aqui em Bom Jesus da Lapa\u201d, anunciou o candidato.<\/p>\n<p style=\"text-align: justify;\">\u201cA partir desse centro, comandado pelo Governo do Estado, n\u00f3s vamos intensificar n\u00e3o apenas a promo\u00e7\u00e3o do destino Bom Jesus da Lapa e, \u00e9 claro, da Romaria que acontece aqui. Mas tamb\u00e9m procurar trabalhar com toda a cadeia de servi\u00e7os de hot\u00e9is, pousadas, restaurantes, bares. Trabalhar a quest\u00e3o da integra\u00e7\u00e3o do acesso, do acolhimento dessas pessoas que v\u00eam de todos os lugares do Brasil\u201d, pontuou \u00e0 imprensa local.<\/p>\n<p style=\"text-align: justify;\">Em sua primeira agenda ap\u00f3s a conven\u00e7\u00e3o que o oficializou como candidato, Neto esteve acompanhado do candidato ao Senado, deputado federal Cac\u00e1 Le\u00e3o (PP), e da candidata \u00e0 vice-governadora Ana Coelho (Republicanos). Tamb\u00e9m participaram os deputados federais Z\u00e9 Rocha (Uni\u00e3o Brasil) e Arthur Maia (Uni\u00e3o Brasil). Neto ressaltou ainda que existem outros diversos eventos religiosos capazes de estimular a economia em regi\u00f5es do interior do nosso estado.<\/p>\n<p style=\"text-align: justify;\">\u201cA Bahia tem um potencial muito amplo, especialmente no interior, que precisa ser trabalhado. O baiano tem essa coisa dentro do seu cora\u00e7\u00e3o, que \u00e9 a sua f\u00e9, a religiosidade do nosso povo, f\u00e9 que toca o povo baiano e faz com que a gente busque esfor\u00e7o para superar os desafios da vida, para olhar para o futuro, para ter esperan\u00e7a e sempre estar alimentando o nosso sonho de uma Bahia melhor, de um futuro melhor para nosso estado. Hoje a gente vem aqui pedir ao nosso Bom Jesus da Lapa pela prote\u00e7\u00e3o de todos os baianos, para nosso estado e, \u00e9 claro, para que possa iluminar o nosso caminho nessa jornada\u201d, acrescentou.<\/p>\n<p style=\"text-align: justify;\">Depois do evento em Bom Jesus da Lapa, ACM Neto vai cumprir agendas pol\u00edticas em mais oito cidades do interior do estado. Neste final de semana, o candidato percorre os munic\u00edpios de Urandi, Candiba, Guanambi, Laje, S\u00e3o Miguel das Matas, Mutu\u00edpe, Jiquiri\u00e7\u00e1 e Uba\u00edra.<\/p>\n\n\n<p>Ascom ACM Neto<\/p>\n","protected":false},"excerpt":{"rendered":"<p>No plano de governo, apresentado ontem durante a conven\u00e7\u00e3o, n\u00f3s temos um cap\u00edtulo espec\u00edfico para o turismo religioso, algo que \u00e9 muito forte em nosso estado. L\u00e1 em Salvador, n\u00f3s fizemos v\u00e1rias a\u00e7\u00f5es nesse sentido. Recuperamos toda a parte ali do santu\u00e1rio do nosso Senhor do Bonfim. Na Colina Sagrada, implantamos o caminho da f\u00e9. [&hellip;]<\/p>\n","protected":false},"author":1,"featured_media":40551,"comment_status":"closed","ping_status":"open","sticky":false,"template":"","format":"standard","meta":{"_uag_custom_page_level_css":"","_monsterinsights_skip_tracking":false,"_monsterinsights_sitenote_active":false,"_monsterinsights_sitenote_note":"","_monsterinsights_sitenote_category":0,"jetpack_post_was_ever_published":false,"_jetpack_newsletter_access":"","_jetpack_dont_email_post_to_subs":false,"_jetpack_newsletter_tier_id":0,"_jetpack_memberships_contains_paywalled_content":false,"_jetpack_memberships_contains_paid_content":false,"footnotes":"","jetpack_publicize_message":"","jetpack_publicize_feature_enabled":true,"jetpack_social_post_already_shared":true,"jetpack_social_options":{"image_generator_settings":{"template":"highway","default_image_id":0,"font":"","enabled":false},"version":2}},"categories":[199,10075],"tags":[1327],"class_list":["post-40550","post","type-post","status-publish","format-standard","has-post-thumbnail","hentry","category-bahia","category-eleicoes","tag-eleicoes-2022"],"jetpack_publicize_connections":[],"jetpack_featured_media_url":"https:\/\/blogopara.com.br\/wp-content\/uploads\/2022\/08\/BJL-1.jpg","uagb_featured_image_src":{"full":["https:\/\/blogopara.com.br\/wp-content\/uploads\/2022\/08\/BJL-1.jpg",500,333,false],"thumbnail":["https:\/\/blogopara.com.br\/wp-content\/uploads\/2022\/08\/BJL-1-150x150.jpg",150,150,true],"medium":["https:\/\/blogopara.com.br\/wp-content\/uploads\/2022\/08\/BJL-1-300x200.jpg",300,200,true],"medium_large":["https:\/\/blogopara.com.br\/wp-content\/uploads\/2022\/08\/BJL-1.jpg",500,333,false],"large":["https:\/\/blogopara.com.br\/wp-content\/uploads\/2022\/08\/BJL-1.jpg",500,333,false],"1536x1536":["https:\/\/blogopara.com.br\/wp-content\/uploads\/2022\/08\/BJL-1.jpg",500,333,false],"2048x2048":["https:\/\/blogopara.com.br\/wp-content\/uploads\/2022\/08\/BJL-1.jpg",500,333,false],"mantranews-slider-large":["https:\/\/blogopara.com.br\/wp-content\/uploads\/2022\/08\/BJL-1.jpg",500,333,false],"mantranews-featured-medium":["https:\/\/blogopara.com.br\/wp-content\/uploads\/2022\/08\/BJL-1-420x307.jpg",420,307,true],"mantranews-featured-long":["https:\/\/blogopara.com.br\/wp-content\/uploads\/2022\/08\/BJL-1-300x333.jpg",300,333,true],"mantranews-block-medium":["https:\/\/blogopara.com.br\/wp-content\/uploads\/2022\/08\/BJL-1-464x290.jpg",464,290,true],"mantranews-carousel-image":["https:\/\/blogopara.com.br\/wp-content\/uploads\/2022\/08\/BJL-1.jpg",500,333,false],"mantranews-block-thumb":["https:\/\/blogopara.com.br\/wp-content\/uploads\/2022\/08\/BJL-1-322x230.jpg",322,230,true],"mantranews-single-large":["https:\/\/blogopara.com.br\/wp-content\/uploads\/2022\/08\/BJL-1.jpg",500,333,false]},"uagb_author_info":{"display_name":"Reda\u00e7\u00e3o geral","author_link":"https:\/\/blogopara.com.br\/index.php\/author\/blogopara"},"uagb_comment_info":0,"uagb_excerpt":"No plano de governo, apresentado ontem durante a conven\u00e7\u00e3o, n\u00f3s temos um cap\u00edtulo espec\u00edfico para o turismo religioso, algo que \u00e9 muito forte em nosso estado. L\u00e1 em Salvador, n\u00f3s fizemos v\u00e1rias a\u00e7\u00f5es nesse sentido. Recuperamos toda a parte ali do santu\u00e1rio do nosso Senhor do Bonfim. Na Colina Sagrada, implantamos o caminho da f\u00e9.&hellip;","jetpack_sharing_enabled":true,"jetpack_likes_enabled":true,"_links":{"self":[{"href":"https:\/\/blogopara.com.br\/index.php\/wp-json\/wp\/v2\/posts\/40550","targetHints":{"allow":["GET"]}}],"collection":[{"href":"https:\/\/blogopara.com.br\/index.php\/wp-json\/wp\/v2\/posts"}],"about":[{"href":"https:\/\/blogopara.com.br\/index.php\/wp-json\/wp\/v2\/types\/post"}],"author":[{"embeddable":true,"href":"https:\/\/blogopara.com.br\/index.php\/wp-json\/wp\/v2\/users\/1"}],"replies":[{"embeddable":true,"href":"https:\/\/blogopara.com.br\/index.php\/wp-json\/wp\/v2\/comments?post=40550"}],"version-history":[{"count":1,"href":"https:\/\/blogopara.com.br\/index.php\/wp-json\/wp\/v2\/posts\/40550\/revisions"}],"predecessor-version":[{"id":40552,"href":"https:\/\/blogopara.com.br\/index.php\/wp-json\/wp\/v2\/posts\/40550\/revisions\/40552"}],"wp:featuredmedia":[{"embeddable":true,"href":"https:\/\/blogopara.com.br\/index.php\/wp-json\/wp\/v2\/media\/40551"}],"wp:attachment":[{"href":"https:\/\/blogopara.com.br\/index.php\/wp-json\/wp\/v2\/media?parent=40550"}],"wp:term":[{"taxonomy":"category","embeddable":true,"href":"https:\/\/blogopara.com.br\/index.php\/wp-json\/wp\/v2\/categories?post=40550"},{"taxonomy":"post_tag","embeddable":true,"href":"https:\/\/blogopara.com.br\/index.php\/wp-json\/wp\/v2\/tags?post=40550"}],"curies":[{"name":"wp","href":"https:\/\/api.w.org\/{rel}","templated":true}]}}