{"id":40553,"date":"2022-08-06T20:05:00","date_gmt":"2022-08-06T23:05:00","guid":{"rendered":"https:\/\/blogopara.com.br\/?p=40553"},"modified":"2022-08-06T17:30:16","modified_gmt":"2022-08-06T20:30:16","slug":"alunos-de-escola-do-interior-de-juazeiro-aprendem-sobre-sustentabilidade-atraves-do-cultivo-de-horta","status":"publish","type":"post","link":"https:\/\/blogopara.com.br\/index.php\/2022\/08\/06\/alunos-de-escola-do-interior-de-juazeiro-aprendem-sobre-sustentabilidade-atraves-do-cultivo-de-horta","title":{"rendered":"Alunos de escola do interior de Juazeiro aprendem sobre sustentabilidade atrav\u00e9s do cultivo de horta"},"content":{"rendered":"<p dir=\"auto\" style=\"text-align: justify;\">Os alunos do 1\u00ba ao 5\u00ba ano da Escola Municipal Rural de Tempo Integral S\u00e3o Jos\u00e9, no NH-4, em Itamotinga, est\u00e3o desenvolvendo a chamada \u2018horta pedag\u00f3gica\u2019 atrav\u00e9s do Programa Despertar, que \u00e9 uma parceria da Prefeitura de Juazeiro, por meio da Secretaria de Educa\u00e7\u00e3o e Juventude (Seduc), com o Servi\u00e7o Nacional de Aprendizagem Rural (Senar\/BA).<\/p>\n<p dir=\"auto\" style=\"text-align: justify;\">O professor da disciplina de \u2018T\u00e9cnicas Agricolas\u2019 da unidade escolar, Carlos Levy, \u00e9 o respons\u00e1vel pelo projeto, mas salienta que o plantio e o cuidado com a horta, que tem formato de mandala, \u00e9 feito pelos pr\u00f3prios alunos. \u201cAtrav\u00e9s do Programa Despertar e da disciplina de T\u00e9cnicas Agr\u00edcolas, n\u00f3s desenvolvemos o que cada aluno j\u00e1 traz de sua comunidade, das experi\u00eancias em fam\u00edlia. \u00c9 interessante ver a evolu\u00e7\u00e3o de cada um e como isso traz um impacto ambiental positivo\u201d, diz Carlos Levy.<\/p>\n<p style=\"text-align: justify;\">Para Lusil\u00eana Pires, coordenadora de Programas e Projetos Educacionais da Seduc, falar sobre os cuidados com o meio ambiente em sala de aula \u00e9 essencial. \u201cCom a ado\u00e7\u00e3o dessas a\u00e7\u00f5es, nossos alunos estar\u00e3o cada vez mais conscientes do cuidado com o lugar onde vivem\u201d, conclui.<\/p>\n<p dir=\"auto\" style=\"text-align: justify;\"><b>Na pr\u00e1tica<\/b><\/p>\n<p style=\"text-align: justify;\">Lara Ellen dos Santos, aluna do 5\u00b0 ano, explica os cuidados com a horta. \u201cN\u00f3s plantamos, cuidamos e molhamos, tudo com ajuda do professor Levy. Acho isso muito interessante, pois, n\u00f3s aprendemos a experi\u00eancia de mexer com a terra, levamos isso pra vida e pra casa tamb\u00e9m\u201d, conta a aluna.<\/p>\n<p style=\"text-align: justify;\">Isabella Passos dos Santos, do 4\u00b0 ano, j\u00e1 ajudou no cultivo de v\u00e1rias plantas da horta. \u201cEu j\u00e1 plantei quiabo e tamb\u00e9m um girassol, mas ele n\u00e3o deu muito certo\u201d, diz Isabella, que n\u00e3o desistiu do trabalho. \u201cEu vou continuar tentando plantar muitas coisas com o professor Levy\u201d, explica.<\/p>\n\n\n<p>Ascom Seduc\/ PMJ<\/p>\n","protected":false},"excerpt":{"rendered":"<p>Os alunos do 1\u00ba ao 5\u00ba ano da Escola Municipal Rural de Tempo Integral S\u00e3o Jos\u00e9, no NH-4, em Itamotinga, est\u00e3o desenvolvendo a chamada \u2018horta pedag\u00f3gica\u2019 atrav\u00e9s do Programa Despertar, que \u00e9 uma parceria da Prefeitura de Juazeiro, por meio da Secretaria de Educa\u00e7\u00e3o e Juventude (Seduc), com o Servi\u00e7o Nacional de Aprendizagem Rural (Senar\/BA). [&hellip;]<\/p>\n","protected":false},"author":1,"featured_media":40554,"comment_status":"closed","ping_status":"open","sticky":false,"template":"","format":"standard","meta":{"_uag_custom_page_level_css":"","_monsterinsights_skip_tracking":false,"_monsterinsights_sitenote_active":false,"_monsterinsights_sitenote_note":"","_monsterinsights_sitenote_category":0,"jetpack_post_was_ever_published":false,"_jetpack_newsletter_access":"","_jetpack_dont_email_post_to_subs":false,"_jetpack_newsletter_tier_id":0,"_jetpack_memberships_contains_paywalled_content":false,"_jetpack_memberships_contains_paid_content":false,"footnotes":"","jetpack_publicize_message":"","jetpack_publicize_feature_enabled":true,"jetpack_social_post_already_shared":true,"jetpack_social_options":{"image_generator_settings":{"template":"highway","default_image_id":0,"font":"","enabled":false},"version":2}},"categories":[209,203],"tags":[],"class_list":["post-40553","post","type-post","status-publish","format-standard","has-post-thumbnail","hentry","category-educacao","category-juazeiro"],"jetpack_publicize_connections":[],"jetpack_featured_media_url":"https:\/\/blogopara.com.br\/wp-content\/uploads\/2022\/08\/ESCOLA.jpg","uagb_featured_image_src":{"full":["https:\/\/blogopara.com.br\/wp-content\/uploads\/2022\/08\/ESCOLA.jpg",500,592,false],"thumbnail":["https:\/\/blogopara.com.br\/wp-content\/uploads\/2022\/08\/ESCOLA-150x150.jpg",150,150,true],"medium":["https:\/\/blogopara.com.br\/wp-content\/uploads\/2022\/08\/ESCOLA-253x300.jpg",253,300,true],"medium_large":["https:\/\/blogopara.com.br\/wp-content\/uploads\/2022\/08\/ESCOLA.jpg",500,592,false],"large":["https:\/\/blogopara.com.br\/wp-content\/uploads\/2022\/08\/ESCOLA.jpg",500,592,false],"1536x1536":["https:\/\/blogopara.com.br\/wp-content\/uploads\/2022\/08\/ESCOLA.jpg",500,592,false],"2048x2048":["https:\/\/blogopara.com.br\/wp-content\/uploads\/2022\/08\/ESCOLA.jpg",500,592,false],"mantranews-slider-large":["https:\/\/blogopara.com.br\/wp-content\/uploads\/2022\/08\/ESCOLA.jpg",500,592,false],"mantranews-featured-medium":["https:\/\/blogopara.com.br\/wp-content\/uploads\/2022\/08\/ESCOLA-420x307.jpg",420,307,true],"mantranews-featured-long":["https:\/\/blogopara.com.br\/wp-content\/uploads\/2022\/08\/ESCOLA-300x443.jpg",300,443,true],"mantranews-block-medium":["https:\/\/blogopara.com.br\/wp-content\/uploads\/2022\/08\/ESCOLA-464x290.jpg",464,290,true],"mantranews-carousel-image":["https:\/\/blogopara.com.br\/wp-content\/uploads\/2022\/08\/ESCOLA-500x500.jpg",500,500,true],"mantranews-block-thumb":["https:\/\/blogopara.com.br\/wp-content\/uploads\/2022\/08\/ESCOLA-322x230.jpg",322,230,true],"mantranews-single-large":["https:\/\/blogopara.com.br\/wp-content\/uploads\/2022\/08\/ESCOLA.jpg",500,592,false]},"uagb_author_info":{"display_name":"Reda\u00e7\u00e3o geral","author_link":"https:\/\/blogopara.com.br\/index.php\/author\/blogopara"},"uagb_comment_info":0,"uagb_excerpt":"Os alunos do 1\u00ba ao 5\u00ba ano da Escola Municipal Rural de Tempo Integral S\u00e3o Jos\u00e9, no NH-4, em Itamotinga, est\u00e3o desenvolvendo a chamada \u2018horta pedag\u00f3gica\u2019 atrav\u00e9s do Programa Despertar, que \u00e9 uma parceria da Prefeitura de Juazeiro, por meio da Secretaria de Educa\u00e7\u00e3o e Juventude (Seduc), com o Servi\u00e7o Nacional de Aprendizagem Rural (Senar\/BA).&hellip;","jetpack_sharing_enabled":true,"jetpack_likes_enabled":true,"_links":{"self":[{"href":"https:\/\/blogopara.com.br\/index.php\/wp-json\/wp\/v2\/posts\/40553","targetHints":{"allow":["GET"]}}],"collection":[{"href":"https:\/\/blogopara.com.br\/index.php\/wp-json\/wp\/v2\/posts"}],"about":[{"href":"https:\/\/blogopara.com.br\/index.php\/wp-json\/wp\/v2\/types\/post"}],"author":[{"embeddable":true,"href":"https:\/\/blogopara.com.br\/index.php\/wp-json\/wp\/v2\/users\/1"}],"replies":[{"embeddable":true,"href":"https:\/\/blogopara.com.br\/index.php\/wp-json\/wp\/v2\/comments?post=40553"}],"version-history":[{"count":1,"href":"https:\/\/blogopara.com.br\/index.php\/wp-json\/wp\/v2\/posts\/40553\/revisions"}],"predecessor-version":[{"id":40555,"href":"https:\/\/blogopara.com.br\/index.php\/wp-json\/wp\/v2\/posts\/40553\/revisions\/40555"}],"wp:featuredmedia":[{"embeddable":true,"href":"https:\/\/blogopara.com.br\/index.php\/wp-json\/wp\/v2\/media\/40554"}],"wp:attachment":[{"href":"https:\/\/blogopara.com.br\/index.php\/wp-json\/wp\/v2\/media?parent=40553"}],"wp:term":[{"taxonomy":"category","embeddable":true,"href":"https:\/\/blogopara.com.br\/index.php\/wp-json\/wp\/v2\/categories?post=40553"},{"taxonomy":"post_tag","embeddable":true,"href":"https:\/\/blogopara.com.br\/index.php\/wp-json\/wp\/v2\/tags?post=40553"}],"curies":[{"name":"wp","href":"https:\/\/api.w.org\/{rel}","templated":true}]}}