{"id":40582,"date":"2022-08-07T20:35:00","date_gmt":"2022-08-07T23:35:00","guid":{"rendered":"https:\/\/blogopara.com.br\/?p=40582"},"modified":"2022-08-06T22:17:48","modified_gmt":"2022-08-07T01:17:48","slug":"mesmo-apos-a-sancao-piso-da-enfermagem-ainda-enfrenta-indefinicoes","status":"publish","type":"post","link":"https:\/\/blogopara.com.br\/index.php\/2022\/08\/07\/mesmo-apos-a-sancao-piso-da-enfermagem-ainda-enfrenta-indefinicoes","title":{"rendered":"Mesmo ap\u00f3s a san\u00e7\u00e3o, piso da enfermagem ainda enfrenta indefini\u00e7\u00f5es"},"content":{"rendered":"<p style=\"text-align: justify;\">Sancionada na \u00faltima quinta-feira pelo presidente Jair Bolsonaro, a lei que institui um piso salarial para profissionais de enfermagem s\u00f3 pode ser aplicada, neste momento, em institui\u00e7\u00f5es de sa\u00fade do setor privado. A Lei 8.112\/1990, que instituiu o funcionamento das institui\u00e7\u00f5es p\u00fablicas ap\u00f3s a Constitui\u00e7\u00e3o de 1988, n\u00e3o especifica se esse tipo de garantia deve incidir sobre vencimento ou a remunera\u00e7\u00e3o total do funcion\u00e1rio, incluindo gratifica\u00e7\u00f5es. Caber\u00e1 a cada unidade da Federa\u00e7\u00e3o definir esse aspecto.<\/p>\n<div style=\"text-align: justify;\">&#8220;No Distrito Federal, a defini\u00e7\u00e3o vai ser feita junto ao governo. As discuss\u00f5es na C\u00e2mara Legislativa ter\u00e3o de acontecer antes da Lei de Diretrizes Or\u00e7ament\u00e1rias (LDO), para esclarecer se o piso salarial dos enfermeiros da Secretaria de Sa\u00fade do DF vai valer em cima do vencimento ou da remunera\u00e7\u00e3o dos servidores&#8221;, explicou a diretora de Pr\u00e1tica da se\u00e7\u00e3o do DF da Associa\u00e7\u00e3o Brasileira de Enfermagem (Aben-DF), Karine Rodrigues Afonseca.<\/div>\n<div style=\"text-align: justify;\"><\/div>\n<div style=\"text-align: justify;\">Para ela, o ideal \u00e9 que o piso considere o vencimento, e n\u00e3o a remunera\u00e7\u00e3o total. Dessa forma, o sal\u00e1rio dos profissionais j\u00e1 alcan\u00e7aria o valor m\u00ednimo institu\u00eddo na nova lei, de R$ 4.750 para enfermeiros, R$ 3.325 para t\u00e9cnicos de enfermagem e R$ 2.375 para auxiliares e parteiras. Ela tamb\u00e9m destaca que, no DF, o piso deve valer sobre a carga hor\u00e1ria de 20 horas semanais, j\u00e1 que essa \u00e9 a jornada normal de trabalho entre os profissionais da categoria.<\/div>\n<div style=\"text-align: justify;\"><\/div>\n<div style=\"text-align: justify;\">Al\u00e9m disso, a fonte dos recursos que ir\u00e3o custear o novo sal\u00e1rio m\u00ednimo da categoria segue incerta. Diante disso, diversas associa\u00e7\u00f5es que representam a enfermagem se mobilizaram para cobrar de parlamentares e do presidente da Rep\u00fablica, uma defini\u00e7\u00e3o sobre o assunto.<\/div>\n<div style=\"text-align: justify;\"><\/div>\n<div style=\"text-align: justify;\">&#8220;A situa\u00e7\u00e3o do setor da sa\u00fade \u00e9 extremamente cr\u00edtica, e as entidades buscam o apoio do Poder P\u00fablico para encontrar uma solu\u00e7\u00e3o que garanta o acesso \u00e0 sa\u00fade de toda a popula\u00e7\u00e3o brasileira&#8221;, afirma nota assinada, entre outras organiza\u00e7\u00f5es, pela Federa\u00e7\u00e3o Brasileira dos Hospitais (FBH).<\/div>\n<div style=\"text-align: justify;\"><\/div>\n<div style=\"text-align: justify;\">&#8220;A Federa\u00e7\u00e3o n\u00e3o \u00e9 contra, em hip\u00f3tese alguma, o piso salarial da enfermagem. O grande problema \u00e9: quem ir\u00e1 pagar essa conta? Qual o custeio? Com isso \u00e9 que a gente fica muito preocupado&#8221;, disse o presidente da entidade, Adelv\u00e2nio Francisco Morato.<\/div>\n<div class=\"google-auto-placed ap_container\" style=\"text-align: justify;\"><\/div>\n<div>Di\u00e1rio de Pernambuco<\/div>\n","protected":false},"excerpt":{"rendered":"<p>Sancionada na \u00faltima quinta-feira pelo presidente Jair Bolsonaro, a lei que institui um piso salarial para profissionais de enfermagem s\u00f3 pode ser aplicada, neste momento, em institui\u00e7\u00f5es de sa\u00fade do setor privado. A Lei 8.112\/1990, que instituiu o funcionamento das institui\u00e7\u00f5es p\u00fablicas ap\u00f3s a Constitui\u00e7\u00e3o de 1988, n\u00e3o especifica se esse tipo de garantia deve [&hellip;]<\/p>\n","protected":false},"author":1,"featured_media":34961,"comment_status":"closed","ping_status":"open","sticky":false,"template":"","format":"standard","meta":{"_uag_custom_page_level_css":"","_monsterinsights_skip_tracking":false,"_monsterinsights_sitenote_active":false,"_monsterinsights_sitenote_note":"","_monsterinsights_sitenote_category":0,"jetpack_post_was_ever_published":false,"_jetpack_newsletter_access":"","_jetpack_dont_email_post_to_subs":false,"_jetpack_newsletter_tier_id":0,"_jetpack_memberships_contains_paywalled_content":false,"_jetpack_memberships_contains_paid_content":false,"footnotes":"","jetpack_publicize_message":"","jetpack_publicize_feature_enabled":true,"jetpack_social_post_already_shared":true,"jetpack_social_options":{"image_generator_settings":{"template":"highway","default_image_id":0,"font":"","enabled":false},"version":2}},"categories":[205],"tags":[],"class_list":["post-40582","post","type-post","status-publish","format-standard","has-post-thumbnail","hentry","category-saude"],"jetpack_publicize_connections":[],"jetpack_featured_media_url":"https:\/\/blogopara.com.br\/wp-content\/uploads\/2022\/03\/Saude-em-Movimento-4.jpeg","uagb_featured_image_src":{"full":["https:\/\/blogopara.com.br\/wp-content\/uploads\/2022\/03\/Saude-em-Movimento-4.jpeg",500,230,false],"thumbnail":["https:\/\/blogopara.com.br\/wp-content\/uploads\/2022\/03\/Saude-em-Movimento-4-150x150.jpeg",150,150,true],"medium":["https:\/\/blogopara.com.br\/wp-content\/uploads\/2022\/03\/Saude-em-Movimento-4-300x138.jpeg",300,138,true],"medium_large":["https:\/\/blogopara.com.br\/wp-content\/uploads\/2022\/03\/Saude-em-Movimento-4.jpeg",500,230,false],"large":["https:\/\/blogopara.com.br\/wp-content\/uploads\/2022\/03\/Saude-em-Movimento-4.jpeg",500,230,false],"1536x1536":["https:\/\/blogopara.com.br\/wp-content\/uploads\/2022\/03\/Saude-em-Movimento-4.jpeg",500,230,false],"2048x2048":["https:\/\/blogopara.com.br\/wp-content\/uploads\/2022\/03\/Saude-em-Movimento-4.jpeg",500,230,false],"mantranews-slider-large":["https:\/\/blogopara.com.br\/wp-content\/uploads\/2022\/03\/Saude-em-Movimento-4.jpeg",500,230,false],"mantranews-featured-medium":["https:\/\/blogopara.com.br\/wp-content\/uploads\/2022\/03\/Saude-em-Movimento-4-420x230.jpeg",420,230,true],"mantranews-featured-long":["https:\/\/blogopara.com.br\/wp-content\/uploads\/2022\/03\/Saude-em-Movimento-4-300x230.jpeg",300,230,true],"mantranews-block-medium":["https:\/\/blogopara.com.br\/wp-content\/uploads\/2022\/03\/Saude-em-Movimento-4-464x230.jpeg",464,230,true],"mantranews-carousel-image":["https:\/\/blogopara.com.br\/wp-content\/uploads\/2022\/03\/Saude-em-Movimento-4.jpeg",500,230,false],"mantranews-block-thumb":["https:\/\/blogopara.com.br\/wp-content\/uploads\/2022\/03\/Saude-em-Movimento-4-322x230.jpeg",322,230,true],"mantranews-single-large":["https:\/\/blogopara.com.br\/wp-content\/uploads\/2022\/03\/Saude-em-Movimento-4.jpeg",500,230,false]},"uagb_author_info":{"display_name":"Reda\u00e7\u00e3o geral","author_link":"https:\/\/blogopara.com.br\/index.php\/author\/blogopara"},"uagb_comment_info":0,"uagb_excerpt":"Sancionada na \u00faltima quinta-feira pelo presidente Jair Bolsonaro, a lei que institui um piso salarial para profissionais de enfermagem s\u00f3 pode ser aplicada, neste momento, em institui\u00e7\u00f5es de sa\u00fade do setor privado. A Lei 8.112\/1990, que instituiu o funcionamento das institui\u00e7\u00f5es p\u00fablicas ap\u00f3s a Constitui\u00e7\u00e3o de 1988, n\u00e3o especifica se esse tipo de garantia deve&hellip;","jetpack_sharing_enabled":true,"jetpack_likes_enabled":true,"_links":{"self":[{"href":"https:\/\/blogopara.com.br\/index.php\/wp-json\/wp\/v2\/posts\/40582","targetHints":{"allow":["GET"]}}],"collection":[{"href":"https:\/\/blogopara.com.br\/index.php\/wp-json\/wp\/v2\/posts"}],"about":[{"href":"https:\/\/blogopara.com.br\/index.php\/wp-json\/wp\/v2\/types\/post"}],"author":[{"embeddable":true,"href":"https:\/\/blogopara.com.br\/index.php\/wp-json\/wp\/v2\/users\/1"}],"replies":[{"embeddable":true,"href":"https:\/\/blogopara.com.br\/index.php\/wp-json\/wp\/v2\/comments?post=40582"}],"version-history":[{"count":1,"href":"https:\/\/blogopara.com.br\/index.php\/wp-json\/wp\/v2\/posts\/40582\/revisions"}],"predecessor-version":[{"id":40583,"href":"https:\/\/blogopara.com.br\/index.php\/wp-json\/wp\/v2\/posts\/40582\/revisions\/40583"}],"wp:featuredmedia":[{"embeddable":true,"href":"https:\/\/blogopara.com.br\/index.php\/wp-json\/wp\/v2\/media\/34961"}],"wp:attachment":[{"href":"https:\/\/blogopara.com.br\/index.php\/wp-json\/wp\/v2\/media?parent=40582"}],"wp:term":[{"taxonomy":"category","embeddable":true,"href":"https:\/\/blogopara.com.br\/index.php\/wp-json\/wp\/v2\/categories?post=40582"},{"taxonomy":"post_tag","embeddable":true,"href":"https:\/\/blogopara.com.br\/index.php\/wp-json\/wp\/v2\/tags?post=40582"}],"curies":[{"name":"wp","href":"https:\/\/api.w.org\/{rel}","templated":true}]}}