{"id":4073,"date":"2020-12-03T09:24:25","date_gmt":"2020-12-03T12:24:25","guid":{"rendered":"http:\/\/blogopara.com.br\/?p=4073"},"modified":"2020-12-03T08:53:30","modified_gmt":"2020-12-03T11:53:30","slug":"racista-homofobico-e-misogino","status":"publish","type":"post","link":"https:\/\/blogopara.com.br\/index.php\/2020\/12\/03\/racista-homofobico-e-misogino","title":{"rendered":"Racista, homof\u00f3bico e mis\u00f3gino?"},"content":{"rendered":"<p style=\"text-align: left;\">Pensou em Jair Bolsonaro? Mas n\u00e3o \u00e9 dele que iremos falar, e sim da gest\u00e3o do PC do B\/PT em Juazeiro. Surpreso? H\u00e1 muito tempo que o discurso de defesa das minorias n\u00e3o cola mais, \u00e9 apenas jogo de ret\u00f3rica para animar a milit\u00e2ncia, na pr\u00e1tica eles s\u00e3o t\u00e3o mis\u00f3ginos, homof\u00f3bicos e racistas quanto qualquer extremista de direita.<\/p>\n<p style=\"text-align: justify;\">Quando o PC do B assumiu a prefeitura de Juazeiro em 2009, as pol\u00edticas de afirma\u00e7\u00e3o ou de compensa\u00e7\u00e3o estavam em alta no governo de Lula, os munic\u00edpios somente as reproduziam na sua totalidade, inclusive o partido em Juazeiro nunca teve um projeto para governar a cidade, teve a sorte de ter um governo federal com recursos e pol\u00edticas p\u00fablicas em pleno vapor.<\/p>\n<p style=\"text-align: justify;\">Na gest\u00e3o de Isaac Carvalho (2009 a 2012) o partido n\u00e3o teve um negro, um homossexual e uma mulher para disputar com chances uma vaga na C\u00e2mara de Vereadores. Assim como no secretariado tamb\u00e9m n\u00e3o tinha um negro, um homossexual, e a \u00fanica mulher que participou foi Maria Jos\u00e9 (PC do B), mas logo saiu para dar lugar a um homem.<\/p>\n<p style=\"text-align: justify;\">Durante a gest\u00e3o de Isaac Carvalho (2013 a 2016) novamente \u00e9 marcada pela aus\u00eancia de nomes com trajet\u00f3rias nos movimentos LGBT e Negro, e com pouca participa\u00e7\u00e3o de mulheres, al\u00e9m de C\u00e9lia Regina (PT) teve tamb\u00e9m contadora Zalit\u00e9a Mendes, com r\u00e1pida participa\u00e7\u00e3o.<\/p>\n<p style=\"text-align: justify;\">No mandato de Paulo Bomfim (2016 a 2020), eis de novo a aus\u00eancia de um homossexual, de um negro, embora tenha tr\u00eas mulheres como secret\u00e1rias, todas s\u00e3o partes de acordos pol\u00edticos, e n\u00e3o da compreens\u00e3o do protagonismo sociopol\u00edtico da mulher.<\/p>\n<p style=\"text-align: justify;\">Na disputa por uma vaga na C\u00e2mara, mulheres guerreiras do partido: Maria Jos\u00e9, Lorena Pesqueira, Carmem da Mani\u00e7oba, Poliane, foram preteridas por H\u00e9lio, Alex Tanuri, Reinaldo Sabino e Anast\u00e1cio.<\/p>\n<p style=\"text-align: justify;\">Crescemos em sociedades onde os padr\u00f5es patriarcais, racistas, mis\u00f3ginos est\u00e3o enraizados de tal maneira que nos amarram os p\u00e9s e sem nosso esfor\u00e7o por soltar-nos ser\u00e1 imposs\u00edvel avan\u00e7ar. Esses padr\u00f5es nos ditam normas, uma pauta a seguir que somos incapazes de questionar.<\/p>\n<p style=\"text-align: justify;\">\n","protected":false},"excerpt":{"rendered":"<p>Pensou em Jair Bolsonaro? Mas n\u00e3o \u00e9 dele que iremos falar, e sim da gest\u00e3o do PC do B\/PT em Juazeiro. Surpreso? H\u00e1 muito tempo que o discurso de defesa das minorias n\u00e3o cola mais, \u00e9 apenas jogo de ret\u00f3rica para animar a milit\u00e2ncia, na pr\u00e1tica eles s\u00e3o t\u00e3o mis\u00f3ginos, homof\u00f3bicos e racistas quanto qualquer [&hellip;]<\/p>\n","protected":false},"author":1,"featured_media":4074,"comment_status":"open","ping_status":"open","sticky":false,"template":"","format":"standard","meta":{"_uag_custom_page_level_css":"","_monsterinsights_skip_tracking":false,"_monsterinsights_sitenote_active":false,"_monsterinsights_sitenote_note":"","_monsterinsights_sitenote_category":0,"jetpack_post_was_ever_published":false,"_jetpack_newsletter_access":"","_jetpack_dont_email_post_to_subs":false,"_jetpack_newsletter_tier_id":0,"_jetpack_memberships_contains_paywalled_content":false,"_jetpack_memberships_contains_paid_content":false,"footnotes":"","jetpack_publicize_message":"","jetpack_publicize_feature_enabled":true,"jetpack_social_post_already_shared":true,"jetpack_social_options":{"image_generator_settings":{"template":"highway","default_image_id":0,"font":"","enabled":false},"version":2}},"categories":[203],"tags":[59,989,141,988],"class_list":["post-4073","post","type-post","status-publish","format-standard","has-post-thumbnail","hentry","category-juazeiro","tag-homofobia","tag-misogino","tag-pc-do-b","tag-racista"],"jetpack_publicize_connections":[],"jetpack_featured_media_url":"https:\/\/blogopara.com.br\/wp-content\/uploads\/2019\/10\/fa98f1212877f88a2f11cb871eed1b1c-e1571671890340.jpg","uagb_featured_image_src":{"full":["https:\/\/blogopara.com.br\/wp-content\/uploads\/2019\/10\/fa98f1212877f88a2f11cb871eed1b1c-e1571671890340.jpg",400,400,false],"thumbnail":["https:\/\/blogopara.com.br\/wp-content\/uploads\/2019\/10\/fa98f1212877f88a2f11cb871eed1b1c-e1571671847450-150x150.jpg",150,150,true],"medium":["https:\/\/blogopara.com.br\/wp-content\/uploads\/2019\/10\/fa98f1212877f88a2f11cb871eed1b1c-e1571671847450-300x300.jpg",300,300,true],"medium_large":["https:\/\/blogopara.com.br\/wp-content\/uploads\/2019\/10\/fa98f1212877f88a2f11cb871eed1b1c-e1571671890340.jpg",400,400,false],"large":["https:\/\/blogopara.com.br\/wp-content\/uploads\/2019\/10\/fa98f1212877f88a2f11cb871eed1b1c-e1571671890340.jpg",400,400,false],"1536x1536":["https:\/\/blogopara.com.br\/wp-content\/uploads\/2019\/10\/fa98f1212877f88a2f11cb871eed1b1c-e1571671890340.jpg",400,400,false],"2048x2048":["https:\/\/blogopara.com.br\/wp-content\/uploads\/2019\/10\/fa98f1212877f88a2f11cb871eed1b1c-e1571671890340.jpg",400,400,false],"mantranews-slider-large":["https:\/\/blogopara.com.br\/wp-content\/uploads\/2019\/10\/fa98f1212877f88a2f11cb871eed1b1c-e1571671890340.jpg",400,400,false],"mantranews-featured-medium":["https:\/\/blogopara.com.br\/wp-content\/uploads\/2019\/10\/fa98f1212877f88a2f11cb871eed1b1c-e1571671890340.jpg",307,307,false],"mantranews-featured-long":["https:\/\/blogopara.com.br\/wp-content\/uploads\/2019\/10\/fa98f1212877f88a2f11cb871eed1b1c-e1571671890340.jpg",300,300,false],"mantranews-block-medium":["https:\/\/blogopara.com.br\/wp-content\/uploads\/2019\/10\/fa98f1212877f88a2f11cb871eed1b1c-e1571671890340.jpg",290,290,false],"mantranews-carousel-image":["https:\/\/blogopara.com.br\/wp-content\/uploads\/2019\/10\/fa98f1212877f88a2f11cb871eed1b1c-e1571671890340.jpg",400,400,false],"mantranews-block-thumb":["https:\/\/blogopara.com.br\/wp-content\/uploads\/2019\/10\/fa98f1212877f88a2f11cb871eed1b1c-e1571671890340.jpg",230,230,false],"mantranews-single-large":["https:\/\/blogopara.com.br\/wp-content\/uploads\/2019\/10\/fa98f1212877f88a2f11cb871eed1b1c-e1571671890340.jpg",400,400,false]},"uagb_author_info":{"display_name":"Reda\u00e7\u00e3o geral","author_link":"https:\/\/blogopara.com.br\/index.php\/author\/blogopara"},"uagb_comment_info":4,"uagb_excerpt":"Pensou em Jair Bolsonaro? Mas n\u00e3o \u00e9 dele que iremos falar, e sim da gest\u00e3o do PC do B\/PT em Juazeiro. Surpreso? H\u00e1 muito tempo que o discurso de defesa das minorias n\u00e3o cola mais, \u00e9 apenas jogo de ret\u00f3rica para animar a milit\u00e2ncia, na pr\u00e1tica eles s\u00e3o t\u00e3o mis\u00f3ginos, homof\u00f3bicos e racistas quanto qualquer&hellip;","jetpack_sharing_enabled":true,"jetpack_likes_enabled":true,"_links":{"self":[{"href":"https:\/\/blogopara.com.br\/index.php\/wp-json\/wp\/v2\/posts\/4073","targetHints":{"allow":["GET"]}}],"collection":[{"href":"https:\/\/blogopara.com.br\/index.php\/wp-json\/wp\/v2\/posts"}],"about":[{"href":"https:\/\/blogopara.com.br\/index.php\/wp-json\/wp\/v2\/types\/post"}],"author":[{"embeddable":true,"href":"https:\/\/blogopara.com.br\/index.php\/wp-json\/wp\/v2\/users\/1"}],"replies":[{"embeddable":true,"href":"https:\/\/blogopara.com.br\/index.php\/wp-json\/wp\/v2\/comments?post=4073"}],"version-history":[{"count":7,"href":"https:\/\/blogopara.com.br\/index.php\/wp-json\/wp\/v2\/posts\/4073\/revisions"}],"predecessor-version":[{"id":16773,"href":"https:\/\/blogopara.com.br\/index.php\/wp-json\/wp\/v2\/posts\/4073\/revisions\/16773"}],"wp:featuredmedia":[{"embeddable":true,"href":"https:\/\/blogopara.com.br\/index.php\/wp-json\/wp\/v2\/media\/4074"}],"wp:attachment":[{"href":"https:\/\/blogopara.com.br\/index.php\/wp-json\/wp\/v2\/media?parent=4073"}],"wp:term":[{"taxonomy":"category","embeddable":true,"href":"https:\/\/blogopara.com.br\/index.php\/wp-json\/wp\/v2\/categories?post=4073"},{"taxonomy":"post_tag","embeddable":true,"href":"https:\/\/blogopara.com.br\/index.php\/wp-json\/wp\/v2\/tags?post=4073"}],"curies":[{"name":"wp","href":"https:\/\/api.w.org\/{rel}","templated":true}]}}