{"id":40734,"date":"2022-08-11T14:45:00","date_gmt":"2022-08-11T17:45:00","guid":{"rendered":"https:\/\/blogopara.com.br\/?p=40734"},"modified":"2022-08-10T20:43:17","modified_gmt":"2022-08-10T23:43:17","slug":"escola-de-negocios-do-iel-pe-promove-curso-de-oratoria-e-retorica-como-ferramenta-de-vendas-em-petrolina","status":"publish","type":"post","link":"https:\/\/blogopara.com.br\/index.php\/2022\/08\/11\/escola-de-negocios-do-iel-pe-promove-curso-de-oratoria-e-retorica-como-ferramenta-de-vendas-em-petrolina","title":{"rendered":"Escola de Neg\u00f3cios do IEL-PE promove curso de orat\u00f3ria e ret\u00f3rica como ferramenta de vendas, em Petrolina"},"content":{"rendered":"<p style=\"text-align: justify;\">O Instituto Euvaldo Lodi (IEL- PE) vai realizar o curso &#8216;Orat\u00f3ria e ret\u00f3rica como ferramenta de vendas&#8217;, em Petrolina, no sert\u00e3o do S\u00e3o Francisco. As aulas, no formato presencial, v\u00e3o acontecer nos dias 26, das 18h \u00e0s 22h, e 27 de agosto, das 8h \u00e0s 12h e das 13h \u00e0s 17h.<\/p>\n<p style=\"text-align: justify;\">O curso tem como objetivo viabilizar o aperfei\u00e7oamento da capacidade de comunica\u00e7\u00e3o interpessoal e comunica\u00e7\u00e3o assertiva, melhorar o desempenho profissional e pessoal dentro e fora do ambiente corporativo, bem como utilizar a comunica\u00e7\u00e3o como ferramenta para a obten\u00e7\u00e3o de resultados e aprimoramento das rela\u00e7\u00f5es profissionais.<\/p>\n<p style=\"text-align: justify;\">De acordo com a coordenadora da Unidade Regional do Sert\u00e3o do S\u00e3o Francisco da Federa\u00e7\u00e3o das Ind\u00fastrias do Estado de Pernambuco (FIEPE), Fabiana Ribeiro, as inscri\u00e7\u00f5es podem ser feitas por meio do site:\u00a0<a href=\"http:\/\/www.ielpe.org.br\/capacitacao\" data-saferedirecturl=\"https:\/\/www.google.com\/url?q=http:\/\/www.ielpe.org.br\/capacitacao&amp;source=gmail&amp;ust=1660261123293000&amp;usg=AOvVaw0X7_qRBQtv30Pf-xWNVDQW\">www.ielpe.org.br\/capacitacao<\/a>. O curso vai acontecer no IEL Petrolina, na av. Monsenhor \u00c2ngelo Sampaio, 267, Vila Eduardo.<\/p>\n<p style=\"text-align: justify;\">&#8220;Trata-se de uma \u00f3tima oportunidade para empres\u00e1rios, diretores, gestores e demais profissionais que desejam aprimorar a habilidade de comunica\u00e7\u00e3o e orat\u00f3ria. Al\u00e9m de estudantes que tenham interesse na tem\u00e1tica&#8221;, ressaltou. A coordenadora acrescentou ainda que o curso tem uma carga hor\u00e1ria de 12 horas e o participante com o m\u00ednimo de 75% de presen\u00e7a receber\u00e1 o certificado digital com autentica\u00e7\u00e3o.<\/p>\n<p style=\"text-align: justify;\"><strong>Mais informa\u00e7\u00f5es:<\/strong>\u00a0(81) 9 99164-9752\/ 0800 600 9606, ou pelo e-mail:\u00a0<a href=\"mailto:comercial@sistemafiepe.org.br\">comercial@sistemafiepe.org.br<\/a>.<\/p>\n<p style=\"text-align: justify;\"><strong>Sistema FIEPE<\/strong>\u00a0\u2013 Mantido pelo setor industrial, atua no desenvolvimento de solu\u00e7\u00f5es para trazer ainda mais competitividade ao segmento. Al\u00e9m do Instituto Euvaldo Lodi (IEL-PE) \u2013 que tem foco na carreira profissional dos trabalhadores, desde a sele\u00e7\u00e3o de estagi\u00e1rios e profissionais, at\u00e9 a capacita\u00e7\u00e3o deles realizada pela sua escola de neg\u00f3cios \u2013 conta ainda com a FIEPE, o SESI e o SENAI. A Federa\u00e7\u00e3o realiza a defesa de interesse do setor produtivo e contribui com o processo de internacionaliza\u00e7\u00e3o das ind\u00fastrias. Pelo SESI-PE, s\u00e3o oferecidos servi\u00e7os de sa\u00fade e educa\u00e7\u00e3o b\u00e1sica para os industri\u00e1rios, familiares e comunidade geral. Com o SENAI-PE, al\u00e9m de forma\u00e7\u00e3o profissional, s\u00e3o oferecidos os servi\u00e7os de metrologia e ensaios, consultorias e inova\u00e7\u00e3o.<\/p>\n<p style=\"text-align: justify;\"><strong>Clas Comunica\u00e7\u00e3o e Marketing<\/strong><\/p>\n","protected":false},"excerpt":{"rendered":"<p>O Instituto Euvaldo Lodi (IEL- PE) vai realizar o curso &#8216;Orat\u00f3ria e ret\u00f3rica como ferramenta de vendas&#8217;, em Petrolina, no sert\u00e3o do S\u00e3o Francisco. As aulas, no formato presencial, v\u00e3o acontecer nos dias 26, das 18h \u00e0s 22h, e 27 de agosto, das 8h \u00e0s 12h e das 13h \u00e0s 17h. O curso tem como [&hellip;]<\/p>\n","protected":false},"author":1,"featured_media":40735,"comment_status":"closed","ping_status":"open","sticky":false,"template":"","format":"standard","meta":{"_uag_custom_page_level_css":"","_monsterinsights_skip_tracking":false,"_monsterinsights_sitenote_active":false,"_monsterinsights_sitenote_note":"","_monsterinsights_sitenote_category":0,"jetpack_post_was_ever_published":false,"_jetpack_newsletter_access":"","_jetpack_dont_email_post_to_subs":false,"_jetpack_newsletter_tier_id":0,"_jetpack_memberships_contains_paywalled_content":false,"_jetpack_memberships_contains_paid_content":false,"footnotes":"","jetpack_publicize_message":"","jetpack_publicize_feature_enabled":true,"jetpack_social_post_already_shared":true,"jetpack_social_options":{"image_generator_settings":{"template":"highway","default_image_id":0,"font":"","enabled":false},"version":2}},"categories":[209],"tags":[],"class_list":["post-40734","post","type-post","status-publish","format-standard","has-post-thumbnail","hentry","category-educacao"],"jetpack_publicize_connections":[],"jetpack_featured_media_url":"https:\/\/blogopara.com.br\/wp-content\/uploads\/2022\/08\/iel.jpg","uagb_featured_image_src":{"full":["https:\/\/blogopara.com.br\/wp-content\/uploads\/2022\/08\/iel.jpg",500,500,false],"thumbnail":["https:\/\/blogopara.com.br\/wp-content\/uploads\/2022\/08\/iel-150x150.jpg",150,150,true],"medium":["https:\/\/blogopara.com.br\/wp-content\/uploads\/2022\/08\/iel-300x300.jpg",300,300,true],"medium_large":["https:\/\/blogopara.com.br\/wp-content\/uploads\/2022\/08\/iel.jpg",500,500,false],"large":["https:\/\/blogopara.com.br\/wp-content\/uploads\/2022\/08\/iel.jpg",500,500,false],"1536x1536":["https:\/\/blogopara.com.br\/wp-content\/uploads\/2022\/08\/iel.jpg",500,500,false],"2048x2048":["https:\/\/blogopara.com.br\/wp-content\/uploads\/2022\/08\/iel.jpg",500,500,false],"mantranews-slider-large":["https:\/\/blogopara.com.br\/wp-content\/uploads\/2022\/08\/iel.jpg",500,500,false],"mantranews-featured-medium":["https:\/\/blogopara.com.br\/wp-content\/uploads\/2022\/08\/iel-420x307.jpg",420,307,true],"mantranews-featured-long":["https:\/\/blogopara.com.br\/wp-content\/uploads\/2022\/08\/iel-300x443.jpg",300,443,true],"mantranews-block-medium":["https:\/\/blogopara.com.br\/wp-content\/uploads\/2022\/08\/iel-464x290.jpg",464,290,true],"mantranews-carousel-image":["https:\/\/blogopara.com.br\/wp-content\/uploads\/2022\/08\/iel.jpg",500,500,false],"mantranews-block-thumb":["https:\/\/blogopara.com.br\/wp-content\/uploads\/2022\/08\/iel-322x230.jpg",322,230,true],"mantranews-single-large":["https:\/\/blogopara.com.br\/wp-content\/uploads\/2022\/08\/iel.jpg",500,500,false]},"uagb_author_info":{"display_name":"Reda\u00e7\u00e3o geral","author_link":"https:\/\/blogopara.com.br\/index.php\/author\/blogopara"},"uagb_comment_info":0,"uagb_excerpt":"O Instituto Euvaldo Lodi (IEL- PE) vai realizar o curso &#8216;Orat\u00f3ria e ret\u00f3rica como ferramenta de vendas&#8217;, em Petrolina, no sert\u00e3o do S\u00e3o Francisco. As aulas, no formato presencial, v\u00e3o acontecer nos dias 26, das 18h \u00e0s 22h, e 27 de agosto, das 8h \u00e0s 12h e das 13h \u00e0s 17h. O curso tem como&hellip;","jetpack_sharing_enabled":true,"jetpack_likes_enabled":true,"_links":{"self":[{"href":"https:\/\/blogopara.com.br\/index.php\/wp-json\/wp\/v2\/posts\/40734","targetHints":{"allow":["GET"]}}],"collection":[{"href":"https:\/\/blogopara.com.br\/index.php\/wp-json\/wp\/v2\/posts"}],"about":[{"href":"https:\/\/blogopara.com.br\/index.php\/wp-json\/wp\/v2\/types\/post"}],"author":[{"embeddable":true,"href":"https:\/\/blogopara.com.br\/index.php\/wp-json\/wp\/v2\/users\/1"}],"replies":[{"embeddable":true,"href":"https:\/\/blogopara.com.br\/index.php\/wp-json\/wp\/v2\/comments?post=40734"}],"version-history":[{"count":1,"href":"https:\/\/blogopara.com.br\/index.php\/wp-json\/wp\/v2\/posts\/40734\/revisions"}],"predecessor-version":[{"id":40736,"href":"https:\/\/blogopara.com.br\/index.php\/wp-json\/wp\/v2\/posts\/40734\/revisions\/40736"}],"wp:featuredmedia":[{"embeddable":true,"href":"https:\/\/blogopara.com.br\/index.php\/wp-json\/wp\/v2\/media\/40735"}],"wp:attachment":[{"href":"https:\/\/blogopara.com.br\/index.php\/wp-json\/wp\/v2\/media?parent=40734"}],"wp:term":[{"taxonomy":"category","embeddable":true,"href":"https:\/\/blogopara.com.br\/index.php\/wp-json\/wp\/v2\/categories?post=40734"},{"taxonomy":"post_tag","embeddable":true,"href":"https:\/\/blogopara.com.br\/index.php\/wp-json\/wp\/v2\/tags?post=40734"}],"curies":[{"name":"wp","href":"https:\/\/api.w.org\/{rel}","templated":true}]}}