{"id":40766,"date":"2022-08-11T15:38:00","date_gmt":"2022-08-11T18:38:00","guid":{"rendered":"https:\/\/blogopara.com.br\/?p=40766"},"modified":"2022-08-11T15:37:00","modified_gmt":"2022-08-11T18:37:00","slug":"moradores-do-bairro-cajueiro-agradecem-servicos-de-limpeza-e-manutencao-de-ruas-do-programa-juazeiro-da-gente","status":"publish","type":"post","link":"https:\/\/blogopara.com.br\/index.php\/2022\/08\/11\/moradores-do-bairro-cajueiro-agradecem-servicos-de-limpeza-e-manutencao-de-ruas-do-programa-juazeiro-da-gente","title":{"rendered":"Vereador Lourival Quirino agradece os servi\u00e7os de limpeza e manuten\u00e7\u00e3o de ruas no bairro Cajueiro"},"content":{"rendered":"<p dir=\"ltr\" style=\"text-align: justify;\">O vereador Lourival Quirino (sem-partido) agradeceu a prefeitura, que atrav\u00e9s da Secretaria de Servi\u00e7os P\u00fablicos (Sesp) promoveu diversos servi\u00e7os no bairro do Cajueiro. As a\u00e7\u00f5es fazem parte do programa \u2018Juazeiro da Gente\u2019 foi iniciada nesta quarta-feira (10).<\/p>\n<p dir=\"ltr\" style=\"text-align: justify;\">As atividades ser\u00e3o estendidas at\u00e9 o in\u00edcio da pr\u00f3xima semana, com interven\u00e7\u00f5es de diversos servi\u00e7os de limpeza, manuten\u00e7\u00e3o, ilumina\u00e7\u00e3o e embelezamento de espa\u00e7os p\u00fablicos, proporcionando melhorias estruturantes que v\u00eam sendo elogiadas pelos moradores da comunidade.<\/p>\n<p dir=\"ltr\" style=\"text-align: justify;\">O vereador destacou o empenho da Prefeitura de Juazeiro em promover a\u00e7\u00f5es na \u00e1rea de limpeza p\u00fablica na cidade. \u201cS\u00e3o dezenas de servidores envolvidos, diversas m\u00e1quinas e ca\u00e7ambas para transformar os bairros e dar dignidade ao povo de Juazeiro. Precisamos do apoio da popula\u00e7\u00e3o e pedimos que os moradores conservem as pra\u00e7as limpas, cuidem de cada rua e n\u00e3o descarte o lixo fora do hor\u00e1rio da coleta\u201d.<\/p>\n","protected":false},"excerpt":{"rendered":"<p>O vereador Lourival Quirino (sem-partido) agradeceu a prefeitura, que atrav\u00e9s da Secretaria de Servi\u00e7os P\u00fablicos (Sesp) promoveu diversos servi\u00e7os no bairro do Cajueiro. As a\u00e7\u00f5es fazem parte do programa \u2018Juazeiro da Gente\u2019 foi iniciada nesta quarta-feira (10). As atividades ser\u00e3o estendidas at\u00e9 o in\u00edcio da pr\u00f3xima semana, com interven\u00e7\u00f5es de diversos servi\u00e7os de limpeza, manuten\u00e7\u00e3o, [&hellip;]<\/p>\n","protected":false},"author":1,"featured_media":40789,"comment_status":"closed","ping_status":"open","sticky":false,"template":"","format":"standard","meta":{"_uag_custom_page_level_css":"","_monsterinsights_skip_tracking":false,"_monsterinsights_sitenote_active":false,"_monsterinsights_sitenote_note":"","_monsterinsights_sitenote_category":0,"jetpack_post_was_ever_published":false,"_jetpack_newsletter_access":"","_jetpack_dont_email_post_to_subs":false,"_jetpack_newsletter_tier_id":0,"_jetpack_memberships_contains_paywalled_content":false,"_jetpack_memberships_contains_paid_content":false,"footnotes":"","jetpack_publicize_message":"","jetpack_publicize_feature_enabled":true,"jetpack_social_post_already_shared":true,"jetpack_social_options":{"image_generator_settings":{"template":"highway","default_image_id":0,"font":"","enabled":false},"version":2}},"categories":[203,1720],"tags":[],"class_list":["post-40766","post","type-post","status-publish","format-standard","has-post-thumbnail","hentry","category-juazeiro","category-obras"],"jetpack_publicize_connections":[],"jetpack_featured_media_url":"https:\/\/blogopara.com.br\/wp-content\/uploads\/2022\/08\/WhatsApp-Image-2022-08-11-at-15.34.42.jpeg","uagb_featured_image_src":{"full":["https:\/\/blogopara.com.br\/wp-content\/uploads\/2022\/08\/WhatsApp-Image-2022-08-11-at-15.34.42.jpeg",500,376,false],"thumbnail":["https:\/\/blogopara.com.br\/wp-content\/uploads\/2022\/08\/WhatsApp-Image-2022-08-11-at-15.34.42-150x150.jpeg",150,150,true],"medium":["https:\/\/blogopara.com.br\/wp-content\/uploads\/2022\/08\/WhatsApp-Image-2022-08-11-at-15.34.42-300x226.jpeg",300,226,true],"medium_large":["https:\/\/blogopara.com.br\/wp-content\/uploads\/2022\/08\/WhatsApp-Image-2022-08-11-at-15.34.42.jpeg",500,376,false],"large":["https:\/\/blogopara.com.br\/wp-content\/uploads\/2022\/08\/WhatsApp-Image-2022-08-11-at-15.34.42.jpeg",500,376,false],"1536x1536":["https:\/\/blogopara.com.br\/wp-content\/uploads\/2022\/08\/WhatsApp-Image-2022-08-11-at-15.34.42.jpeg",500,376,false],"2048x2048":["https:\/\/blogopara.com.br\/wp-content\/uploads\/2022\/08\/WhatsApp-Image-2022-08-11-at-15.34.42.jpeg",500,376,false],"mantranews-slider-large":["https:\/\/blogopara.com.br\/wp-content\/uploads\/2022\/08\/WhatsApp-Image-2022-08-11-at-15.34.42.jpeg",500,376,false],"mantranews-featured-medium":["https:\/\/blogopara.com.br\/wp-content\/uploads\/2022\/08\/WhatsApp-Image-2022-08-11-at-15.34.42-420x307.jpeg",420,307,true],"mantranews-featured-long":["https:\/\/blogopara.com.br\/wp-content\/uploads\/2022\/08\/WhatsApp-Image-2022-08-11-at-15.34.42-300x376.jpeg",300,376,true],"mantranews-block-medium":["https:\/\/blogopara.com.br\/wp-content\/uploads\/2022\/08\/WhatsApp-Image-2022-08-11-at-15.34.42-464x290.jpeg",464,290,true],"mantranews-carousel-image":["https:\/\/blogopara.com.br\/wp-content\/uploads\/2022\/08\/WhatsApp-Image-2022-08-11-at-15.34.42.jpeg",500,376,false],"mantranews-block-thumb":["https:\/\/blogopara.com.br\/wp-content\/uploads\/2022\/08\/WhatsApp-Image-2022-08-11-at-15.34.42-322x230.jpeg",322,230,true],"mantranews-single-large":["https:\/\/blogopara.com.br\/wp-content\/uploads\/2022\/08\/WhatsApp-Image-2022-08-11-at-15.34.42.jpeg",500,376,false]},"uagb_author_info":{"display_name":"Reda\u00e7\u00e3o geral","author_link":"https:\/\/blogopara.com.br\/index.php\/author\/blogopara"},"uagb_comment_info":0,"uagb_excerpt":"O vereador Lourival Quirino (sem-partido) agradeceu a prefeitura, que atrav\u00e9s da Secretaria de Servi\u00e7os P\u00fablicos (Sesp) promoveu diversos servi\u00e7os no bairro do Cajueiro. As a\u00e7\u00f5es fazem parte do programa \u2018Juazeiro da Gente\u2019 foi iniciada nesta quarta-feira (10). As atividades ser\u00e3o estendidas at\u00e9 o in\u00edcio da pr\u00f3xima semana, com interven\u00e7\u00f5es de diversos servi\u00e7os de limpeza, manuten\u00e7\u00e3o,&hellip;","jetpack_sharing_enabled":true,"jetpack_likes_enabled":true,"_links":{"self":[{"href":"https:\/\/blogopara.com.br\/index.php\/wp-json\/wp\/v2\/posts\/40766","targetHints":{"allow":["GET"]}}],"collection":[{"href":"https:\/\/blogopara.com.br\/index.php\/wp-json\/wp\/v2\/posts"}],"about":[{"href":"https:\/\/blogopara.com.br\/index.php\/wp-json\/wp\/v2\/types\/post"}],"author":[{"embeddable":true,"href":"https:\/\/blogopara.com.br\/index.php\/wp-json\/wp\/v2\/users\/1"}],"replies":[{"embeddable":true,"href":"https:\/\/blogopara.com.br\/index.php\/wp-json\/wp\/v2\/comments?post=40766"}],"version-history":[{"count":2,"href":"https:\/\/blogopara.com.br\/index.php\/wp-json\/wp\/v2\/posts\/40766\/revisions"}],"predecessor-version":[{"id":40790,"href":"https:\/\/blogopara.com.br\/index.php\/wp-json\/wp\/v2\/posts\/40766\/revisions\/40790"}],"wp:featuredmedia":[{"embeddable":true,"href":"https:\/\/blogopara.com.br\/index.php\/wp-json\/wp\/v2\/media\/40789"}],"wp:attachment":[{"href":"https:\/\/blogopara.com.br\/index.php\/wp-json\/wp\/v2\/media?parent=40766"}],"wp:term":[{"taxonomy":"category","embeddable":true,"href":"https:\/\/blogopara.com.br\/index.php\/wp-json\/wp\/v2\/categories?post=40766"},{"taxonomy":"post_tag","embeddable":true,"href":"https:\/\/blogopara.com.br\/index.php\/wp-json\/wp\/v2\/tags?post=40766"}],"curies":[{"name":"wp","href":"https:\/\/api.w.org\/{rel}","templated":true}]}}