{"id":40840,"date":"2022-08-13T11:46:00","date_gmt":"2022-08-13T14:46:00","guid":{"rendered":"https:\/\/blogopara.com.br\/?p=40840"},"modified":"2022-08-12T15:50:54","modified_gmt":"2022-08-12T18:50:54","slug":"lula-e-bolsonaro-nao-tem-como-explicar-suas-contradicoes-diz-ciro","status":"publish","type":"post","link":"https:\/\/blogopara.com.br\/index.php\/2022\/08\/13\/lula-e-bolsonaro-nao-tem-como-explicar-suas-contradicoes-diz-ciro","title":{"rendered":"Lula e Bolsonaro &#8220;n\u00e3o t\u00eam como explicar suas contradi\u00e7\u00f5es&#8221;, diz Ciro"},"content":{"rendered":"<p class=\"texto\" style=\"text-align: justify;\">O candidato \u00e0 Presid\u00eancia da Rep\u00fablica\u00a0<a href=\"https:\/\/www.correiobraziliense.com.br\/politica\/2022\/08\/5028229-sou-grosseiro-com-genocidas-e-corruptos-como-bolsonaro-diz-ciro.html\" target=\"_blank\" rel=\"noopener noreferrer\">Ciro Gomes (PDT)<\/a>\u00a0disse nesta sexta-feira (12\/8) que o ex-presidente Luiz In\u00e1cio Lula da Silva (PT) e o presidente Jair Bolsonaro (PL) n\u00e3o participam dos debates eleitorais porque &#8220;n\u00e3o t\u00eam como explicar suas pr\u00f3prias contradi\u00e7\u00f5es&#8221; da corrup\u00e7\u00e3o e do modelo econ\u00f4mico que seguem.<\/p>\n<div id=\"cb-publicidade-retangulo-interna\" class=\"pub-ret\" data-google-query-id=\"CNjO3oj7wfkCFdw4uQYdLMILow\">\n<p class=\"texto\" style=\"text-align: justify;\">&#8220;Bolsonaro e Lula n\u00e3o est\u00e3o\u00a0<a href=\"https:\/\/blogs.correiobraziliense.com.br\/vicente\/quem-fugir-do-debate-vai-perder-afirma-mailson-da-nobrega-sobre-as-eleicoes\/\" target=\"_blank\" rel=\"noopener noreferrer\">aceitando participar dos debates<\/a>\u00a0porque ambos n\u00e3o t\u00eam como explicar suas pr\u00f3prias contradi\u00e7\u00f5es&#8221;, afirmou Ciro em entrevista \u00e0\u00a0<em>TV Imaculada. &#8220;<\/em>Nem a contradi\u00e7\u00e3o moral da corrup\u00e7\u00e3o, nem a contradi\u00e7\u00e3o do mesmo modelo econ\u00f4mico que praticam, que s\u00f3 produz desigualdade&#8221;, completou o candidato.<\/p>\n<p style=\"text-align: justify;\">\n<\/div>\n","protected":false},"excerpt":{"rendered":"<p>O candidato \u00e0 Presid\u00eancia da Rep\u00fablica\u00a0Ciro Gomes (PDT)\u00a0disse nesta sexta-feira (12\/8) que o ex-presidente Luiz In\u00e1cio Lula da Silva (PT) e o presidente Jair Bolsonaro (PL) n\u00e3o participam dos debates eleitorais porque &#8220;n\u00e3o t\u00eam como explicar suas pr\u00f3prias contradi\u00e7\u00f5es&#8221; da corrup\u00e7\u00e3o e do modelo econ\u00f4mico que seguem. &#8220;Bolsonaro e Lula n\u00e3o est\u00e3o\u00a0aceitando participar dos debates\u00a0porque [&hellip;]<\/p>\n","protected":false},"author":1,"featured_media":16782,"comment_status":"closed","ping_status":"open","sticky":false,"template":"","format":"standard","meta":{"_uag_custom_page_level_css":"","_monsterinsights_skip_tracking":false,"_monsterinsights_sitenote_active":false,"_monsterinsights_sitenote_note":"","_monsterinsights_sitenote_category":0,"jetpack_post_was_ever_published":false,"_jetpack_newsletter_access":"","_jetpack_dont_email_post_to_subs":false,"_jetpack_newsletter_tier_id":0,"_jetpack_memberships_contains_paywalled_content":false,"_jetpack_memberships_contains_paid_content":false,"footnotes":"","jetpack_publicize_message":"","jetpack_publicize_feature_enabled":true,"jetpack_social_post_already_shared":true,"jetpack_social_options":{"image_generator_settings":{"template":"highway","default_image_id":0,"font":"","enabled":false},"version":2}},"categories":[200,197],"tags":[],"class_list":["post-40840","post","type-post","status-publish","format-standard","has-post-thumbnail","hentry","category-brasil","category-politica"],"jetpack_publicize_connections":[],"jetpack_featured_media_url":"https:\/\/blogopara.com.br\/wp-content\/uploads\/2020\/12\/Ciro.jpg","uagb_featured_image_src":{"full":["https:\/\/blogopara.com.br\/wp-content\/uploads\/2020\/12\/Ciro.jpg",500,300,false],"thumbnail":["https:\/\/blogopara.com.br\/wp-content\/uploads\/2020\/12\/Ciro-150x150.jpg",150,150,true],"medium":["https:\/\/blogopara.com.br\/wp-content\/uploads\/2020\/12\/Ciro-300x180.jpg",300,180,true],"medium_large":["https:\/\/blogopara.com.br\/wp-content\/uploads\/2020\/12\/Ciro.jpg",500,300,false],"large":["https:\/\/blogopara.com.br\/wp-content\/uploads\/2020\/12\/Ciro.jpg",500,300,false],"1536x1536":["https:\/\/blogopara.com.br\/wp-content\/uploads\/2020\/12\/Ciro.jpg",500,300,false],"2048x2048":["https:\/\/blogopara.com.br\/wp-content\/uploads\/2020\/12\/Ciro.jpg",500,300,false],"mantranews-slider-large":["https:\/\/blogopara.com.br\/wp-content\/uploads\/2020\/12\/Ciro.jpg",500,300,false],"mantranews-featured-medium":["https:\/\/blogopara.com.br\/wp-content\/uploads\/2020\/12\/Ciro-420x300.jpg",420,300,true],"mantranews-featured-long":["https:\/\/blogopara.com.br\/wp-content\/uploads\/2020\/12\/Ciro-300x300.jpg",300,300,true],"mantranews-block-medium":["https:\/\/blogopara.com.br\/wp-content\/uploads\/2020\/12\/Ciro-464x290.jpg",464,290,true],"mantranews-carousel-image":["https:\/\/blogopara.com.br\/wp-content\/uploads\/2020\/12\/Ciro.jpg",500,300,false],"mantranews-block-thumb":["https:\/\/blogopara.com.br\/wp-content\/uploads\/2020\/12\/Ciro-322x230.jpg",322,230,true],"mantranews-single-large":["https:\/\/blogopara.com.br\/wp-content\/uploads\/2020\/12\/Ciro.jpg",500,300,false]},"uagb_author_info":{"display_name":"Reda\u00e7\u00e3o geral","author_link":"https:\/\/blogopara.com.br\/index.php\/author\/blogopara"},"uagb_comment_info":0,"uagb_excerpt":"O candidato \u00e0 Presid\u00eancia da Rep\u00fablica\u00a0Ciro Gomes (PDT)\u00a0disse nesta sexta-feira (12\/8) que o ex-presidente Luiz In\u00e1cio Lula da Silva (PT) e o presidente Jair Bolsonaro (PL) n\u00e3o participam dos debates eleitorais porque &#8220;n\u00e3o t\u00eam como explicar suas pr\u00f3prias contradi\u00e7\u00f5es&#8221; da corrup\u00e7\u00e3o e do modelo econ\u00f4mico que seguem. &#8220;Bolsonaro e Lula n\u00e3o est\u00e3o\u00a0aceitando participar dos debates\u00a0porque&hellip;","jetpack_sharing_enabled":true,"jetpack_likes_enabled":true,"_links":{"self":[{"href":"https:\/\/blogopara.com.br\/index.php\/wp-json\/wp\/v2\/posts\/40840","targetHints":{"allow":["GET"]}}],"collection":[{"href":"https:\/\/blogopara.com.br\/index.php\/wp-json\/wp\/v2\/posts"}],"about":[{"href":"https:\/\/blogopara.com.br\/index.php\/wp-json\/wp\/v2\/types\/post"}],"author":[{"embeddable":true,"href":"https:\/\/blogopara.com.br\/index.php\/wp-json\/wp\/v2\/users\/1"}],"replies":[{"embeddable":true,"href":"https:\/\/blogopara.com.br\/index.php\/wp-json\/wp\/v2\/comments?post=40840"}],"version-history":[{"count":1,"href":"https:\/\/blogopara.com.br\/index.php\/wp-json\/wp\/v2\/posts\/40840\/revisions"}],"predecessor-version":[{"id":40841,"href":"https:\/\/blogopara.com.br\/index.php\/wp-json\/wp\/v2\/posts\/40840\/revisions\/40841"}],"wp:featuredmedia":[{"embeddable":true,"href":"https:\/\/blogopara.com.br\/index.php\/wp-json\/wp\/v2\/media\/16782"}],"wp:attachment":[{"href":"https:\/\/blogopara.com.br\/index.php\/wp-json\/wp\/v2\/media?parent=40840"}],"wp:term":[{"taxonomy":"category","embeddable":true,"href":"https:\/\/blogopara.com.br\/index.php\/wp-json\/wp\/v2\/categories?post=40840"},{"taxonomy":"post_tag","embeddable":true,"href":"https:\/\/blogopara.com.br\/index.php\/wp-json\/wp\/v2\/tags?post=40840"}],"curies":[{"name":"wp","href":"https:\/\/api.w.org\/{rel}","templated":true}]}}