{"id":40843,"date":"2022-08-13T12:50:00","date_gmt":"2022-08-13T15:50:00","guid":{"rendered":"https:\/\/blogopara.com.br\/?p=40843"},"modified":"2022-08-12T16:12:36","modified_gmt":"2022-08-12T19:12:36","slug":"acm-neto-assina-carta-pela-democracia-ainda-faltam-2-candidatos-na-bahia","status":"publish","type":"post","link":"https:\/\/blogopara.com.br\/index.php\/2022\/08\/13\/acm-neto-assina-carta-pela-democracia-ainda-faltam-2-candidatos-na-bahia","title":{"rendered":"ACM Neto assina Carta Pela Democracia; ainda faltam 2 candidatos na Bahia"},"content":{"rendered":"<p style=\"text-align: justify;\">O candidato ao Governo da Bahia,\u00a0<a href=\"https:\/\/www.bnews.com.br\/personalidades\/acm-neto.html\">ACM Neto (Uni\u00e3o Brasil)<\/a>, assinou a Carta Pela Democracia. O documento, elaborado pela Faculdade de Direito da USP, pede a manuten\u00e7\u00e3o do sistema democr\u00e1tico brasileiro ap\u00f3s os ataques do presidente\u00a0<a href=\"https:\/\/www.bnews.com.br\/personalidades\/jair-bolsonaro.html\">Jair Bolsonaro (PL)<\/a>\u00a0\u00e0s urnas eletr\u00f4nicas.<\/p>\n<p style=\"text-align: justify;\">Tamb\u00e9m assinaram o documento o candidato\u00a0<a href=\"https:\/\/www.bnews.com.br\/tags\/jeronimo-rodrigues\">Jer\u00f4nimo Rodrigues<\/a>, do PT, e\u00a0<a href=\"https:\/\/www.bnews.com.br\/tags\/kleber-rosa\">Kleber Rosa<\/a>, do PSOL. O candidato bolsonarista\u00a0<a href=\"https:\/\/www.bnews.com.br\/personalidades\/joao-roma.html\">Jo\u00e3o Roma (PL)<\/a>\u00a0n\u00e3o assinou at\u00e9 o fechamento desta mat\u00e9ria, segundo apurado pelo<strong>\u00a0BNews<\/strong>\u00a0na lista oficial de signat\u00e1rios, e tamb\u00e9m n\u00e3o se pronunciou sobre o caso.<\/p>\n<p style=\"text-align: justify;\"><a href=\"https:\/\/www.bnews.com.br\/tags\/giovani-damico\">Giovani Damico<\/a>, tamb\u00e9m candidato ao Governo da Bahia, tamb\u00e9m n\u00e3o aparece na lista. Contudo, procurado pela reportagem, ele afirmou que o\u00a0<a href=\"https:\/\/www.bnews.com.br\/tags\/pcb\">PCB<\/a> assinou a lista de maneira igualit\u00e1ria e n\u00e3o individual.<\/p>\n<p style=\"text-align: justify;\">&#8220;O PCB assinou a carta enquanto Partido, o que de nossa parte representa uma posi\u00e7\u00e3o que assumimos igualmente, embora n\u00e3o tenhamos feito assinatura &#8216;individual&#8217;. Ontem at\u00e9 respondi esse questionamento na r\u00e1dio e acrescento uma observa\u00e7\u00e3o, consideramos importante a iniciativa, mas questionamos sempre que democracia \u00e9 essa que estamos defendendo, ela j\u00e1 \u00e9 ausente para grande parte da popula\u00e7\u00e3o, o que nos leva a crer que defender a democracia \u00e9 muito pouco, precisamos qualificar essa democracia, trazer para as periferias, para a decis\u00e3o quotidiana e direta do povo tendo sua voz sempre presente, ativa e acima de tudo participando dos rumos de nossa sociedade&#8221;, declarou Damico, para a reportagem.<\/p>\n<p style=\"text-align: justify;\">Neto vinha sendo cobrado para assinar o manifesto.\u00a0<a href=\"https:\/\/www.bnews.com.br\/noticias\/politica\/apos-neto-negar-adesao-a-carta-em-defesa-da-democracia-jeronimo-dispara-bolsonarista.html\">Jer\u00f4nimo Rodrigues, ali\u00e1s, explorou bastante a pol\u00eamica<\/a>. &#8220;Ele \u00e9 bolsonarista. N\u00e3o tem outro DNA&#8221;, disse o advers\u00e1rio petista, em entrevista \u00e0 Piat\u00e3 FM, nesta sexta-feira (12).<\/p>\n<p style=\"text-align: justify;\"><a href=\"https:\/\/www.bnews.com.br\/noticias\/eleicoes-2022\/paulo-azi-rebate-criticas-de-jeronimo-a-acm-neto-e-diz-que-petista-quer-aparecer-virou-meme-ambulante.html\">O deputado federal Paulo Azi, presidente do Uni\u00e3o Brasil na Bahia, rebateu<\/a>. &#8220;Depois de ter virado um meme ambulante, ao ponto do PT estar arrependido de t\u00ea-lo escolhido, Jer\u00f4nimo volta a passar vergonha e falar o que n\u00e3o sabe. Ele est\u00e1 querendo aparecer, pois ACM Neto j\u00e1 havia assinado a carta&#8221;, afirmou o deputado.<\/p>\n","protected":false},"excerpt":{"rendered":"<p>O candidato ao Governo da Bahia,\u00a0ACM Neto (Uni\u00e3o Brasil), assinou a Carta Pela Democracia. O documento, elaborado pela Faculdade de Direito da USP, pede a manuten\u00e7\u00e3o do sistema democr\u00e1tico brasileiro ap\u00f3s os ataques do presidente\u00a0Jair Bolsonaro (PL)\u00a0\u00e0s urnas eletr\u00f4nicas. Tamb\u00e9m assinaram o documento o candidato\u00a0Jer\u00f4nimo Rodrigues, do PT, e\u00a0Kleber Rosa, do PSOL. O candidato bolsonarista\u00a0Jo\u00e3o [&hellip;]<\/p>\n","protected":false},"author":1,"featured_media":40571,"comment_status":"closed","ping_status":"open","sticky":false,"template":"","format":"standard","meta":{"_uag_custom_page_level_css":"","_monsterinsights_skip_tracking":false,"_monsterinsights_sitenote_active":false,"_monsterinsights_sitenote_note":"","_monsterinsights_sitenote_category":0,"jetpack_post_was_ever_published":false,"_jetpack_newsletter_access":"","_jetpack_dont_email_post_to_subs":false,"_jetpack_newsletter_tier_id":0,"_jetpack_memberships_contains_paywalled_content":false,"_jetpack_memberships_contains_paid_content":false,"footnotes":"","jetpack_publicize_message":"","jetpack_publicize_feature_enabled":true,"jetpack_social_post_already_shared":true,"jetpack_social_options":{"image_generator_settings":{"template":"highway","default_image_id":0,"font":"","enabled":false},"version":2}},"categories":[199,197],"tags":[1705,1327,2284],"class_list":["post-40843","post","type-post","status-publish","format-standard","has-post-thumbnail","hentry","category-bahia","category-politica","tag-acm-neto","tag-eleicoes-2022","tag-governador"],"jetpack_publicize_connections":[],"jetpack_featured_media_url":"https:\/\/blogopara.com.br\/wp-content\/uploads\/2022\/08\/urandi.jpg","uagb_featured_image_src":{"full":["https:\/\/blogopara.com.br\/wp-content\/uploads\/2022\/08\/urandi.jpg",500,333,false],"thumbnail":["https:\/\/blogopara.com.br\/wp-content\/uploads\/2022\/08\/urandi-150x150.jpg",150,150,true],"medium":["https:\/\/blogopara.com.br\/wp-content\/uploads\/2022\/08\/urandi-300x200.jpg",300,200,true],"medium_large":["https:\/\/blogopara.com.br\/wp-content\/uploads\/2022\/08\/urandi.jpg",500,333,false],"large":["https:\/\/blogopara.com.br\/wp-content\/uploads\/2022\/08\/urandi.jpg",500,333,false],"1536x1536":["https:\/\/blogopara.com.br\/wp-content\/uploads\/2022\/08\/urandi.jpg",500,333,false],"2048x2048":["https:\/\/blogopara.com.br\/wp-content\/uploads\/2022\/08\/urandi.jpg",500,333,false],"mantranews-slider-large":["https:\/\/blogopara.com.br\/wp-content\/uploads\/2022\/08\/urandi.jpg",500,333,false],"mantranews-featured-medium":["https:\/\/blogopara.com.br\/wp-content\/uploads\/2022\/08\/urandi-420x307.jpg",420,307,true],"mantranews-featured-long":["https:\/\/blogopara.com.br\/wp-content\/uploads\/2022\/08\/urandi-300x333.jpg",300,333,true],"mantranews-block-medium":["https:\/\/blogopara.com.br\/wp-content\/uploads\/2022\/08\/urandi-464x290.jpg",464,290,true],"mantranews-carousel-image":["https:\/\/blogopara.com.br\/wp-content\/uploads\/2022\/08\/urandi.jpg",500,333,false],"mantranews-block-thumb":["https:\/\/blogopara.com.br\/wp-content\/uploads\/2022\/08\/urandi-322x230.jpg",322,230,true],"mantranews-single-large":["https:\/\/blogopara.com.br\/wp-content\/uploads\/2022\/08\/urandi.jpg",500,333,false]},"uagb_author_info":{"display_name":"Reda\u00e7\u00e3o geral","author_link":"https:\/\/blogopara.com.br\/index.php\/author\/blogopara"},"uagb_comment_info":0,"uagb_excerpt":"O candidato ao Governo da Bahia,\u00a0ACM Neto (Uni\u00e3o Brasil), assinou a Carta Pela Democracia. O documento, elaborado pela Faculdade de Direito da USP, pede a manuten\u00e7\u00e3o do sistema democr\u00e1tico brasileiro ap\u00f3s os ataques do presidente\u00a0Jair Bolsonaro (PL)\u00a0\u00e0s urnas eletr\u00f4nicas. Tamb\u00e9m assinaram o documento o candidato\u00a0Jer\u00f4nimo Rodrigues, do PT, e\u00a0Kleber Rosa, do PSOL. O candidato bolsonarista\u00a0Jo\u00e3o&hellip;","jetpack_sharing_enabled":true,"jetpack_likes_enabled":true,"_links":{"self":[{"href":"https:\/\/blogopara.com.br\/index.php\/wp-json\/wp\/v2\/posts\/40843","targetHints":{"allow":["GET"]}}],"collection":[{"href":"https:\/\/blogopara.com.br\/index.php\/wp-json\/wp\/v2\/posts"}],"about":[{"href":"https:\/\/blogopara.com.br\/index.php\/wp-json\/wp\/v2\/types\/post"}],"author":[{"embeddable":true,"href":"https:\/\/blogopara.com.br\/index.php\/wp-json\/wp\/v2\/users\/1"}],"replies":[{"embeddable":true,"href":"https:\/\/blogopara.com.br\/index.php\/wp-json\/wp\/v2\/comments?post=40843"}],"version-history":[{"count":1,"href":"https:\/\/blogopara.com.br\/index.php\/wp-json\/wp\/v2\/posts\/40843\/revisions"}],"predecessor-version":[{"id":40844,"href":"https:\/\/blogopara.com.br\/index.php\/wp-json\/wp\/v2\/posts\/40843\/revisions\/40844"}],"wp:featuredmedia":[{"embeddable":true,"href":"https:\/\/blogopara.com.br\/index.php\/wp-json\/wp\/v2\/media\/40571"}],"wp:attachment":[{"href":"https:\/\/blogopara.com.br\/index.php\/wp-json\/wp\/v2\/media?parent=40843"}],"wp:term":[{"taxonomy":"category","embeddable":true,"href":"https:\/\/blogopara.com.br\/index.php\/wp-json\/wp\/v2\/categories?post=40843"},{"taxonomy":"post_tag","embeddable":true,"href":"https:\/\/blogopara.com.br\/index.php\/wp-json\/wp\/v2\/tags?post=40843"}],"curies":[{"name":"wp","href":"https:\/\/api.w.org\/{rel}","templated":true}]}}