{"id":40859,"date":"2022-08-13T10:45:00","date_gmt":"2022-08-13T13:45:00","guid":{"rendered":"https:\/\/blogopara.com.br\/?p=40859"},"modified":"2022-08-12T22:20:46","modified_gmt":"2022-08-13T01:20:46","slug":"tse-divulga-calculo-para-distribuicao-de-tempo-no-horario-eleitoral","status":"publish","type":"post","link":"https:\/\/blogopara.com.br\/index.php\/2022\/08\/13\/tse-divulga-calculo-para-distribuicao-de-tempo-no-horario-eleitoral","title":{"rendered":"TSE divulga c\u00e1lculo para distribui\u00e7\u00e3o de tempo no hor\u00e1rio eleitoral"},"content":{"rendered":"<div class=\"d-block\">\n<div style=\"text-align: justify;\">O Tribunal Superior Eleitoral (TSE) divulgou hoje (12), em Bras\u00edlia, a base de c\u00e1lculo para a distribui\u00e7\u00e3o de tempo no hor\u00e1rio eleitoral gratuito no r\u00e1dio e na televis\u00e3o. O tempo \u00e9 calculado conforme a representatividade dos partidos pol\u00edticos na C\u00e2mara dos Deputados.<\/div>\n<div style=\"text-align: justify;\"><\/div>\n<div style=\"text-align: justify;\">De acordo com a tabela, o primeiro da lista \u00e9 o Uni\u00e3o Brasil, com 81 deputados federais eleitos, seguido pela Federa\u00e7\u00e3o Brasil da Esperan\u00e7a (Fe Brasil), composta pelo PT (Partido dos Trabalhadores), PCdoB (Partido Comunista do Brasil) e PV (Partido Verde), que possui 70; Partido Progressista (PP) com 38; Federa\u00e7\u00e3o PSDB (Partido da Social Democracia Brasileira) &#8211; Cidadania com 37; PSD (Partido Social Democr\u00e1tico) (35); MDB (Movimento Democr\u00e1tico Brasileiro) (34) e PL (Partido Liberal) (33). Na \u00faltima coloca\u00e7\u00e3o est\u00e3o Avante e PSC (Partido Social Crist\u00e3o), ambos com sete deputados.<\/div>\n<div style=\"text-align: justify;\"><\/div>\n<div style=\"text-align: justify;\"><strong>Tempo de propaganda<\/strong><\/div>\n<div style=\"text-align: justify;\">Conforme a legisla\u00e7\u00e3o eleitoral, 90% do tempo total de propaganda s\u00e3o distribu\u00eddos proporcionalmente pelo n\u00famero de deputados. O restante (10%) \u00e9 dividido igualitariamente.<\/div>\n<div style=\"text-align: justify;\"><\/div>\n<div style=\"text-align: justify;\">A portaria tamb\u00e9m traz a tabela de representatividade dos partidos para a realiza\u00e7\u00e3o de debates entre os candidatos. Nesse caso, o crit\u00e9rio \u00e9 a bancada no Congresso Nacional.<\/div>\n<div style=\"text-align: justify;\"><\/div>\n<div style=\"text-align: justify;\">A propaganda no r\u00e1dio e na TV do primeiro turno come\u00e7a no dia 26 de agosto e vai at\u00e9 29 de setembro.<\/div>\n<div style=\"text-align: justify;\"><\/div>\n<div style=\"text-align: justify;\">O primeiro turno ser\u00e1 no dia 2 de outubro, quando os eleitores ir\u00e3o \u00e0s urnas para eleger o presidente da Rep\u00fablica, governadores, senadores, deputados federais, estaduais e distritais. Eventual segundo turno para a disputa presidencial e aos governos estaduais ser\u00e1 em 30 de outubro.<\/div>\n<div id=\"sc_intxt_container\" style=\"text-align: justify;\">\n<div>\n<div id=\"smartclipDiv\" class=\"fixed_intext_init\" data-smartplay-instance-id=\"0\"><\/div>\n<div id=\"sc_ava_companion\" class=\"sc_intxt_hided\"><\/div>\n<\/div>\n<\/div>\n<\/div>\n<div class=\"w100 my-3 clearfix\">\n<div class=\"float-right addthis_inline_share_toolbox\" data-url=\"https:\/\/www.diariodepernambuco.com.br\/noticia\/politica\/2022\/08\/tse-divulga-calculo-para-distribuicao-de-tempo-no-horario-eleitoral.html\" data-title=\"TSE divulga c\u00e1lculo para distribui\u00e7\u00e3o de tempo no hor\u00e1rio eleitoral\" data-description=\"O Tribunal Superior Eleitoral (TSE) divulgou hoje (12), em Bras\u00edlia, a base de c\u00e1lculo para a distribui\u00e7\u00e3o de tempo no hor\u00e1r\">\n<div id=\"atstbx2\" class=\"at-resp-share-element at-style-responsive addthis-smartlayers addthis-animated at4-show\" role=\"region\" aria-labelledby=\"at-ebfce158-d1e4-40ee-83e9-ab3d5b8df859\">\n<div class=\"at-share-btn-elements\" style=\"text-align: justify;\">Di\u00e1rio de Pernambuco<\/div>\n<\/div>\n<\/div>\n<\/div>\n","protected":false},"excerpt":{"rendered":"<p>O Tribunal Superior Eleitoral (TSE) divulgou hoje (12), em Bras\u00edlia, a base de c\u00e1lculo para a distribui\u00e7\u00e3o de tempo no hor\u00e1rio eleitoral gratuito no r\u00e1dio e na televis\u00e3o. O tempo \u00e9 calculado conforme a representatividade dos partidos pol\u00edticos na C\u00e2mara dos Deputados. De acordo com a tabela, o primeiro da lista \u00e9 o Uni\u00e3o Brasil, [&hellip;]<\/p>\n","protected":false},"author":1,"featured_media":40860,"comment_status":"closed","ping_status":"open","sticky":false,"template":"","format":"standard","meta":{"_uag_custom_page_level_css":"","_monsterinsights_skip_tracking":false,"_monsterinsights_sitenote_active":false,"_monsterinsights_sitenote_note":"","_monsterinsights_sitenote_category":0,"jetpack_post_was_ever_published":false,"_jetpack_newsletter_access":"","_jetpack_dont_email_post_to_subs":false,"_jetpack_newsletter_tier_id":0,"_jetpack_memberships_contains_paywalled_content":false,"_jetpack_memberships_contains_paid_content":false,"footnotes":"","jetpack_publicize_message":"","jetpack_publicize_feature_enabled":true,"jetpack_social_post_already_shared":true,"jetpack_social_options":{"image_generator_settings":{"template":"highway","default_image_id":0,"font":"","enabled":false},"version":2}},"categories":[200,10075],"tags":[],"class_list":["post-40859","post","type-post","status-publish","format-standard","has-post-thumbnail","hentry","category-brasil","category-eleicoes"],"jetpack_publicize_connections":[],"jetpack_featured_media_url":"https:\/\/blogopara.com.br\/wp-content\/uploads\/2022\/08\/OPARA.jpg","uagb_featured_image_src":{"full":["https:\/\/blogopara.com.br\/wp-content\/uploads\/2022\/08\/OPARA.jpg",500,500,false],"thumbnail":["https:\/\/blogopara.com.br\/wp-content\/uploads\/2022\/08\/OPARA-150x150.jpg",150,150,true],"medium":["https:\/\/blogopara.com.br\/wp-content\/uploads\/2022\/08\/OPARA-300x300.jpg",300,300,true],"medium_large":["https:\/\/blogopara.com.br\/wp-content\/uploads\/2022\/08\/OPARA.jpg",500,500,false],"large":["https:\/\/blogopara.com.br\/wp-content\/uploads\/2022\/08\/OPARA.jpg",500,500,false],"1536x1536":["https:\/\/blogopara.com.br\/wp-content\/uploads\/2022\/08\/OPARA.jpg",500,500,false],"2048x2048":["https:\/\/blogopara.com.br\/wp-content\/uploads\/2022\/08\/OPARA.jpg",500,500,false],"mantranews-slider-large":["https:\/\/blogopara.com.br\/wp-content\/uploads\/2022\/08\/OPARA.jpg",500,500,false],"mantranews-featured-medium":["https:\/\/blogopara.com.br\/wp-content\/uploads\/2022\/08\/OPARA-420x307.jpg",420,307,true],"mantranews-featured-long":["https:\/\/blogopara.com.br\/wp-content\/uploads\/2022\/08\/OPARA-300x443.jpg",300,443,true],"mantranews-block-medium":["https:\/\/blogopara.com.br\/wp-content\/uploads\/2022\/08\/OPARA-464x290.jpg",464,290,true],"mantranews-carousel-image":["https:\/\/blogopara.com.br\/wp-content\/uploads\/2022\/08\/OPARA.jpg",500,500,false],"mantranews-block-thumb":["https:\/\/blogopara.com.br\/wp-content\/uploads\/2022\/08\/OPARA-322x230.jpg",322,230,true],"mantranews-single-large":["https:\/\/blogopara.com.br\/wp-content\/uploads\/2022\/08\/OPARA.jpg",500,500,false]},"uagb_author_info":{"display_name":"Reda\u00e7\u00e3o geral","author_link":"https:\/\/blogopara.com.br\/index.php\/author\/blogopara"},"uagb_comment_info":0,"uagb_excerpt":"O Tribunal Superior Eleitoral (TSE) divulgou hoje (12), em Bras\u00edlia, a base de c\u00e1lculo para a distribui\u00e7\u00e3o de tempo no hor\u00e1rio eleitoral gratuito no r\u00e1dio e na televis\u00e3o. O tempo \u00e9 calculado conforme a representatividade dos partidos pol\u00edticos na C\u00e2mara dos Deputados. De acordo com a tabela, o primeiro da lista \u00e9 o Uni\u00e3o Brasil,&hellip;","jetpack_sharing_enabled":true,"jetpack_likes_enabled":true,"_links":{"self":[{"href":"https:\/\/blogopara.com.br\/index.php\/wp-json\/wp\/v2\/posts\/40859","targetHints":{"allow":["GET"]}}],"collection":[{"href":"https:\/\/blogopara.com.br\/index.php\/wp-json\/wp\/v2\/posts"}],"about":[{"href":"https:\/\/blogopara.com.br\/index.php\/wp-json\/wp\/v2\/types\/post"}],"author":[{"embeddable":true,"href":"https:\/\/blogopara.com.br\/index.php\/wp-json\/wp\/v2\/users\/1"}],"replies":[{"embeddable":true,"href":"https:\/\/blogopara.com.br\/index.php\/wp-json\/wp\/v2\/comments?post=40859"}],"version-history":[{"count":1,"href":"https:\/\/blogopara.com.br\/index.php\/wp-json\/wp\/v2\/posts\/40859\/revisions"}],"predecessor-version":[{"id":40861,"href":"https:\/\/blogopara.com.br\/index.php\/wp-json\/wp\/v2\/posts\/40859\/revisions\/40861"}],"wp:featuredmedia":[{"embeddable":true,"href":"https:\/\/blogopara.com.br\/index.php\/wp-json\/wp\/v2\/media\/40860"}],"wp:attachment":[{"href":"https:\/\/blogopara.com.br\/index.php\/wp-json\/wp\/v2\/media?parent=40859"}],"wp:term":[{"taxonomy":"category","embeddable":true,"href":"https:\/\/blogopara.com.br\/index.php\/wp-json\/wp\/v2\/categories?post=40859"},{"taxonomy":"post_tag","embeddable":true,"href":"https:\/\/blogopara.com.br\/index.php\/wp-json\/wp\/v2\/tags?post=40859"}],"curies":[{"name":"wp","href":"https:\/\/api.w.org\/{rel}","templated":true}]}}