{"id":40876,"date":"2022-08-14T11:44:00","date_gmt":"2022-08-14T14:44:00","guid":{"rendered":"https:\/\/blogopara.com.br\/?p=40876"},"modified":"2022-08-13T20:52:00","modified_gmt":"2022-08-13T23:52:00","slug":"ciro-diz-que-antipetismo-ressuscitou-e-bolsonaro-esta-se-recuperando","status":"publish","type":"post","link":"https:\/\/blogopara.com.br\/index.php\/2022\/08\/14\/ciro-diz-que-antipetismo-ressuscitou-e-bolsonaro-esta-se-recuperando","title":{"rendered":"Ciro diz que antipetismo ressuscitou e Bolsonaro est\u00e1 &#8216;se recuperando&#8217;"},"content":{"rendered":"<p style=\"text-align: justify;\">Ciro Gomes (PDT), candidato \u00e0 Presid\u00eancia da Rep\u00fablica nas elei\u00e7\u00f5es de outubro de 2022, afirmou nesta sexta-feira (12\/08) que o antipetismo foi ressuscitado e que Jair Bolsonaro (PL), presidente da Rep\u00fablica, est\u00e1 &#8220;se recuperando&#8221;. Ciro, ao comentar um levantamento Genial\/Quaest divulgado nesta sexta, afirmou que pesquisas eleitorais t\u00eam a ver com este movimento.<\/p>\n<div class=\"containerads\" style=\"text-align: justify;\">\n<div id=\"publicidade-retangulo-interna-1\" class=\"publicidade interna ads__with-bg\" data-google-query-id=\"CLrQ2fP_xPkCFRcTuQYdepALYw\">&#8220;Pesquisa \u00e9 retrato, e a vida \u00e9 filme, como todo mundo est\u00e1 vendo. Se voc\u00ea tomasse essa pergunta 15 dias atr\u00e1s, estaria aqui respondendo como \u00e9 que eu vi a hist\u00f3ria do &#8216;j\u00e1 ganhou&#8217; do Lula. J\u00e1 est\u00e1 vendo, agora, que o &#8216;j\u00e1 ganhou&#8217; do Lula nada mais serviu para que? Para ressuscitar o antipetismo. E, em ambiente de infla\u00e7\u00e3o, desemprego, confus\u00e3o pol\u00edtica, brigas institucionais, corrup\u00e7\u00e3o, o governo Bolsonaro se recuperando na opini\u00e3o p\u00fablica&#8221;, disse, durante participa\u00e7\u00e3o no\u00a0<a href=\"https:\/\/www.em.com.br\/app\/noticia\/politica\/2022\/08\/12\/interna_politica,1386266\/nos-nunca-vamos-fugir-do-debate-diz-d-avila-sobre-zema.shtml\" target=\"blank\" rel=\"noopener\">Conex\u00e3o Empresarial<\/a>, evento em Belo Horizonte.<\/div>\n<div data-google-query-id=\"CLrQ2fP_xPkCFRcTuQYdepALYw\"><\/div>\n<\/div>\n<div data-google-query-id=\"CLrQ2fP_xPkCFRcTuQYdepALYw\">\n<article>\n<div id=\"rs_read_this2\" class=\"txt-serif js-article-box article-box mt-15  article-box-capitalize p402_premium\">\n<div style=\"text-align: justify;\">Segundo pesquisa Genial\/Quaest feita com eleitores de Minas Gerais, em cen\u00e1rio estimulado, Lula lidera com 42%. Bolsonaro tem 33%, enquanto Ciro fecha o top 3 com 6%. Simone Tebet (MDB) \u00e9 a quarta colocada, com 1% &#8211; MG-09990\/2022 e BR-08299\/2022 s\u00e3o os registros do levantamento na Justi\u00e7a Eleitoral.<\/div>\n<div style=\"text-align: justify;\"><\/div>\n<div style=\"text-align: justify;\">&#8220;Ajudei muito o Lula no passado, mas, infelizmente, o Lula e o PT representam esse atraso que produziu o Bolsonaro. N\u00e3o vamos ter uma consequ\u00eancia nova se n\u00f3s repetirmos as mesmas pessoas e as mesmas pr\u00e1ticas&#8221;, tamb\u00e9m afirmou Ciro, que complementou dizendo que Bolsonaro e Lula n\u00e3o apresentam propostas ao Brasil.<\/p>\n<div class=\"containerads\">\n<div id=\"publicidade-retangulo-interna-2\" class=\"publicidade interna ads__with-bg\" data-google-query-id=\"CK6oroGAxfkCFVEPuQYdJ2AKqg\">\n<div id=\"google_ads_iframe_\/6887\/uai\/em\/politica\/interna_4__container__\"><\/div>\n<\/div>\n<\/div>\n<\/div>\n<div style=\"text-align: justify;\"><\/div>\n<div style=\"text-align: justify;\">&#8220;Humildemente, trabalho. Procuro esclarecer as causas da crise brasileira e propor sa\u00eddas objetivas. Meu programa de governo foi para registro no TSE e impugnaram, porque s\u00f3 tinha lugar para 3 megabytes, meu programa tinha 23 megabytes. Um programa n\u00e3o pode ser uma pe\u00e7a de propaganda. O programa \u00e9 a base onde o acordo nacional tem de se tecer, e os dois est\u00e3o a\u00ed querendo passar sem propor nada&#8221;.<\/div>\n<div style=\"text-align: justify;\"><\/div>\n<h2 style=\"text-align: justify;\"><b>Elei\u00e7\u00f5es 2022<\/b><\/h2>\n<div style=\"text-align: justify;\"><\/div>\n<div style=\"text-align: justify;\">Felipe d&#8217;\u00c1vila (Novo), Vera (PSTU), Pablo Mar\u00e7al (Pros), Sofia Manzano (PCB), L\u00e9o P\u00e9ricles (UP) e Eymael (DC) s\u00e3o outros nomes que se colocam como candidatos \u00e0 Presid\u00eancia da Rep\u00fablica al\u00e9m de d&#8217;\u00c1vila.<\/div>\n<div style=\"text-align: justify;\"><\/div>\n<div style=\"text-align: justify;\">As elei\u00e7\u00f5es acontecem em 2 de outubro. Caso necess\u00e1rio, o segundo turno ocorrer\u00e1 no dia 30 do mesmo m\u00eas.<\/div>\n<p style=\"text-align: justify;\">\n<\/div>\n<\/article>\n<\/div>\n","protected":false},"excerpt":{"rendered":"<p>Ciro Gomes (PDT), candidato \u00e0 Presid\u00eancia da Rep\u00fablica nas elei\u00e7\u00f5es de outubro de 2022, afirmou nesta sexta-feira (12\/08) que o antipetismo foi ressuscitado e que Jair Bolsonaro (PL), presidente da Rep\u00fablica, est\u00e1 &#8220;se recuperando&#8221;. Ciro, ao comentar um levantamento Genial\/Quaest divulgado nesta sexta, afirmou que pesquisas eleitorais t\u00eam a ver com este movimento. &#8220;Pesquisa \u00e9 [&hellip;]<\/p>\n","protected":false},"author":1,"featured_media":40877,"comment_status":"closed","ping_status":"open","sticky":false,"template":"","format":"standard","meta":{"_uag_custom_page_level_css":"","_monsterinsights_skip_tracking":false,"_monsterinsights_sitenote_active":false,"_monsterinsights_sitenote_note":"","_monsterinsights_sitenote_category":0,"jetpack_post_was_ever_published":false,"_jetpack_newsletter_access":"","_jetpack_dont_email_post_to_subs":false,"_jetpack_newsletter_tier_id":0,"_jetpack_memberships_contains_paywalled_content":false,"_jetpack_memberships_contains_paid_content":false,"footnotes":"","jetpack_publicize_message":"","jetpack_publicize_feature_enabled":true,"jetpack_social_post_already_shared":true,"jetpack_social_options":{"image_generator_settings":{"template":"highway","default_image_id":0,"font":"","enabled":false},"version":2}},"categories":[199,197],"tags":[3989,1963],"class_list":["post-40876","post","type-post","status-publish","format-standard","has-post-thumbnail","hentry","category-bahia","category-politica","tag-ciro-gomes","tag-presidente"],"jetpack_publicize_connections":[],"jetpack_featured_media_url":"https:\/\/blogopara.com.br\/wp-content\/uploads\/2022\/08\/images.jpg","uagb_featured_image_src":{"full":["https:\/\/blogopara.com.br\/wp-content\/uploads\/2022\/08\/images.jpg",400,240,false],"thumbnail":["https:\/\/blogopara.com.br\/wp-content\/uploads\/2022\/08\/images-150x150.jpg",150,150,true],"medium":["https:\/\/blogopara.com.br\/wp-content\/uploads\/2022\/08\/images-300x180.jpg",300,180,true],"medium_large":["https:\/\/blogopara.com.br\/wp-content\/uploads\/2022\/08\/images.jpg",400,240,false],"large":["https:\/\/blogopara.com.br\/wp-content\/uploads\/2022\/08\/images.jpg",400,240,false],"1536x1536":["https:\/\/blogopara.com.br\/wp-content\/uploads\/2022\/08\/images.jpg",400,240,false],"2048x2048":["https:\/\/blogopara.com.br\/wp-content\/uploads\/2022\/08\/images.jpg",400,240,false],"mantranews-slider-large":["https:\/\/blogopara.com.br\/wp-content\/uploads\/2022\/08\/images.jpg",400,240,false],"mantranews-featured-medium":["https:\/\/blogopara.com.br\/wp-content\/uploads\/2022\/08\/images.jpg",400,240,false],"mantranews-featured-long":["https:\/\/blogopara.com.br\/wp-content\/uploads\/2022\/08\/images-300x240.jpg",300,240,true],"mantranews-block-medium":["https:\/\/blogopara.com.br\/wp-content\/uploads\/2022\/08\/images.jpg",400,240,false],"mantranews-carousel-image":["https:\/\/blogopara.com.br\/wp-content\/uploads\/2022\/08\/images.jpg",400,240,false],"mantranews-block-thumb":["https:\/\/blogopara.com.br\/wp-content\/uploads\/2022\/08\/images-322x230.jpg",322,230,true],"mantranews-single-large":["https:\/\/blogopara.com.br\/wp-content\/uploads\/2022\/08\/images.jpg",400,240,false]},"uagb_author_info":{"display_name":"Reda\u00e7\u00e3o geral","author_link":"https:\/\/blogopara.com.br\/index.php\/author\/blogopara"},"uagb_comment_info":0,"uagb_excerpt":"Ciro Gomes (PDT), candidato \u00e0 Presid\u00eancia da Rep\u00fablica nas elei\u00e7\u00f5es de outubro de 2022, afirmou nesta sexta-feira (12\/08) que o antipetismo foi ressuscitado e que Jair Bolsonaro (PL), presidente da Rep\u00fablica, est\u00e1 &#8220;se recuperando&#8221;. Ciro, ao comentar um levantamento Genial\/Quaest divulgado nesta sexta, afirmou que pesquisas eleitorais t\u00eam a ver com este movimento. &#8220;Pesquisa \u00e9&hellip;","jetpack_sharing_enabled":true,"jetpack_likes_enabled":true,"_links":{"self":[{"href":"https:\/\/blogopara.com.br\/index.php\/wp-json\/wp\/v2\/posts\/40876","targetHints":{"allow":["GET"]}}],"collection":[{"href":"https:\/\/blogopara.com.br\/index.php\/wp-json\/wp\/v2\/posts"}],"about":[{"href":"https:\/\/blogopara.com.br\/index.php\/wp-json\/wp\/v2\/types\/post"}],"author":[{"embeddable":true,"href":"https:\/\/blogopara.com.br\/index.php\/wp-json\/wp\/v2\/users\/1"}],"replies":[{"embeddable":true,"href":"https:\/\/blogopara.com.br\/index.php\/wp-json\/wp\/v2\/comments?post=40876"}],"version-history":[{"count":1,"href":"https:\/\/blogopara.com.br\/index.php\/wp-json\/wp\/v2\/posts\/40876\/revisions"}],"predecessor-version":[{"id":40878,"href":"https:\/\/blogopara.com.br\/index.php\/wp-json\/wp\/v2\/posts\/40876\/revisions\/40878"}],"wp:featuredmedia":[{"embeddable":true,"href":"https:\/\/blogopara.com.br\/index.php\/wp-json\/wp\/v2\/media\/40877"}],"wp:attachment":[{"href":"https:\/\/blogopara.com.br\/index.php\/wp-json\/wp\/v2\/media?parent=40876"}],"wp:term":[{"taxonomy":"category","embeddable":true,"href":"https:\/\/blogopara.com.br\/index.php\/wp-json\/wp\/v2\/categories?post=40876"},{"taxonomy":"post_tag","embeddable":true,"href":"https:\/\/blogopara.com.br\/index.php\/wp-json\/wp\/v2\/tags?post=40876"}],"curies":[{"name":"wp","href":"https:\/\/api.w.org\/{rel}","templated":true}]}}