{"id":40889,"date":"2022-08-14T15:50:00","date_gmt":"2022-08-14T18:50:00","guid":{"rendered":"https:\/\/blogopara.com.br\/?p=40889"},"modified":"2022-08-13T23:09:23","modified_gmt":"2022-08-14T02:09:23","slug":"unidade-movel-odontologica-de-juazeiro-divulga-cronograma-da-proxima-semana","status":"publish","type":"post","link":"https:\/\/blogopara.com.br\/index.php\/2022\/08\/14\/unidade-movel-odontologica-de-juazeiro-divulga-cronograma-da-proxima-semana","title":{"rendered":"Unidade M\u00f3vel Odontol\u00f3gica de Juazeiro divulga cronograma da pr\u00f3xima semana"},"content":{"rendered":"<p style=\"font-weight: 400; text-align: justify;\">A Unidade M\u00f3vel Odontol\u00f3gica da Secretaria de Sa\u00fade de Juazeiro continua levando atendimento de forma itinerante para diversas localidades da cidade. Confira o cronograma desta semana, de 15 a 19 de agosto.<\/p>\n<p style=\"font-weight: 400; text-align: justify;\">Na segunda-feira (15), em parceria com a Secretaria de Desenvolvimento Social, Mulher e Diversidade (SEDES), a Unidade M\u00f3vel Odontol\u00f3gica da Secretaria de Sa\u00fade (SESAU), ir\u00e1 atender crian\u00e7as de 5 a 9 anos que residem no Residencial Juazeiro I. A unidade estar\u00e1 em frente a EMEI Prefeito Apr\u00edgio Duarte. Os atendimentos s\u00e3o previamente agendados.<\/p>\n<p style=\"font-weight: 400; text-align: justify;\">Na ter\u00e7a-feira (16), a unidade estar\u00e1 no Sa\u00fade em Movimento, no bairro Jo\u00e3o XXIII, atendendo por demanda livre, na Escola Municipal Professora Maria Franca Pires, a partir das 08h.<\/p>\n<p style=\"font-weight: 400; text-align: justify;\">Na quarta-feira (17), os atendimentos ser\u00e3o na Pastoral da Mulher, atendendo o p\u00fablico feminino da unidade, a partir das 08h. O agendamento est\u00e1 sendo feito na Pastoral.<\/p>\n<p style=\"font-weight: 400; text-align: justify;\">Na quinta-feira (18) o atendimento por demanda livre, ser\u00e1 no Residencial S\u00e3o Francisco. O carro da unidade estar\u00e1 em frente \u00e0 EMEI Vanda Guerra, a partir das 08h.<\/p>\n<p style=\"font-weight: 400; text-align: justify;\">\u00c9 importante que o paciente esteja com RG, CPF e Cart\u00e3o SUS para atendimento.<\/p>\n\n\n<p>Ascom Sesau\/ PMJ<\/p>\n","protected":false},"excerpt":{"rendered":"<p>A Unidade M\u00f3vel Odontol\u00f3gica da Secretaria de Sa\u00fade de Juazeiro continua levando atendimento de forma itinerante para diversas localidades da cidade. Confira o cronograma desta semana, de 15 a 19 de agosto. Na segunda-feira (15), em parceria com a Secretaria de Desenvolvimento Social, Mulher e Diversidade (SEDES), a Unidade M\u00f3vel Odontol\u00f3gica da Secretaria de Sa\u00fade [&hellip;]<\/p>\n","protected":false},"author":1,"featured_media":35281,"comment_status":"closed","ping_status":"open","sticky":false,"template":"","format":"standard","meta":{"_uag_custom_page_level_css":"","_monsterinsights_skip_tracking":false,"_monsterinsights_sitenote_active":false,"_monsterinsights_sitenote_note":"","_monsterinsights_sitenote_category":0,"jetpack_post_was_ever_published":false,"_jetpack_newsletter_access":"","_jetpack_dont_email_post_to_subs":false,"_jetpack_newsletter_tier_id":0,"_jetpack_memberships_contains_paywalled_content":false,"_jetpack_memberships_contains_paid_content":false,"footnotes":"","jetpack_publicize_message":"","jetpack_publicize_feature_enabled":true,"jetpack_social_post_already_shared":true,"jetpack_social_options":{"image_generator_settings":{"template":"highway","default_image_id":0,"font":"","enabled":false},"version":2}},"categories":[203],"tags":[340],"class_list":["post-40889","post","type-post","status-publish","format-standard","has-post-thumbnail","hentry","category-juazeiro","tag-prefeitura-de-juazeiro"],"jetpack_publicize_connections":[],"jetpack_featured_media_url":"https:\/\/blogopara.com.br\/wp-content\/uploads\/2022\/03\/Unidade-movel-de-atendimento-odontologico-2.jpg","uagb_featured_image_src":{"full":["https:\/\/blogopara.com.br\/wp-content\/uploads\/2022\/03\/Unidade-movel-de-atendimento-odontologico-2.jpg",500,333,false],"thumbnail":["https:\/\/blogopara.com.br\/wp-content\/uploads\/2022\/03\/Unidade-movel-de-atendimento-odontologico-2-150x150.jpg",150,150,true],"medium":["https:\/\/blogopara.com.br\/wp-content\/uploads\/2022\/03\/Unidade-movel-de-atendimento-odontologico-2-300x200.jpg",300,200,true],"medium_large":["https:\/\/blogopara.com.br\/wp-content\/uploads\/2022\/03\/Unidade-movel-de-atendimento-odontologico-2.jpg",500,333,false],"large":["https:\/\/blogopara.com.br\/wp-content\/uploads\/2022\/03\/Unidade-movel-de-atendimento-odontologico-2.jpg",500,333,false],"1536x1536":["https:\/\/blogopara.com.br\/wp-content\/uploads\/2022\/03\/Unidade-movel-de-atendimento-odontologico-2.jpg",500,333,false],"2048x2048":["https:\/\/blogopara.com.br\/wp-content\/uploads\/2022\/03\/Unidade-movel-de-atendimento-odontologico-2.jpg",500,333,false],"mantranews-slider-large":["https:\/\/blogopara.com.br\/wp-content\/uploads\/2022\/03\/Unidade-movel-de-atendimento-odontologico-2.jpg",500,333,false],"mantranews-featured-medium":["https:\/\/blogopara.com.br\/wp-content\/uploads\/2022\/03\/Unidade-movel-de-atendimento-odontologico-2-420x307.jpg",420,307,true],"mantranews-featured-long":["https:\/\/blogopara.com.br\/wp-content\/uploads\/2022\/03\/Unidade-movel-de-atendimento-odontologico-2-300x333.jpg",300,333,true],"mantranews-block-medium":["https:\/\/blogopara.com.br\/wp-content\/uploads\/2022\/03\/Unidade-movel-de-atendimento-odontologico-2-464x290.jpg",464,290,true],"mantranews-carousel-image":["https:\/\/blogopara.com.br\/wp-content\/uploads\/2022\/03\/Unidade-movel-de-atendimento-odontologico-2.jpg",500,333,false],"mantranews-block-thumb":["https:\/\/blogopara.com.br\/wp-content\/uploads\/2022\/03\/Unidade-movel-de-atendimento-odontologico-2-322x230.jpg",322,230,true],"mantranews-single-large":["https:\/\/blogopara.com.br\/wp-content\/uploads\/2022\/03\/Unidade-movel-de-atendimento-odontologico-2.jpg",500,333,false]},"uagb_author_info":{"display_name":"Reda\u00e7\u00e3o geral","author_link":"https:\/\/blogopara.com.br\/index.php\/author\/blogopara"},"uagb_comment_info":0,"uagb_excerpt":"A Unidade M\u00f3vel Odontol\u00f3gica da Secretaria de Sa\u00fade de Juazeiro continua levando atendimento de forma itinerante para diversas localidades da cidade. Confira o cronograma desta semana, de 15 a 19 de agosto. Na segunda-feira (15), em parceria com a Secretaria de Desenvolvimento Social, Mulher e Diversidade (SEDES), a Unidade M\u00f3vel Odontol\u00f3gica da Secretaria de Sa\u00fade&hellip;","jetpack_sharing_enabled":true,"jetpack_likes_enabled":true,"_links":{"self":[{"href":"https:\/\/blogopara.com.br\/index.php\/wp-json\/wp\/v2\/posts\/40889","targetHints":{"allow":["GET"]}}],"collection":[{"href":"https:\/\/blogopara.com.br\/index.php\/wp-json\/wp\/v2\/posts"}],"about":[{"href":"https:\/\/blogopara.com.br\/index.php\/wp-json\/wp\/v2\/types\/post"}],"author":[{"embeddable":true,"href":"https:\/\/blogopara.com.br\/index.php\/wp-json\/wp\/v2\/users\/1"}],"replies":[{"embeddable":true,"href":"https:\/\/blogopara.com.br\/index.php\/wp-json\/wp\/v2\/comments?post=40889"}],"version-history":[{"count":1,"href":"https:\/\/blogopara.com.br\/index.php\/wp-json\/wp\/v2\/posts\/40889\/revisions"}],"predecessor-version":[{"id":40890,"href":"https:\/\/blogopara.com.br\/index.php\/wp-json\/wp\/v2\/posts\/40889\/revisions\/40890"}],"wp:featuredmedia":[{"embeddable":true,"href":"https:\/\/blogopara.com.br\/index.php\/wp-json\/wp\/v2\/media\/35281"}],"wp:attachment":[{"href":"https:\/\/blogopara.com.br\/index.php\/wp-json\/wp\/v2\/media?parent=40889"}],"wp:term":[{"taxonomy":"category","embeddable":true,"href":"https:\/\/blogopara.com.br\/index.php\/wp-json\/wp\/v2\/categories?post=40889"},{"taxonomy":"post_tag","embeddable":true,"href":"https:\/\/blogopara.com.br\/index.php\/wp-json\/wp\/v2\/tags?post=40889"}],"curies":[{"name":"wp","href":"https:\/\/api.w.org\/{rel}","templated":true}]}}