{"id":40900,"date":"2022-08-14T16:50:00","date_gmt":"2022-08-14T19:50:00","guid":{"rendered":"https:\/\/blogopara.com.br\/?p=40900"},"modified":"2022-08-13T23:34:50","modified_gmt":"2022-08-14T02:34:50","slug":"ha-oito-anos-o-entao-candidato-a-presidencia-da-republica-eduardo-campos-psb-morreu-em-acidente-aereo","status":"publish","type":"post","link":"https:\/\/blogopara.com.br\/index.php\/2022\/08\/14\/ha-oito-anos-o-entao-candidato-a-presidencia-da-republica-eduardo-campos-psb-morreu-em-acidente-aereo","title":{"rendered":"H\u00e1 oito anos, o ent\u00e3o candidato \u00e0 Presid\u00eancia da Rep\u00fablica Eduardo Campos (PSB) morreu em acidente a\u00e9reo"},"content":{"rendered":"\n\n<p>Em 13 de agosto de 2014, h\u00e1 exatos oito anos, o ent\u00e3o candidato \u00e0 Presid\u00eancia da Rep\u00fablica Eduardo Campos (PSB) morreu em acidente a\u00e9reo na cidade de Santos (SP). O epis\u00f3dio tr\u00e1gico mudou o curso das elei\u00e7\u00f5es naquele ano e gerou consequ\u00eancias pol\u00edticas que duram at\u00e9 hoje.<\/p>\n<p>Ap\u00f3s se eleger por duas vezes governador de Pernambuco (2006 e 2010) e protagonizar o surgimento do \u201ceduardismo\u201d no estado, Eduardo Campos, que na \u00e9poca presidia o PSB, optou, em 2013, por romper parceria com o PT no \u00e2mbito nacional.<\/p>\n<p>Naquele momento, o pernambucano buscava al\u00e7ar novos voos e nacionalizar seu nome, a fim de disputar a Presid\u00eancia em 2014, diante da dificuldade da ent\u00e3o presidente Dilma Rousseff em capitalizar a popularidade de Luiz In\u00e1cio Lula da Silva. \u00c9 o que explica o cientista pol\u00edtico Ant\u00f4nio Oliveira, da Universidade Federal do Pernambuco (UFPE).<\/p>\n<p>\u201cEle entendia que, no momento em que o Lula \u2018vai para casa\u2019 (deixa o Planalto), o lulismo poderia ser liderado por outra pessoa. Como Dilma chega a 2013 ainda sem liderar o processo, Eduardo Campos decide romper com o PT, representar o lulismo e levar o \u2018eduardismo\u2019 para o restante do pa\u00eds\u201d, comenta o especialista.<\/p>\n<p>O acidente a\u00e9reo, por\u00e9m, impediu que o pernambucano disputasse aquela elei\u00e7\u00e3o. No seu lugar, o PSB lan\u00e7ou a ent\u00e3o candidata a vice na chapa de Campos, Marina Silva, hoje filiada \u00e0 Rede. A ex-ministra receberia 22 milh\u00f5es de votos no pleito de 2014.<\/p>\n<p>Hoje, a chapa Lula-Alckmin escreve novo cap\u00edtulo da rela\u00e7\u00e3o PT-PSB a n\u00edvel nacional, reatando la\u00e7os que come\u00e7aram a ser rompidos por Campos. Enquanto isso, em Pernambuco, a candidatura de Danilo Cabral (PSB) ao governo de Pernambuco une, al\u00e9m das siglas, os legados do lulismo e do \u201ceduardismo\u201d.<\/p>\n<p>A CNN relembra o papel de Eduardo Campos na elei\u00e7\u00e3o de 2014 e sua influ\u00eancia na atribulada rela\u00e7\u00e3o entre PT e PSB.<\/p>\n<p>Eduardo Campos e o PT<br \/>Os caminhos de Eduardo Campos e do Partido dos Trabalhadores se cruzaram pela primeira vez em 2002. Na \u00e9poca, Campos cumpria seu terceiro mandato como deputado e ocupava o posto de l\u00edder do PSB na C\u00e2mara. O parlamentar atuava como um articulador do governo Lula na Casa.<\/p>\n<p>Campos trabalhou junto ao governo em diversos temas sens\u00edveis no Congresso Nacional, como na tramita\u00e7\u00e3o da reforma da previd\u00eancia. Antes mesmo do fim do primeiro mandato do petista, Campos assumiu, a convite de Lula, o Minist\u00e9rio da Ci\u00eancia e Tecnologia.<\/p>\n<p>Nas elei\u00e7\u00f5es de 2006, Campos decidiu se lan\u00e7ar ao governo de Pernambuco. Na ocasi\u00e3o, houve uma breve separa\u00e7\u00e3o em rela\u00e7\u00e3o ao PT, que lan\u00e7ou Humberto Costa ao cargo. Lula optou por apoiar ambos os candidatos. Segundo o entendimento do ent\u00e3o presidente, era preciso superar a hegemonia do PMDB no estado.<\/p>\n<p>Campos avan\u00e7ou para o segundo turno com Mendon\u00e7a Filho (PFL), candidato apoiado pelos emedebistas. Com apoio de Lula, o pessebista foi eleito com 65,36% dos votos. Em 2010, ele foi reconduzido ao cargo e, novamente, Lula esteve em seu palanque.<\/p>\n<p>O professor da UFPE Adriano Oliveira dos Santos afirma que Campos surge para ocupar, em Pernambuco, o espa\u00e7o deixado pelo ex-governador Miguel Arraes, que rivalizava com Lula no estado.<\/p>\n<p>\u201cO PT sempre foi concorrente do PSB [no estado]. O PSB, ainda no governo de Miguel Arraes, concorria com o PT. O \u2018arraesismo\u2019 era concorrente do lulismo. Mas o lulismo era nacional, o outro regional estadual. O \u2018arraesismo\u2019 \u00e9 substitu\u00eddo pelo \u201ceduardismo\u201d, afirma Adriano.<\/p>\n<p>O cientista pol\u00edtico diz, no entanto, que a rela\u00e7\u00e3o do petista com o \u201ceduardismo\u201d n\u00e3o era de oposi\u00e7\u00e3o no estado. Para o especialista, inclusive, Campos era uma figura \u201cimpulsionada\u201d pelo lulismo dentro do estado.<\/p>\n<p>Segundo o professor da UFPE, apesar disso, o rompimento com Lula era um movimento \u201cnatural\u201d.<\/p>\n<p>\u201cO lulismo permitiu a exist\u00eancia do eduardismo. O presidente Lula possibilitou o bom governo de Eduardo Campos. Como o governador Eduardo Campos era um pol\u00edtico muito h\u00e1bil e que buscava sonhos maiores at\u00e9 por conta de sua habilidade pol\u00edtica, era natural que ele viesse a romper com o PT\u201d, diz.<\/p>\n<p>A parceria chegou ao fim em 2013, quando Campos deixa a base do governo da ent\u00e3o presidente Dilma Rousseff. O motivo do rompimento seria o PT manter parcerias com setores \u201ctradicionais\u201d da pol\u00edtica, como o pr\u00f3prio PMDB, de Michel Temer.<\/p>\n<p>Eduardo Campos, ent\u00e3o, se aproximou de nomes como Marina Silva e passou a liderar movimento que intitulava de \u201cnova via\u201d.<\/p>\n<p>O ACIDENTE: Em 13 de agosto de 2014, o candidato do PSB saiu do Rio de Janeiro, durante a manh\u00e3, rumo ao Guaruj\u00e1, em S\u00e3o Paulo, para cumprir agenda eleitoral.<\/p>\n<p>Ele embarcou em jato Cessna com outras sete pessoas. O avi\u00e3o estava arremetendo na cidade de Santos, devido \u00e0s m\u00e1s condi\u00e7\u00f5es clim\u00e1ticas. O piloto ent\u00e3o perdeu o controle, e a aeronave colidiu com o solo. O impacto atingiu diversas resid\u00eancias, que chegaram a ser interditadas pela Defesa Civil.<\/p>\n<p>Nenhum dos tripulantes sobreviveu. Estavam no jato, al\u00e9m de Campos, dois pilotos, dois assessores e um fot\u00f3grafo. Dez pessoas, que estavam na regi\u00e3o no momento da queda, tiveram ferimentos leves e precisaram ser encaminhadas para hospitais.<\/p>\n<p>Marina Silva, candidata \u00e0 vice-Presid\u00eancia na chapa de Eduardo Campos deveria estar no voo para a agenda de campanha, mas acabou n\u00e3o embarcando.<\/p>\n<p>Ap\u00f3s investiga\u00e7\u00f5es do Centro de Investiga\u00e7\u00e3o e Preven\u00e7\u00e3o de Acidentes Aeron\u00e1uticos (CENIPA), foi constatado que a queda ocorreu por diversos fatores, entre eles falha humana, condi\u00e7\u00f5es inapropriadas para a opera\u00e7\u00e3o no aer\u00f3dromo e desorienta\u00e7\u00e3o visual.<\/p>\n<p>Ap\u00f3s a morte de Campos, a ent\u00e3o candidata a vice, Marina Silva, foi escolhida para encabe\u00e7ar a chapa. Com a repercuss\u00e3o do acidente, o PSB viu suas inten\u00e7\u00f5es de voto se multiplicarem nas pesquisas.<\/p>\n<p>Uma pesquisa Datafolha divulgada em 17 de julho, mostrava Campos com 8% das inten\u00e7\u00f5es de voto. No primeiro levantamento do instituto ap\u00f3s o acidente, em 17 de agosto, Marina apareceu com 21%.<\/p>\n<p>A candidata chegou a ter 34% das inten\u00e7\u00f5es de voto, empatada com Dilma Rousseff (PT), segundo pesquisa Datafolha divulgada em 28 de agosto. A\u00e9cio Neves (PSDB) tinha 15%.<\/p>\n<p>Com a aproxima\u00e7\u00e3o das elei\u00e7\u00f5es, por\u00e9m, a candidatura de Marina perdeu f\u00f4lego. Em mais um cap\u00edtulo do afastamento entre PT e PSB, ela acusava os petistas de se unirem ao PSDB em \u201ccampanha desleal\u201d, para atac\u00e1-la.<\/p>\n<p>No primeiro turno, sua candidatura ficou em terceiro lugar, com 21% dos votos v\u00e1lidos, o que representou 22 milh\u00f5es de eleitores. Ela ficou fora do segundo turno, disputado entre Dilma e A\u00e9cio.<\/p>\n<p>Apesar do fracasso a n\u00edvel nacional, o legado de Campos se mostrou s\u00f3lido em Pernambuco. Al\u00e9m de eleger Paulo C\u00e2mara (PSB) como sucessor, fez com que Marina Silva fosse a candidata \u00e0 Presid\u00eancia mais votada do primeiro turno no estado, com 48% dos votos v\u00e1lidos.<\/p>\n<p>\u201cO \u2018eduardismo\u2019 se consolida em Pernambuco, mas n\u00e3o se consolida nacionalmente, em raz\u00e3o da morte do governador Eduardo Campos. Hoje ele se mant\u00e9m presente como uma mem\u00f3ria muito positiva. 50% dos eleitores consideram Campos o melhor governador da hist\u00f3ria de Pernambuco\u201d, diz Adriano, com base em pesquisas de popularidade.<\/p>\n<p>A separa\u00e7\u00e3o entre PSB e PT se tornou ainda mais vis\u00edvel durante o impeachment da presidente Dilma Rousseff (PT), em 2016. A maior parte da bancada pessebista em ambas as Casas legislativas foram favor\u00e1veis ao processo.<\/p>\n<p>Na C\u00e2mara dos Deputados, 29 deputados do PSB votaram a favor do impeachment, e apenas tr\u00eas contra. J\u00e1 no Senado federal, cinco foram favor\u00e1veis, e dois contr\u00e1rios.<\/p>\n<p>No Senado, dos sete representantes do PSB, dois foram contr\u00e1rios, enquanto cinco foram favor\u00e1veis.<\/p>\n<p>Dois anos mais tarde, nas elei\u00e7\u00f5es presidenciais de 2018, o PSB chegou a negociar com Ciro Gomes (PDT) para forma\u00e7\u00e3o da chapa. No entanto, acordos regionais firmados com o PT frearam a composi\u00e7\u00e3o.<\/p>\n<p>No primeiro turno, o PSB se manteve neutro. J\u00e1 no segundo turno, entre Jair Bolsonaro, (ent\u00e3o no PSL) e Fernando Haddad (PT), decidiram apoiar a candidatura do petista, que foi derrotado. O apoio simbolizou um princ\u00edpio de aproxima\u00e7\u00e3o entre as legendas.<\/p>\n<p>LEGADOS: Filho de Eduardo, Jo\u00e3o Campos assumiu em 2016 o cargo de chefe de gabinete do governador Paulo C\u00e2mara.<\/p>\n<p>Em 2018, com 25 anos, disputou vaga na C\u00e2mara com o slogan \u201co filho da esperan\u00e7a\u201d. Em sua primeira elei\u00e7\u00e3o, ele conseguiria resultado hist\u00f3rico: mais de 460 mil votos e a marca do candidato mais bem votado na hist\u00f3ria de Pernambuco.<\/p>\n<p>Apesar da vota\u00e7\u00e3o expressiva, Jo\u00e3o Campos n\u00e3o cumpriu o mandato at\u00e9 o final. Deixou o cargo para concorrer \u00e0 Prefeitura de Recife, em 2020. A principal advers\u00e1ria era a sua prima Mar\u00edlia Arraes \u2014 prima de Eduardo Campos \u2014 que disputava pelo PT.<\/p>\n<p>Mar\u00edlia tecia duras cr\u00edticas \u00e0 gest\u00e3o PSB desde sua sa\u00edda do partido. Os dois foram ao segundo turno, que decretou a vit\u00f3ria de Jo\u00e3o Campos com 56,27%, o que representou quase 450 mil eleitores.<\/p>\n<p>Apesar da vit\u00f3ria de Jo\u00e3o em 2020, o professor da UFPE aponta que ainda \u201cfalta identidade popular\u201d ao prefeito para que possa refletir a imagem e legado de seu pai no estado.<\/p>\n<p>\u201cEle n\u00e3o conseguiu ainda ter essa identidade de povo. Talvez ele n\u00e3o fa\u00e7a essa escolha. Talvez n\u00e3o seja orientado para tal, mas Jo\u00e3o Campos \u00e9 um pol\u00edtico que, apesar de ter discurso de centro-esquerda, ele n\u00e3o tem identidade popular\u201d, afirma.<\/p>\n<p>Outro que carrega o legado do \u201ceduardismo\u201d, segundo o especialista, \u00e9 Danilo Cabral (PSB), que disputar\u00e1 o governo de Pernambuco em outubro deste ano. Sua principal advers\u00e1ria no pleito \u00e9 Mar\u00edlia Arraes, que hoje \u00e9 quadro do Solidariedade.<\/p>\n<p>A disputa entre os candidatos marca o cap\u00edtulo mais recente da rela\u00e7\u00e3o entre PT e PSB. A c\u00fapula petista no estado garantiu apoio a Cabral \u2014 apesar de parte do diret\u00f3rio ver Arraes como melhor op\u00e7\u00e3o.<\/p>\n\n\n<p>CNN Brasil<\/p>\n","protected":false},"excerpt":{"rendered":"<p>Em 13 de agosto de 2014, h\u00e1 exatos oito anos, o ent\u00e3o candidato \u00e0 Presid\u00eancia da Rep\u00fablica Eduardo Campos (PSB) morreu em acidente a\u00e9reo na cidade de Santos (SP). O epis\u00f3dio tr\u00e1gico mudou o curso das elei\u00e7\u00f5es naquele ano e gerou consequ\u00eancias pol\u00edticas que duram at\u00e9 hoje. Ap\u00f3s se eleger por duas vezes governador de [&hellip;]<\/p>\n","protected":false},"author":1,"featured_media":40901,"comment_status":"closed","ping_status":"open","sticky":false,"template":"","format":"standard","meta":{"_uag_custom_page_level_css":"","_monsterinsights_skip_tracking":false,"_monsterinsights_sitenote_active":false,"_monsterinsights_sitenote_note":"","_monsterinsights_sitenote_category":0,"jetpack_post_was_ever_published":false,"_jetpack_newsletter_access":"","_jetpack_dont_email_post_to_subs":false,"_jetpack_newsletter_tier_id":0,"_jetpack_memberships_contains_paywalled_content":false,"_jetpack_memberships_contains_paid_content":false,"footnotes":"","jetpack_publicize_message":"","jetpack_publicize_feature_enabled":true,"jetpack_social_post_already_shared":true,"jetpack_social_options":{"image_generator_settings":{"template":"highway","default_image_id":0,"font":"","enabled":false},"version":2}},"categories":[1507,197],"tags":[],"class_list":["post-40900","post","type-post","status-publish","format-standard","has-post-thumbnail","hentry","category-pernambuco","category-politica"],"jetpack_publicize_connections":[],"jetpack_featured_media_url":"https:\/\/blogopara.com.br\/wp-content\/uploads\/2022\/08\/EC.jpg","uagb_featured_image_src":{"full":["https:\/\/blogopara.com.br\/wp-content\/uploads\/2022\/08\/EC.jpg",500,333,false],"thumbnail":["https:\/\/blogopara.com.br\/wp-content\/uploads\/2022\/08\/EC-150x150.jpg",150,150,true],"medium":["https:\/\/blogopara.com.br\/wp-content\/uploads\/2022\/08\/EC-300x200.jpg",300,200,true],"medium_large":["https:\/\/blogopara.com.br\/wp-content\/uploads\/2022\/08\/EC.jpg",500,333,false],"large":["https:\/\/blogopara.com.br\/wp-content\/uploads\/2022\/08\/EC.jpg",500,333,false],"1536x1536":["https:\/\/blogopara.com.br\/wp-content\/uploads\/2022\/08\/EC.jpg",500,333,false],"2048x2048":["https:\/\/blogopara.com.br\/wp-content\/uploads\/2022\/08\/EC.jpg",500,333,false],"mantranews-slider-large":["https:\/\/blogopara.com.br\/wp-content\/uploads\/2022\/08\/EC.jpg",500,333,false],"mantranews-featured-medium":["https:\/\/blogopara.com.br\/wp-content\/uploads\/2022\/08\/EC-420x307.jpg",420,307,true],"mantranews-featured-long":["https:\/\/blogopara.com.br\/wp-content\/uploads\/2022\/08\/EC-300x333.jpg",300,333,true],"mantranews-block-medium":["https:\/\/blogopara.com.br\/wp-content\/uploads\/2022\/08\/EC-464x290.jpg",464,290,true],"mantranews-carousel-image":["https:\/\/blogopara.com.br\/wp-content\/uploads\/2022\/08\/EC.jpg",500,333,false],"mantranews-block-thumb":["https:\/\/blogopara.com.br\/wp-content\/uploads\/2022\/08\/EC-322x230.jpg",322,230,true],"mantranews-single-large":["https:\/\/blogopara.com.br\/wp-content\/uploads\/2022\/08\/EC.jpg",500,333,false]},"uagb_author_info":{"display_name":"Reda\u00e7\u00e3o geral","author_link":"https:\/\/blogopara.com.br\/index.php\/author\/blogopara"},"uagb_comment_info":0,"uagb_excerpt":"Em 13 de agosto de 2014, h\u00e1 exatos oito anos, o ent\u00e3o candidato \u00e0 Presid\u00eancia da Rep\u00fablica Eduardo Campos (PSB) morreu em acidente a\u00e9reo na cidade de Santos (SP). O epis\u00f3dio tr\u00e1gico mudou o curso das elei\u00e7\u00f5es naquele ano e gerou consequ\u00eancias pol\u00edticas que duram at\u00e9 hoje. Ap\u00f3s se eleger por duas vezes governador de&hellip;","jetpack_sharing_enabled":true,"jetpack_likes_enabled":true,"_links":{"self":[{"href":"https:\/\/blogopara.com.br\/index.php\/wp-json\/wp\/v2\/posts\/40900","targetHints":{"allow":["GET"]}}],"collection":[{"href":"https:\/\/blogopara.com.br\/index.php\/wp-json\/wp\/v2\/posts"}],"about":[{"href":"https:\/\/blogopara.com.br\/index.php\/wp-json\/wp\/v2\/types\/post"}],"author":[{"embeddable":true,"href":"https:\/\/blogopara.com.br\/index.php\/wp-json\/wp\/v2\/users\/1"}],"replies":[{"embeddable":true,"href":"https:\/\/blogopara.com.br\/index.php\/wp-json\/wp\/v2\/comments?post=40900"}],"version-history":[{"count":1,"href":"https:\/\/blogopara.com.br\/index.php\/wp-json\/wp\/v2\/posts\/40900\/revisions"}],"predecessor-version":[{"id":40902,"href":"https:\/\/blogopara.com.br\/index.php\/wp-json\/wp\/v2\/posts\/40900\/revisions\/40902"}],"wp:featuredmedia":[{"embeddable":true,"href":"https:\/\/blogopara.com.br\/index.php\/wp-json\/wp\/v2\/media\/40901"}],"wp:attachment":[{"href":"https:\/\/blogopara.com.br\/index.php\/wp-json\/wp\/v2\/media?parent=40900"}],"wp:term":[{"taxonomy":"category","embeddable":true,"href":"https:\/\/blogopara.com.br\/index.php\/wp-json\/wp\/v2\/categories?post=40900"},{"taxonomy":"post_tag","embeddable":true,"href":"https:\/\/blogopara.com.br\/index.php\/wp-json\/wp\/v2\/tags?post=40900"}],"curies":[{"name":"wp","href":"https:\/\/api.w.org\/{rel}","templated":true}]}}