{"id":4099,"date":"2019-10-21T20:59:11","date_gmt":"2019-10-21T23:59:11","guid":{"rendered":"http:\/\/blogopara.com.br\/?p=4099"},"modified":"2019-10-21T20:59:20","modified_gmt":"2019-10-21T23:59:20","slug":"gas-de-cozinha-mais-caro-a-partir-desta-segunda-21","status":"publish","type":"post","link":"https:\/\/blogopara.com.br\/index.php\/2019\/10\/21\/gas-de-cozinha-mais-caro-a-partir-desta-segunda-21","title":{"rendered":"G\u00c1S DE COZINHA MAIS CARO A PARTIR DESTA SEGUNDA (21)"},"content":{"rendered":"<p style=\"text-align: justify;\">A Petrobras comunicou nesta segunda-feira (21) as empresas associadas ao (Sindicato Nacional das Empresas Distribuidoras de G\u00e1s Liquefeito de Petr\u00f3leo) que vai reajustar em o pre\u00e7o do GLP residencial (botij\u00f5es de 13 kg) e empresarial (embalagens acima de 13 kg) a partir desta ter\u00e7a-feira (22). O aumento valer\u00e1 inicialmente apenas nas unidades da petroleira.<br \/>\nDe acordo com o Sindig\u00e1s, o aumento do g\u00e1s de cozinha residencial oscilar\u00e1 entre 4,8% e 5,3%, e o aumento do GLP empresarial entre 2,9% e 3,2%, dependendo do polo de suprimento.<\/p>\n<p style=\"text-align: justify;\">\u201cA diferen\u00e7a de pre\u00e7o entre o GLP empresarial e o GLP residencial est\u00e1 praticamente igual, o que \u00e9 um bom sinal para o mercado\u201d, afirma o Sindig\u00e1s.<br \/>\nNo acumulado do ano at\u00e9 a semana passada, o pre\u00e7o m\u00e9dio de revenda do GLP residencial acumulava queda de 0,8% no ano para os consumidores, segundo an\u00e1lise feita semanalmente pela ANP (Ag\u00eancia Nacional do Petr\u00f3leo, G\u00e1s Natural e Biocombust\u00edveis).<\/p>\n<p style=\"text-align: justify;\">Os dados mostram que cada botij\u00e3o de 13 kg sai por cerca de R$ 68,78 em territ\u00f3rio nacional. Os valores cobrados pelo produto, no entanto, variam de R$ 50 a R$ 115.<\/p>\n","protected":false},"excerpt":{"rendered":"<p>A Petrobras comunicou nesta segunda-feira (21) as empresas associadas ao (Sindicato Nacional das Empresas Distribuidoras de G\u00e1s Liquefeito de Petr\u00f3leo) que vai reajustar em o pre\u00e7o do GLP residencial (botij\u00f5es de 13 kg) e empresarial (embalagens acima de 13 kg) a partir desta ter\u00e7a-feira (22). O aumento valer\u00e1 inicialmente apenas nas unidades da petroleira. De [&hellip;]<\/p>\n","protected":false},"author":1,"featured_media":4100,"comment_status":"open","ping_status":"open","sticky":false,"template":"","format":"standard","meta":{"_uag_custom_page_level_css":"","_monsterinsights_skip_tracking":false,"_monsterinsights_sitenote_active":false,"_monsterinsights_sitenote_note":"","_monsterinsights_sitenote_category":0,"jetpack_post_was_ever_published":false,"_jetpack_newsletter_access":"","_jetpack_dont_email_post_to_subs":false,"_jetpack_newsletter_tier_id":0,"_jetpack_memberships_contains_paywalled_content":false,"_jetpack_memberships_contains_paid_content":false,"footnotes":"","jetpack_publicize_message":"","jetpack_publicize_feature_enabled":true,"jetpack_social_post_already_shared":true,"jetpack_social_options":{"image_generator_settings":{"template":"highway","default_image_id":0,"font":"","enabled":false},"version":2}},"categories":[200],"tags":[24,997,528],"class_list":["post-4099","post","type-post","status-publish","format-standard","has-post-thumbnail","hentry","category-brasil","tag-economia","tag-gas-de-cozinha","tag-petrobras"],"jetpack_publicize_connections":[],"jetpack_featured_media_url":"https:\/\/blogopara.com.br\/wp-content\/uploads\/2019\/10\/dd363578f739af8ce6d8add5b4d1a91e.jpg","uagb_featured_image_src":{"full":["https:\/\/blogopara.com.br\/wp-content\/uploads\/2019\/10\/dd363578f739af8ce6d8add5b4d1a91e.jpg",425,362,false],"thumbnail":["https:\/\/blogopara.com.br\/wp-content\/uploads\/2019\/10\/dd363578f739af8ce6d8add5b4d1a91e-150x150.jpg",150,150,true],"medium":["https:\/\/blogopara.com.br\/wp-content\/uploads\/2019\/10\/dd363578f739af8ce6d8add5b4d1a91e-300x256.jpg",300,256,true],"medium_large":["https:\/\/blogopara.com.br\/wp-content\/uploads\/2019\/10\/dd363578f739af8ce6d8add5b4d1a91e.jpg",425,362,false],"large":["https:\/\/blogopara.com.br\/wp-content\/uploads\/2019\/10\/dd363578f739af8ce6d8add5b4d1a91e.jpg",425,362,false],"1536x1536":["https:\/\/blogopara.com.br\/wp-content\/uploads\/2019\/10\/dd363578f739af8ce6d8add5b4d1a91e.jpg",425,362,false],"2048x2048":["https:\/\/blogopara.com.br\/wp-content\/uploads\/2019\/10\/dd363578f739af8ce6d8add5b4d1a91e.jpg",425,362,false],"mantranews-slider-large":["https:\/\/blogopara.com.br\/wp-content\/uploads\/2019\/10\/dd363578f739af8ce6d8add5b4d1a91e.jpg",425,362,false],"mantranews-featured-medium":["https:\/\/blogopara.com.br\/wp-content\/uploads\/2019\/10\/dd363578f739af8ce6d8add5b4d1a91e.jpg",360,307,false],"mantranews-featured-long":["https:\/\/blogopara.com.br\/wp-content\/uploads\/2019\/10\/dd363578f739af8ce6d8add5b4d1a91e.jpg",300,256,false],"mantranews-block-medium":["https:\/\/blogopara.com.br\/wp-content\/uploads\/2019\/10\/dd363578f739af8ce6d8add5b4d1a91e.jpg",340,290,false],"mantranews-carousel-image":["https:\/\/blogopara.com.br\/wp-content\/uploads\/2019\/10\/dd363578f739af8ce6d8add5b4d1a91e.jpg",425,362,false],"mantranews-block-thumb":["https:\/\/blogopara.com.br\/wp-content\/uploads\/2019\/10\/dd363578f739af8ce6d8add5b4d1a91e.jpg",270,230,false],"mantranews-single-large":["https:\/\/blogopara.com.br\/wp-content\/uploads\/2019\/10\/dd363578f739af8ce6d8add5b4d1a91e.jpg",425,362,false]},"uagb_author_info":{"display_name":"Reda\u00e7\u00e3o geral","author_link":"https:\/\/blogopara.com.br\/index.php\/author\/blogopara"},"uagb_comment_info":0,"uagb_excerpt":"A Petrobras comunicou nesta segunda-feira (21) as empresas associadas ao (Sindicato Nacional das Empresas Distribuidoras de G\u00e1s Liquefeito de Petr\u00f3leo) que vai reajustar em o pre\u00e7o do GLP residencial (botij\u00f5es de 13 kg) e empresarial (embalagens acima de 13 kg) a partir desta ter\u00e7a-feira (22). O aumento valer\u00e1 inicialmente apenas nas unidades da petroleira. De&hellip;","jetpack_sharing_enabled":true,"jetpack_likes_enabled":true,"_links":{"self":[{"href":"https:\/\/blogopara.com.br\/index.php\/wp-json\/wp\/v2\/posts\/4099","targetHints":{"allow":["GET"]}}],"collection":[{"href":"https:\/\/blogopara.com.br\/index.php\/wp-json\/wp\/v2\/posts"}],"about":[{"href":"https:\/\/blogopara.com.br\/index.php\/wp-json\/wp\/v2\/types\/post"}],"author":[{"embeddable":true,"href":"https:\/\/blogopara.com.br\/index.php\/wp-json\/wp\/v2\/users\/1"}],"replies":[{"embeddable":true,"href":"https:\/\/blogopara.com.br\/index.php\/wp-json\/wp\/v2\/comments?post=4099"}],"version-history":[{"count":1,"href":"https:\/\/blogopara.com.br\/index.php\/wp-json\/wp\/v2\/posts\/4099\/revisions"}],"predecessor-version":[{"id":4101,"href":"https:\/\/blogopara.com.br\/index.php\/wp-json\/wp\/v2\/posts\/4099\/revisions\/4101"}],"wp:featuredmedia":[{"embeddable":true,"href":"https:\/\/blogopara.com.br\/index.php\/wp-json\/wp\/v2\/media\/4100"}],"wp:attachment":[{"href":"https:\/\/blogopara.com.br\/index.php\/wp-json\/wp\/v2\/media?parent=4099"}],"wp:term":[{"taxonomy":"category","embeddable":true,"href":"https:\/\/blogopara.com.br\/index.php\/wp-json\/wp\/v2\/categories?post=4099"},{"taxonomy":"post_tag","embeddable":true,"href":"https:\/\/blogopara.com.br\/index.php\/wp-json\/wp\/v2\/tags?post=4099"}],"curies":[{"name":"wp","href":"https:\/\/api.w.org\/{rel}","templated":true}]}}