{"id":4102,"date":"2019-10-22T10:37:33","date_gmt":"2019-10-22T13:37:33","guid":{"rendered":"http:\/\/blogopara.com.br\/?p=4102"},"modified":"2019-10-22T16:08:30","modified_gmt":"2019-10-22T19:08:30","slug":"juazeiro-com-80-de-rejeicao-o-prefeito-tem-evitado-aparecer-em-publico","status":"publish","type":"post","link":"https:\/\/blogopara.com.br\/index.php\/2019\/10\/22\/juazeiro-com-80-de-rejeicao-o-prefeito-tem-evitado-aparecer-em-publico","title":{"rendered":"Juazeiro: Prefeito Paulo Bomfim tem alto \u00edndice de rejei\u00e7\u00e3o pol\u00edtica, por isso tem evitado aparecer em p\u00fablico"},"content":{"rendered":"<p style=\"text-align: justify;\">Na \u00faltima sexta-feira (18) houve a inaugura\u00e7\u00e3o do recapeamento da rua Veneza, bairro Alagadi\u00e7o. Como parte do inesquec\u00edvel programa Toda Sexta tem Obra. A rua Veneza foi recapeada com os recursos que eram para duplicar a BA 210, no trecho que vai do mercado do produtor ao contorno pr\u00f3ximo a entrada do porto.<\/p>\n<p style=\"text-align: justify;\">Como em todas as inaugura\u00e7\u00f5es, estavam presentes: a vereadora licenciada, Cida Gama (PP), o gerente de Tr\u00e2nsito, Marcos Passos, Arlindo Arag\u00e3o, Chefe de Gabinete, Dami\u00e3o Medrado, Diretor da CSTT, o deputado estadual Z\u00f3 (PCdoB) e alguns gatos pingados.<\/p>\n<p><img loading=\"lazy\" decoding=\"async\" class=\"alignnone size-medium wp-image-4103\" src=\"https:\/\/blogopara.com.br\/wp-content\/uploads\/2019\/10\/WhatsApp-Image-2019-10-21-at-19.56.10-300x200.jpeg\" alt=\"\" width=\"300\" height=\"200\" srcset=\"https:\/\/blogopara.com.br\/wp-content\/uploads\/2019\/10\/WhatsApp-Image-2019-10-21-at-19.56.10-300x200.jpeg 300w, https:\/\/blogopara.com.br\/wp-content\/uploads\/2019\/10\/WhatsApp-Image-2019-10-21-at-19.56.10-768x512.jpeg 768w, https:\/\/blogopara.com.br\/wp-content\/uploads\/2019\/10\/WhatsApp-Image-2019-10-21-at-19.56.10-1024x682.jpeg 1024w, https:\/\/blogopara.com.br\/wp-content\/uploads\/2019\/10\/WhatsApp-Image-2019-10-21-at-19.56.10.jpeg 1280w\" sizes=\"auto, (max-width: 300px) 100vw, 300px\" \/><\/p>\n<p style=\"text-align: justify;\">Mas, e o prefeito Paulo Bomfim (PCdoB)? Esse tem evitado apari\u00e7\u00f5es em p\u00fablicos, rumores na cidade dizem que ao longo dos \u00faltimos quatro meses o Pa\u00e7o tem realizado pesquisas para saber como andam as inten\u00e7\u00f5es voto, e o cen\u00e1rio \u00e9 desolador: Paulo Bomfim amarga uma alta rejei\u00e7\u00e3o pol\u00edtica da hist\u00f3ria de Juazeiro, at\u00e9 julho o \u00edndice oscilava muito alto, pelo que tudo indica parece que o \u00edndice est\u00e1 aumentando.<\/p>\n<p style=\"text-align: justify;\">Est\u00e1 um Deus nos acuda, porque as pesquisas tamb\u00e9m apontam uma rejei\u00e7\u00e3o hist\u00f3rica de Isaac Carvalho. O marqueteiro oficial e secret\u00e1rio est\u00e1 tentado de tudo: v\u00eddeos pessoais apelativos, presen\u00e7a anivers\u00e1rios de boneca, mat\u00e9rias pagas em blogs estaduais, convoca\u00e7\u00e3o de secret\u00e1rios nas inaugura\u00e7\u00f5es, mais gastos com propaganda. Pelo visto n\u00e3o est\u00e1 adiantando, o povo acordou depois de quase 12 anos de tantas mentiras.<\/p>\n","protected":false},"excerpt":{"rendered":"<p>A situa\u00e7\u00e3o n\u00e3o est\u00e1 boa para o grupo de Isaac Carvalho, depois de anos o povo cansou de ser enganado<\/p>\n","protected":false},"author":1,"featured_media":3825,"comment_status":"open","ping_status":"open","sticky":false,"template":"","format":"standard","meta":{"_uag_custom_page_level_css":"","_monsterinsights_skip_tracking":false,"_monsterinsights_sitenote_active":false,"_monsterinsights_sitenote_note":"","_monsterinsights_sitenote_category":0,"jetpack_post_was_ever_published":false,"_jetpack_newsletter_access":"","_jetpack_dont_email_post_to_subs":false,"_jetpack_newsletter_tier_id":0,"_jetpack_memberships_contains_paywalled_content":false,"_jetpack_memberships_contains_paid_content":false,"footnotes":"","jetpack_publicize_message":"","jetpack_publicize_feature_enabled":true,"jetpack_social_post_already_shared":true,"jetpack_social_options":{"image_generator_settings":{"template":"highway","default_image_id":0,"font":"","enabled":false},"version":2}},"categories":[203],"tags":[15,521,706],"class_list":["post-4102","post","type-post","status-publish","format-standard","has-post-thumbnail","hentry","category-juazeiro","tag-paulo-bomfim","tag-pesquisa","tag-rejeicao"],"jetpack_publicize_connections":[],"jetpack_featured_media_url":"https:\/\/blogopara.com.br\/wp-content\/uploads\/2019\/10\/Prefeitura-Municipal-de-Juazeiro-Bahia-2.jpg","uagb_featured_image_src":{"full":["https:\/\/blogopara.com.br\/wp-content\/uploads\/2019\/10\/Prefeitura-Municipal-de-Juazeiro-Bahia-2.jpg",750,422,false],"thumbnail":["https:\/\/blogopara.com.br\/wp-content\/uploads\/2019\/10\/Prefeitura-Municipal-de-Juazeiro-Bahia-2-150x150.jpg",150,150,true],"medium":["https:\/\/blogopara.com.br\/wp-content\/uploads\/2019\/10\/Prefeitura-Municipal-de-Juazeiro-Bahia-2-300x169.jpg",300,169,true],"medium_large":["https:\/\/blogopara.com.br\/wp-content\/uploads\/2019\/10\/Prefeitura-Municipal-de-Juazeiro-Bahia-2.jpg",640,360,false],"large":["https:\/\/blogopara.com.br\/wp-content\/uploads\/2019\/10\/Prefeitura-Municipal-de-Juazeiro-Bahia-2.jpg",640,360,false],"1536x1536":["https:\/\/blogopara.com.br\/wp-content\/uploads\/2019\/10\/Prefeitura-Municipal-de-Juazeiro-Bahia-2.jpg",750,422,false],"2048x2048":["https:\/\/blogopara.com.br\/wp-content\/uploads\/2019\/10\/Prefeitura-Municipal-de-Juazeiro-Bahia-2.jpg",750,422,false],"mantranews-slider-large":["https:\/\/blogopara.com.br\/wp-content\/uploads\/2019\/10\/Prefeitura-Municipal-de-Juazeiro-Bahia-2.jpg",750,422,false],"mantranews-featured-medium":["https:\/\/blogopara.com.br\/wp-content\/uploads\/2019\/10\/Prefeitura-Municipal-de-Juazeiro-Bahia-2.jpg",420,236,false],"mantranews-featured-long":["https:\/\/blogopara.com.br\/wp-content\/uploads\/2019\/10\/Prefeitura-Municipal-de-Juazeiro-Bahia-2.jpg",300,169,false],"mantranews-block-medium":["https:\/\/blogopara.com.br\/wp-content\/uploads\/2019\/10\/Prefeitura-Municipal-de-Juazeiro-Bahia-2.jpg",464,261,false],"mantranews-carousel-image":["https:\/\/blogopara.com.br\/wp-content\/uploads\/2019\/10\/Prefeitura-Municipal-de-Juazeiro-Bahia-2.jpg",600,338,false],"mantranews-block-thumb":["https:\/\/blogopara.com.br\/wp-content\/uploads\/2019\/10\/Prefeitura-Municipal-de-Juazeiro-Bahia-2.jpg",322,181,false],"mantranews-single-large":["https:\/\/blogopara.com.br\/wp-content\/uploads\/2019\/10\/Prefeitura-Municipal-de-Juazeiro-Bahia-2.jpg",750,422,false]},"uagb_author_info":{"display_name":"Reda\u00e7\u00e3o geral","author_link":"https:\/\/blogopara.com.br\/index.php\/author\/blogopara"},"uagb_comment_info":3,"uagb_excerpt":"A situa\u00e7\u00e3o n\u00e3o est\u00e1 boa para o grupo de Isaac Carvalho, depois de anos o povo cansou de ser enganado","jetpack_sharing_enabled":true,"jetpack_likes_enabled":true,"_links":{"self":[{"href":"https:\/\/blogopara.com.br\/index.php\/wp-json\/wp\/v2\/posts\/4102","targetHints":{"allow":["GET"]}}],"collection":[{"href":"https:\/\/blogopara.com.br\/index.php\/wp-json\/wp\/v2\/posts"}],"about":[{"href":"https:\/\/blogopara.com.br\/index.php\/wp-json\/wp\/v2\/types\/post"}],"author":[{"embeddable":true,"href":"https:\/\/blogopara.com.br\/index.php\/wp-json\/wp\/v2\/users\/1"}],"replies":[{"embeddable":true,"href":"https:\/\/blogopara.com.br\/index.php\/wp-json\/wp\/v2\/comments?post=4102"}],"version-history":[{"count":5,"href":"https:\/\/blogopara.com.br\/index.php\/wp-json\/wp\/v2\/posts\/4102\/revisions"}],"predecessor-version":[{"id":4126,"href":"https:\/\/blogopara.com.br\/index.php\/wp-json\/wp\/v2\/posts\/4102\/revisions\/4126"}],"wp:featuredmedia":[{"embeddable":true,"href":"https:\/\/blogopara.com.br\/index.php\/wp-json\/wp\/v2\/media\/3825"}],"wp:attachment":[{"href":"https:\/\/blogopara.com.br\/index.php\/wp-json\/wp\/v2\/media?parent=4102"}],"wp:term":[{"taxonomy":"category","embeddable":true,"href":"https:\/\/blogopara.com.br\/index.php\/wp-json\/wp\/v2\/categories?post=4102"},{"taxonomy":"post_tag","embeddable":true,"href":"https:\/\/blogopara.com.br\/index.php\/wp-json\/wp\/v2\/tags?post=4102"}],"curies":[{"name":"wp","href":"https:\/\/api.w.org\/{rel}","templated":true}]}}