{"id":41023,"date":"2022-08-16T18:45:00","date_gmt":"2022-08-16T21:45:00","guid":{"rendered":"https:\/\/blogopara.com.br\/?p=41023"},"modified":"2022-08-16T14:43:49","modified_gmt":"2022-08-16T17:43:49","slug":"35a-escola-requalificada-pela-prefeitura-sera-entregue-nesta-quarta-feira-no-residencial-juazeiro-i","status":"publish","type":"post","link":"https:\/\/blogopara.com.br\/index.php\/2022\/08\/16\/35a-escola-requalificada-pela-prefeitura-sera-entregue-nesta-quarta-feira-no-residencial-juazeiro-i","title":{"rendered":"35\u00aa escola requalificada pela prefeitura ser\u00e1 entregue nesta quarta-feira no Residencial Juazeiro I"},"content":{"rendered":"<p style=\"font-weight: 400; text-align: justify;\">Com recursos pr\u00f3prios, a Prefeitura de Juazeiro, atrav\u00e9s da Secretaria de Educa\u00e7\u00e3o e Juventude (Seduc), vem realizando uma s\u00e9rie de melhorias nas escolas municipais da sede e interior do munic\u00edpio. Desta vez, a Escola Apr\u00edgio Duarte, localizada no Residencial Juazeiro I, no bairro Itaberaba, ser\u00e1 a pr\u00f3xima unidade a ser inaugurada. A solenidade vai acontecer nesta quarta-feira (17), \u00e0s 10h. Essa \u00e9 a 35\u00aa unidade de ensino, requalificada e modernizada pela atual gest\u00e3o.<\/p>\n<p style=\"font-weight: 400; text-align: justify;\">A reforma geral e requalifica\u00e7\u00e3o do equipamento \u00e9 uma das diversas a\u00e7\u00f5es realizadas pela gest\u00e3o Suzana Ramos, que tem investido de forma expressiva na infraestrutura da rede municipal de ensino. \u201cEntregar mais uma escola requalificada \u00e9 sempre uma grande emo\u00e7\u00e3o. Os alunos aproveitam as novidades, os profissionais da educa\u00e7\u00e3o ficam satisfeitos com as demandas atendidas e n\u00f3s sentimos que cumprimos o papel de uma gest\u00e3o ativa e participativa, comprometida com a educa\u00e7\u00e3o e com as nossas crian\u00e7as e jovens\u201d, enfatizou a prefeita.<\/p>\n<p style=\"font-weight: 400; text-align: justify;\">At\u00e9 o final do ano, mais de 60 escolas far\u00e3o parte da nova composi\u00e7\u00e3o do modelo de gest\u00e3o escolar, que tem promovido um ambiente educacional humanizado, acolhedor e totalmente confort\u00e1vel. \u201cA gest\u00e3o municipal tem a educa\u00e7\u00e3o como prioridade, e a melhoria no setor envolve a requalifica\u00e7\u00e3o e moderniza\u00e7\u00e3o das escolas, algo que beneficia toda a comunidade escolar. A nossa meta \u00e9 garantir unidades escolares que estejam \u00e0 altura dos nossos alunos e dos profissionais que atuam nas escolas\u201d, destacou a secret\u00e1ria.<\/p>\n\n\n<p>Ascom Seduc\/\/PMJ<\/p>\n","protected":false},"excerpt":{"rendered":"<p>Com recursos pr\u00f3prios, a Prefeitura de Juazeiro, atrav\u00e9s da Secretaria de Educa\u00e7\u00e3o e Juventude (Seduc), vem realizando uma s\u00e9rie de melhorias nas escolas municipais da sede e interior do munic\u00edpio. Desta vez, a Escola Apr\u00edgio Duarte, localizada no Residencial Juazeiro I, no bairro Itaberaba, ser\u00e1 a pr\u00f3xima unidade a ser inaugurada. A solenidade vai acontecer [&hellip;]<\/p>\n","protected":false},"author":1,"featured_media":41024,"comment_status":"closed","ping_status":"open","sticky":false,"template":"","format":"standard","meta":{"_uag_custom_page_level_css":"","_monsterinsights_skip_tracking":false,"_monsterinsights_sitenote_active":false,"_monsterinsights_sitenote_note":"","_monsterinsights_sitenote_category":0,"jetpack_post_was_ever_published":false,"_jetpack_newsletter_access":"","_jetpack_dont_email_post_to_subs":false,"_jetpack_newsletter_tier_id":0,"_jetpack_memberships_contains_paywalled_content":false,"_jetpack_memberships_contains_paid_content":false,"footnotes":"","jetpack_publicize_message":"","jetpack_publicize_feature_enabled":true,"jetpack_social_post_already_shared":true,"jetpack_social_options":{"image_generator_settings":{"template":"highway","default_image_id":0,"font":"","enabled":false},"version":2}},"categories":[203],"tags":[340,902],"class_list":["post-41023","post","type-post","status-publish","format-standard","has-post-thumbnail","hentry","category-juazeiro","tag-prefeitura-de-juazeiro","tag-seduc"],"jetpack_publicize_connections":[],"jetpack_featured_media_url":"https:\/\/blogopara.com.br\/wp-content\/uploads\/2022\/08\/01.jpg","uagb_featured_image_src":{"full":["https:\/\/blogopara.com.br\/wp-content\/uploads\/2022\/08\/01.jpg",500,500,false],"thumbnail":["https:\/\/blogopara.com.br\/wp-content\/uploads\/2022\/08\/01-150x150.jpg",150,150,true],"medium":["https:\/\/blogopara.com.br\/wp-content\/uploads\/2022\/08\/01-300x300.jpg",300,300,true],"medium_large":["https:\/\/blogopara.com.br\/wp-content\/uploads\/2022\/08\/01.jpg",500,500,false],"large":["https:\/\/blogopara.com.br\/wp-content\/uploads\/2022\/08\/01.jpg",500,500,false],"1536x1536":["https:\/\/blogopara.com.br\/wp-content\/uploads\/2022\/08\/01.jpg",500,500,false],"2048x2048":["https:\/\/blogopara.com.br\/wp-content\/uploads\/2022\/08\/01.jpg",500,500,false],"mantranews-slider-large":["https:\/\/blogopara.com.br\/wp-content\/uploads\/2022\/08\/01.jpg",500,500,false],"mantranews-featured-medium":["https:\/\/blogopara.com.br\/wp-content\/uploads\/2022\/08\/01-420x307.jpg",420,307,true],"mantranews-featured-long":["https:\/\/blogopara.com.br\/wp-content\/uploads\/2022\/08\/01-300x443.jpg",300,443,true],"mantranews-block-medium":["https:\/\/blogopara.com.br\/wp-content\/uploads\/2022\/08\/01-464x290.jpg",464,290,true],"mantranews-carousel-image":["https:\/\/blogopara.com.br\/wp-content\/uploads\/2022\/08\/01.jpg",500,500,false],"mantranews-block-thumb":["https:\/\/blogopara.com.br\/wp-content\/uploads\/2022\/08\/01-322x230.jpg",322,230,true],"mantranews-single-large":["https:\/\/blogopara.com.br\/wp-content\/uploads\/2022\/08\/01.jpg",500,500,false]},"uagb_author_info":{"display_name":"Reda\u00e7\u00e3o geral","author_link":"https:\/\/blogopara.com.br\/index.php\/author\/blogopara"},"uagb_comment_info":0,"uagb_excerpt":"Com recursos pr\u00f3prios, a Prefeitura de Juazeiro, atrav\u00e9s da Secretaria de Educa\u00e7\u00e3o e Juventude (Seduc), vem realizando uma s\u00e9rie de melhorias nas escolas municipais da sede e interior do munic\u00edpio. Desta vez, a Escola Apr\u00edgio Duarte, localizada no Residencial Juazeiro I, no bairro Itaberaba, ser\u00e1 a pr\u00f3xima unidade a ser inaugurada. A solenidade vai acontecer&hellip;","jetpack_sharing_enabled":true,"jetpack_likes_enabled":true,"_links":{"self":[{"href":"https:\/\/blogopara.com.br\/index.php\/wp-json\/wp\/v2\/posts\/41023","targetHints":{"allow":["GET"]}}],"collection":[{"href":"https:\/\/blogopara.com.br\/index.php\/wp-json\/wp\/v2\/posts"}],"about":[{"href":"https:\/\/blogopara.com.br\/index.php\/wp-json\/wp\/v2\/types\/post"}],"author":[{"embeddable":true,"href":"https:\/\/blogopara.com.br\/index.php\/wp-json\/wp\/v2\/users\/1"}],"replies":[{"embeddable":true,"href":"https:\/\/blogopara.com.br\/index.php\/wp-json\/wp\/v2\/comments?post=41023"}],"version-history":[{"count":1,"href":"https:\/\/blogopara.com.br\/index.php\/wp-json\/wp\/v2\/posts\/41023\/revisions"}],"predecessor-version":[{"id":41025,"href":"https:\/\/blogopara.com.br\/index.php\/wp-json\/wp\/v2\/posts\/41023\/revisions\/41025"}],"wp:featuredmedia":[{"embeddable":true,"href":"https:\/\/blogopara.com.br\/index.php\/wp-json\/wp\/v2\/media\/41024"}],"wp:attachment":[{"href":"https:\/\/blogopara.com.br\/index.php\/wp-json\/wp\/v2\/media?parent=41023"}],"wp:term":[{"taxonomy":"category","embeddable":true,"href":"https:\/\/blogopara.com.br\/index.php\/wp-json\/wp\/v2\/categories?post=41023"},{"taxonomy":"post_tag","embeddable":true,"href":"https:\/\/blogopara.com.br\/index.php\/wp-json\/wp\/v2\/tags?post=41023"}],"curies":[{"name":"wp","href":"https:\/\/api.w.org\/{rel}","templated":true}]}}