{"id":41038,"date":"2022-08-17T14:45:00","date_gmt":"2022-08-17T17:45:00","guid":{"rendered":"https:\/\/blogopara.com.br\/?p=41038"},"modified":"2022-08-16T20:22:53","modified_gmt":"2022-08-16T23:22:53","slug":"prefeita-suzana-ramos-amplia-dialogo-institucional-para-fortalecer-rede-de-protecao-as-criancas-e-adolescentes-de-juazeiro","status":"publish","type":"post","link":"https:\/\/blogopara.com.br\/index.php\/2022\/08\/17\/prefeita-suzana-ramos-amplia-dialogo-institucional-para-fortalecer-rede-de-protecao-as-criancas-e-adolescentes-de-juazeiro","title":{"rendered":"Prefeita Suzana Ramos amplia di\u00e1logo institucional para fortalecer rede de prote\u00e7\u00e3o \u00e0s crian\u00e7as e adolescentes de Juazeiro"},"content":{"rendered":"<p style=\"font-weight: 400; text-align: justify;\">A prefeita Suzana Ramos recebeu na manh\u00e3 desta ter\u00e7a-feira (16), o coordenador da Defensoria P\u00fablica Regional em Juazeiro, Andr\u00e9 Lima Cerqueira, e o juiz da Vara da Inf\u00e2ncia, Francisco Pereira, para ampliar o di\u00e1logo institucional sobre o projeto \u2018Fam\u00edlia Acolhedora\u2019 que visa promover o fortalecimento da rede de prote\u00e7\u00e3o \u00e0s crian\u00e7as e adolescentes, atrav\u00e9s de parcerias e implementa\u00e7\u00e3o de pol\u00edticas p\u00fablica de prote\u00e7\u00e3o.<\/p>\n<p style=\"font-weight: 400; text-align: justify;\">O encontro reuniu o secret\u00e1rio de Sa\u00fade do munic\u00edpio, Fernando Costa, a secret\u00e1ria de Educa\u00e7\u00e3o e Juventude, Normeide Almeida, a secret\u00e1ria de Desenvolvimento Social, Mulher e Diversidade, Am\u00e9lia Pedra, o procurador geral do munic\u00edpio, Thiago Cordeiro e representantes do Conselho Tutelar.<\/p>\n<p style=\"font-weight: 400; text-align: justify;\">A prefeita Suzana Ramos refor\u00e7ou que est\u00e1 aberta ao di\u00e1logo e aos projetos voltados para a inf\u00e2ncia e juventude do munic\u00edpio. \u201cEstamos ampliando o di\u00e1logo com v\u00e1rios setores do munic\u00edpio, para que n\u00f3s possamos trabalhar projetos voltados a inf\u00e2ncia e a juventude, em parceria com a Defensoria P\u00fablica, Vara da Inf\u00e2ncia e Conselho Tutelar, que s\u00e3o nossos parceiros em v\u00e1rios projetos que visam o bem da sociedade\u201d, destacou a gestara.<\/p>\n<p style=\"font-weight: 400; text-align: justify;\">\u201cFoi uma reuni\u00e3o de extrema import\u00e2ncia, pois envolve uma articula\u00e7\u00e3o na \u00e1rea da inf\u00e2ncia e juventude entre diversos \u00f3rg\u00e3os. Estamos dialogando pol\u00edticas p\u00fablicas voltadas para o p\u00fablico infantil e juvenil, e aqui houve o compromisso de todas as secretarias presentes na melhoraria desta pol\u00edtica voltada para a inf\u00e2ncia e juventude de Juazeiro\u201d, destaca Andr\u00e9 Lima, coordenador da 5\u00aa Defensoria P\u00fablica Regional.<\/p>\n<p style=\"font-weight: 400; text-align: justify;\">O procurador geral do munic\u00edpio, Thiago Cordeiro frisou a import\u00e2ncia em discutir projetos voltados as crian\u00e7as e adolescentes. \u201cPela segunda vez estamos reunidos com a Defensoria P\u00fablica e com o ju\u00edz da Vara da Inf\u00e2ncia, desta vez de forma ampliada, com diversas secretarias municipais em um objetivo de melhorar as pol\u00edticas p\u00fablicas voltadas para a inf\u00e2ncia e juventude da nossa cidade. Quanto mais unidos estivermos, mais fortalecida estar\u00e1 a nossa inf\u00e2ncia e juventude de Juazeiro\u201d, frisou Thiago Cordeiro.<\/p>\n\n\n<p>Ascom PMJ<\/p>\n","protected":false},"excerpt":{"rendered":"<p>A prefeita Suzana Ramos recebeu na manh\u00e3 desta ter\u00e7a-feira (16), o coordenador da Defensoria P\u00fablica Regional em Juazeiro, Andr\u00e9 Lima Cerqueira, e o juiz da Vara da Inf\u00e2ncia, Francisco Pereira, para ampliar o di\u00e1logo institucional sobre o projeto \u2018Fam\u00edlia Acolhedora\u2019 que visa promover o fortalecimento da rede de prote\u00e7\u00e3o \u00e0s crian\u00e7as e adolescentes, atrav\u00e9s de [&hellip;]<\/p>\n","protected":false},"author":1,"featured_media":41039,"comment_status":"closed","ping_status":"open","sticky":false,"template":"","format":"standard","meta":{"_uag_custom_page_level_css":"","_monsterinsights_skip_tracking":false,"_monsterinsights_sitenote_active":false,"_monsterinsights_sitenote_note":"","_monsterinsights_sitenote_category":0,"jetpack_post_was_ever_published":false,"_jetpack_newsletter_access":"","_jetpack_dont_email_post_to_subs":false,"_jetpack_newsletter_tier_id":0,"_jetpack_memberships_contains_paywalled_content":false,"_jetpack_memberships_contains_paid_content":false,"footnotes":"","jetpack_publicize_message":"","jetpack_publicize_feature_enabled":true,"jetpack_social_post_already_shared":true,"jetpack_social_options":{"image_generator_settings":{"template":"highway","default_image_id":0,"font":"","enabled":false},"version":2}},"categories":[203],"tags":[340,902,1689,320],"class_list":["post-41038","post","type-post","status-publish","format-standard","has-post-thumbnail","hentry","category-juazeiro","tag-prefeitura-de-juazeiro","tag-seduc","tag-social","tag-sou-mais-juazeiro"],"jetpack_publicize_connections":[],"jetpack_featured_media_url":"https:\/\/blogopara.com.br\/wp-content\/uploads\/2022\/08\/SUZANA.jpg","uagb_featured_image_src":{"full":["https:\/\/blogopara.com.br\/wp-content\/uploads\/2022\/08\/SUZANA.jpg",500,333,false],"thumbnail":["https:\/\/blogopara.com.br\/wp-content\/uploads\/2022\/08\/SUZANA-150x150.jpg",150,150,true],"medium":["https:\/\/blogopara.com.br\/wp-content\/uploads\/2022\/08\/SUZANA-300x200.jpg",300,200,true],"medium_large":["https:\/\/blogopara.com.br\/wp-content\/uploads\/2022\/08\/SUZANA.jpg",500,333,false],"large":["https:\/\/blogopara.com.br\/wp-content\/uploads\/2022\/08\/SUZANA.jpg",500,333,false],"1536x1536":["https:\/\/blogopara.com.br\/wp-content\/uploads\/2022\/08\/SUZANA.jpg",500,333,false],"2048x2048":["https:\/\/blogopara.com.br\/wp-content\/uploads\/2022\/08\/SUZANA.jpg",500,333,false],"mantranews-slider-large":["https:\/\/blogopara.com.br\/wp-content\/uploads\/2022\/08\/SUZANA.jpg",500,333,false],"mantranews-featured-medium":["https:\/\/blogopara.com.br\/wp-content\/uploads\/2022\/08\/SUZANA-420x307.jpg",420,307,true],"mantranews-featured-long":["https:\/\/blogopara.com.br\/wp-content\/uploads\/2022\/08\/SUZANA-300x333.jpg",300,333,true],"mantranews-block-medium":["https:\/\/blogopara.com.br\/wp-content\/uploads\/2022\/08\/SUZANA-464x290.jpg",464,290,true],"mantranews-carousel-image":["https:\/\/blogopara.com.br\/wp-content\/uploads\/2022\/08\/SUZANA.jpg",500,333,false],"mantranews-block-thumb":["https:\/\/blogopara.com.br\/wp-content\/uploads\/2022\/08\/SUZANA-322x230.jpg",322,230,true],"mantranews-single-large":["https:\/\/blogopara.com.br\/wp-content\/uploads\/2022\/08\/SUZANA.jpg",500,333,false]},"uagb_author_info":{"display_name":"Reda\u00e7\u00e3o geral","author_link":"https:\/\/blogopara.com.br\/index.php\/author\/blogopara"},"uagb_comment_info":0,"uagb_excerpt":"A prefeita Suzana Ramos recebeu na manh\u00e3 desta ter\u00e7a-feira (16), o coordenador da Defensoria P\u00fablica Regional em Juazeiro, Andr\u00e9 Lima Cerqueira, e o juiz da Vara da Inf\u00e2ncia, Francisco Pereira, para ampliar o di\u00e1logo institucional sobre o projeto \u2018Fam\u00edlia Acolhedora\u2019 que visa promover o fortalecimento da rede de prote\u00e7\u00e3o \u00e0s crian\u00e7as e adolescentes, atrav\u00e9s de&hellip;","jetpack_sharing_enabled":true,"jetpack_likes_enabled":true,"_links":{"self":[{"href":"https:\/\/blogopara.com.br\/index.php\/wp-json\/wp\/v2\/posts\/41038","targetHints":{"allow":["GET"]}}],"collection":[{"href":"https:\/\/blogopara.com.br\/index.php\/wp-json\/wp\/v2\/posts"}],"about":[{"href":"https:\/\/blogopara.com.br\/index.php\/wp-json\/wp\/v2\/types\/post"}],"author":[{"embeddable":true,"href":"https:\/\/blogopara.com.br\/index.php\/wp-json\/wp\/v2\/users\/1"}],"replies":[{"embeddable":true,"href":"https:\/\/blogopara.com.br\/index.php\/wp-json\/wp\/v2\/comments?post=41038"}],"version-history":[{"count":1,"href":"https:\/\/blogopara.com.br\/index.php\/wp-json\/wp\/v2\/posts\/41038\/revisions"}],"predecessor-version":[{"id":41040,"href":"https:\/\/blogopara.com.br\/index.php\/wp-json\/wp\/v2\/posts\/41038\/revisions\/41040"}],"wp:featuredmedia":[{"embeddable":true,"href":"https:\/\/blogopara.com.br\/index.php\/wp-json\/wp\/v2\/media\/41039"}],"wp:attachment":[{"href":"https:\/\/blogopara.com.br\/index.php\/wp-json\/wp\/v2\/media?parent=41038"}],"wp:term":[{"taxonomy":"category","embeddable":true,"href":"https:\/\/blogopara.com.br\/index.php\/wp-json\/wp\/v2\/categories?post=41038"},{"taxonomy":"post_tag","embeddable":true,"href":"https:\/\/blogopara.com.br\/index.php\/wp-json\/wp\/v2\/tags?post=41038"}],"curies":[{"name":"wp","href":"https:\/\/api.w.org\/{rel}","templated":true}]}}