{"id":4108,"date":"2019-10-21T21:58:24","date_gmt":"2019-10-22T00:58:24","guid":{"rendered":"http:\/\/blogopara.com.br\/?p=4108"},"modified":"2019-10-21T22:09:57","modified_gmt":"2019-10-22T01:09:57","slug":"guarda-civil-municipal-de-juazeiro-participa-da-10a-confraternizacao-da-gcm-de-uaua","status":"publish","type":"post","link":"https:\/\/blogopara.com.br\/index.php\/2019\/10\/21\/guarda-civil-municipal-de-juazeiro-participa-da-10a-confraternizacao-da-gcm-de-uaua","title":{"rendered":"Guarda Civil Municipal de Juazeiro participa da 10\u00aa Confraterniza\u00e7\u00e3o da GCM de Uau\u00e1"},"content":{"rendered":"<p style=\"text-align: justify;\">No dia 10 de Outubro foi comemorado o dia Nacional das Guardas Municipais, na data a GCM de Juazeiro realizou um evento festivo na sua sede e o segundo momento no clube do Sinserp.<br \/>\nNa manh\u00e3 de domingo (20) a GCM de Uau\u00e1, no norte da Bahia, em comemora\u00e7\u00e3o ao seu dia realizou a 10\u00aa Confraterniza\u00e7\u00e3o dos Guardas Municipais e o VII Festival Esportivo.<br \/>\nNa programa\u00e7\u00e3o teve caf\u00e9 da manh\u00e3; torneio de sinuca, domin\u00f3, tiro ao alvo, tot\u00f3 e t\u00eanis de mesa; amistoso entre a GCM de Juazeiro X&nbsp; GCM de Uau\u00e1; finalizando com feijoada e show ao vivo.<br \/>\nO Subinspetor da GCM de Juazeiro, Marcos Roberto, pontuou que essa aproxima\u00e7\u00e3o \u00e9 boa para tanto para as institui\u00e7\u00f5es quanto para os munic\u00edpios, &#8220;iImportante essa intera\u00e7\u00e3o entre as institui\u00e7\u00f5es, essa troca de experi\u00eancia no que se refere a seguran\u00e7a p\u00fablica. N\u00f3s da GCM de Juazeiro vamos realizar momentos como esse tanto com a GCM de Uau\u00e1 recepcionando-os em nossa casa quanto as demais da regi\u00e3o norte da Bahia e do sert\u00e3o pernambucano&#8221;.<br \/>\nCada ano nas confraterniza\u00e7\u00f5es do dia das Guardas Municipais a GCM de Uau\u00e1 convida uma co-irm\u00e3 e dessa vez foi a GCM de Juazeiro, Edilson Menezes comandante da GCM de Uau\u00e1 agradeceu a presen\u00e7a da Guarda de Juazeiro, avaliando como positivo a 10\u00aa confraterniza\u00e7\u00e3o da institui\u00e7\u00e3o, &#8220;Gra\u00e7as a Deus mais uma vez reunimos familiares e amigos para comemorar essa data, e dessa vez tivemos a participa\u00e7\u00e3o dos irm\u00e3os da GCM de Juazeiro que abrilhantaram ainda mais nossa festa, realmente precisamos estreitar mais essa rela\u00e7\u00e3o entre as institui\u00e7\u00f5es&#8221; enfatizou.<\/p>\n<pre>Fonte: Grupo Not\u00edcias do Vale<\/pre>\n","protected":false},"excerpt":{"rendered":"<p>No dia 10 de Outubro foi comemorado o dia Nacional das Guardas Municipais, na data a GCM de Juazeiro realizou um evento festivo na sua sede e o segundo momento no clube do Sinserp. Na manh\u00e3 de domingo (20) a GCM de Uau\u00e1, no norte da Bahia, em comemora\u00e7\u00e3o ao seu dia realizou a 10\u00aa [&hellip;]<\/p>\n","protected":false},"author":1,"featured_media":4112,"comment_status":"open","ping_status":"open","sticky":false,"template":"","format":"standard","meta":{"_uag_custom_page_level_css":"","_monsterinsights_skip_tracking":false,"_monsterinsights_sitenote_active":false,"_monsterinsights_sitenote_note":"","_monsterinsights_sitenote_category":0,"jetpack_post_was_ever_published":false,"_jetpack_newsletter_access":"","_jetpack_dont_email_post_to_subs":false,"_jetpack_newsletter_tier_id":0,"_jetpack_memberships_contains_paywalled_content":false,"_jetpack_memberships_contains_paid_content":false,"footnotes":"","jetpack_publicize_message":"","jetpack_publicize_feature_enabled":true,"jetpack_social_post_already_shared":true,"jetpack_social_options":{"image_generator_settings":{"template":"highway","default_image_id":0,"font":"","enabled":false},"version":2}},"categories":[203],"tags":[1001,999,1000],"class_list":["post-4108","post","type-post","status-publish","format-standard","has-post-thumbnail","hentry","category-juazeiro","tag-confraternizacao","tag-gmc","tag-uaua"],"jetpack_publicize_connections":[],"jetpack_featured_media_url":"https:\/\/blogopara.com.br\/wp-content\/uploads\/2019\/10\/DIFEREN\u00c7AS-E-SEMELHAN\u00c7AS-PAULO-BOMFIM-E-BOLSONARO-6.jpg","uagb_featured_image_src":{"full":["https:\/\/blogopara.com.br\/wp-content\/uploads\/2019\/10\/DIFEREN\u00c7AS-E-SEMELHAN\u00c7AS-PAULO-BOMFIM-E-BOLSONARO-6.jpg",1080,1080,false],"thumbnail":["https:\/\/blogopara.com.br\/wp-content\/uploads\/2019\/10\/DIFEREN\u00c7AS-E-SEMELHAN\u00c7AS-PAULO-BOMFIM-E-BOLSONARO-6-150x150.jpg",150,150,true],"medium":["https:\/\/blogopara.com.br\/wp-content\/uploads\/2019\/10\/DIFEREN\u00c7AS-E-SEMELHAN\u00c7AS-PAULO-BOMFIM-E-BOLSONARO-6-300x300.jpg",300,300,true],"medium_large":["https:\/\/blogopara.com.br\/wp-content\/uploads\/2019\/10\/DIFEREN\u00c7AS-E-SEMELHAN\u00c7AS-PAULO-BOMFIM-E-BOLSONARO-6-768x768.jpg",640,640,true],"large":["https:\/\/blogopara.com.br\/wp-content\/uploads\/2019\/10\/DIFEREN\u00c7AS-E-SEMELHAN\u00c7AS-PAULO-BOMFIM-E-BOLSONARO-6-1024x1024.jpg",640,640,true],"1536x1536":["https:\/\/blogopara.com.br\/wp-content\/uploads\/2019\/10\/DIFEREN\u00c7AS-E-SEMELHAN\u00c7AS-PAULO-BOMFIM-E-BOLSONARO-6.jpg",1080,1080,false],"2048x2048":["https:\/\/blogopara.com.br\/wp-content\/uploads\/2019\/10\/DIFEREN\u00c7AS-E-SEMELHAN\u00c7AS-PAULO-BOMFIM-E-BOLSONARO-6.jpg",1080,1080,false],"mantranews-slider-large":["https:\/\/blogopara.com.br\/wp-content\/uploads\/2019\/10\/DIFEREN\u00c7AS-E-SEMELHAN\u00c7AS-PAULO-BOMFIM-E-BOLSONARO-6.jpg",741,741,false],"mantranews-featured-medium":["https:\/\/blogopara.com.br\/wp-content\/uploads\/2019\/10\/DIFEREN\u00c7AS-E-SEMELHAN\u00c7AS-PAULO-BOMFIM-E-BOLSONARO-6.jpg",307,307,false],"mantranews-featured-long":["https:\/\/blogopara.com.br\/wp-content\/uploads\/2019\/10\/DIFEREN\u00c7AS-E-SEMELHAN\u00c7AS-PAULO-BOMFIM-E-BOLSONARO-6.jpg",300,300,false],"mantranews-block-medium":["https:\/\/blogopara.com.br\/wp-content\/uploads\/2019\/10\/DIFEREN\u00c7AS-E-SEMELHAN\u00c7AS-PAULO-BOMFIM-E-BOLSONARO-6.jpg",290,290,false],"mantranews-carousel-image":["https:\/\/blogopara.com.br\/wp-content\/uploads\/2019\/10\/DIFEREN\u00c7AS-E-SEMELHAN\u00c7AS-PAULO-BOMFIM-E-BOLSONARO-6.jpg",500,500,false],"mantranews-block-thumb":["https:\/\/blogopara.com.br\/wp-content\/uploads\/2019\/10\/DIFEREN\u00c7AS-E-SEMELHAN\u00c7AS-PAULO-BOMFIM-E-BOLSONARO-6.jpg",230,230,false],"mantranews-single-large":["https:\/\/blogopara.com.br\/wp-content\/uploads\/2019\/10\/DIFEREN\u00c7AS-E-SEMELHAN\u00c7AS-PAULO-BOMFIM-E-BOLSONARO-6.jpg",642,642,false]},"uagb_author_info":{"display_name":"Reda\u00e7\u00e3o geral","author_link":"https:\/\/blogopara.com.br\/index.php\/author\/blogopara"},"uagb_comment_info":0,"uagb_excerpt":"No dia 10 de Outubro foi comemorado o dia Nacional das Guardas Municipais, na data a GCM de Juazeiro realizou um evento festivo na sua sede e o segundo momento no clube do Sinserp. Na manh\u00e3 de domingo (20) a GCM de Uau\u00e1, no norte da Bahia, em comemora\u00e7\u00e3o ao seu dia realizou a 10\u00aa&hellip;","jetpack_sharing_enabled":true,"jetpack_likes_enabled":true,"_links":{"self":[{"href":"https:\/\/blogopara.com.br\/index.php\/wp-json\/wp\/v2\/posts\/4108","targetHints":{"allow":["GET"]}}],"collection":[{"href":"https:\/\/blogopara.com.br\/index.php\/wp-json\/wp\/v2\/posts"}],"about":[{"href":"https:\/\/blogopara.com.br\/index.php\/wp-json\/wp\/v2\/types\/post"}],"author":[{"embeddable":true,"href":"https:\/\/blogopara.com.br\/index.php\/wp-json\/wp\/v2\/users\/1"}],"replies":[{"embeddable":true,"href":"https:\/\/blogopara.com.br\/index.php\/wp-json\/wp\/v2\/comments?post=4108"}],"version-history":[{"count":2,"href":"https:\/\/blogopara.com.br\/index.php\/wp-json\/wp\/v2\/posts\/4108\/revisions"}],"predecessor-version":[{"id":4111,"href":"https:\/\/blogopara.com.br\/index.php\/wp-json\/wp\/v2\/posts\/4108\/revisions\/4111"}],"wp:featuredmedia":[{"embeddable":true,"href":"https:\/\/blogopara.com.br\/index.php\/wp-json\/wp\/v2\/media\/4112"}],"wp:attachment":[{"href":"https:\/\/blogopara.com.br\/index.php\/wp-json\/wp\/v2\/media?parent=4108"}],"wp:term":[{"taxonomy":"category","embeddable":true,"href":"https:\/\/blogopara.com.br\/index.php\/wp-json\/wp\/v2\/categories?post=4108"},{"taxonomy":"post_tag","embeddable":true,"href":"https:\/\/blogopara.com.br\/index.php\/wp-json\/wp\/v2\/tags?post=4108"}],"curies":[{"name":"wp","href":"https:\/\/api.w.org\/{rel}","templated":true}]}}