{"id":41103,"date":"2022-08-18T17:50:00","date_gmt":"2022-08-18T20:50:00","guid":{"rendered":"https:\/\/blogopara.com.br\/?p=41103"},"modified":"2022-08-17T22:05:07","modified_gmt":"2022-08-18T01:05:07","slug":"partidos-de-esquerda-reduzem-candidaturas-a-camara-dos-deputados","status":"publish","type":"post","link":"https:\/\/blogopara.com.br\/index.php\/2022\/08\/18\/partidos-de-esquerda-reduzem-candidaturas-a-camara-dos-deputados","title":{"rendered":"Partidos de esquerda reduzem candidaturas \u00e0 C\u00e2mara dos Deputados"},"content":{"rendered":"<p style=\"text-align: justify;\">Os partidos de esquerda optaram por uma estrat\u00e9gia de reduzir o n\u00famero de candidaturas \u00e0 C\u00e2mara dos Deputados nas elei\u00e7\u00f5es deste ano, entre eles Rede, Psol, PV e PCdoB. O PT tamb\u00e9m reduziu levemente o n\u00famero de candidatos e ter\u00e1 menos do que outros partidos de esquerda, PDT e PSB, que ganharam candidatos.<\/p>\n<p style=\"text-align: justify;\">Na outra ponta, PTB, PP e PL s\u00e3o os partidos que mais lan\u00e7aram candidaturas apresentando mais do que tr\u00eas vezes o n\u00famero da elei\u00e7\u00e3o passada. Outros partidos de centro quase que dobraram o n\u00famero de candidatos: Solidariedade, PSC, PSD e Republicanos.<\/p>\n<p style=\"text-align: justify;\">O quadro eleitoral reflete em parte as mudan\u00e7as no sistema partid\u00e1rio desde a elei\u00e7\u00e3o passada. Dois dos partidos que mais cresceram, o PP e o PL, tamb\u00e9m tiveram um aumento significativo de deputados em exerc\u00edcio. O PL, que contava com 33 deputados na data da posse, em 2019, atualmente det\u00e9m a maior bancada, com 77 parlamentares \u2013 uma diferen\u00e7a de 44. J\u00e1 o PP ganhou 20 deputados, passando de 38 para os atuais 58.<\/p>\n<p style=\"text-align: justify;\">O PSD (hoje com 47 parlamentares) e o Republicanos (com 44) tamb\u00e9m aumentaram o n\u00famero de representantes ao longo desta legislatura. As exce\u00e7\u00f5es nessa lista s\u00e3o o PTB e o Solidariedade, que perderam deputados na compara\u00e7\u00e3o com a data da posse.<\/p>\n<p style=\"text-align: justify;\"><b>Incorpora\u00e7\u00f5es e fus\u00f5es<\/b><\/p>\n<p style=\"text-align: justify;\">Outro fator para se considerar com rela\u00e7\u00e3o ao n\u00famero de candidatos s\u00e3o as fus\u00f5es e incorpora\u00e7\u00f5es de partidos. Desde a elei\u00e7\u00e3o passada, o n\u00famero de legendas na disputa foi reduzido de 35 para 32. O Patriota incorporou o PRP, o PCdoB incorporou o PPL, Podemos incorporou o PHS, e Uni\u00e3o \u00e9 a fus\u00e3o do DEM e PL.<\/p>\n<div id=\"dp-v-par2\" class=\"jba\" data-google-query-id=\"CMDkv7uXz_kCFbwbuQYdhJMO3A\">\n<p style=\"text-align: justify;\">Legendas nessa situa\u00e7\u00e3o tiveram que reduzir o n\u00famero de candidatos por causa das novas regras eleitorais. Nesta elei\u00e7\u00e3o, o n\u00famero m\u00e1ximo de candidatos ao Legislativo foi limitado ao n\u00famero de vagas no estado + 1.<\/p>\n<p style=\"text-align: justify;\"><b>Regras<\/b><\/p>\n<p style=\"text-align: justify;\">Outras mudan\u00e7as nas regras eleitorais influenciaram as estrat\u00e9gias dos partidos. Esta ser\u00e1 a primeira elei\u00e7\u00e3o para C\u00e2mara dos Deputados sem coliga\u00e7\u00f5es, o que dificulta as chances de partidos menores elegerem candidatos.<\/p>\n<p style=\"text-align: justify;\">Para se adaptarem a essa novidade, sete legendas se integraram para formar tr\u00eas federa\u00e7\u00f5es partid\u00e1rias: PT-PCdoB-PV, PSDB-Cidadania e Psol-Rede. Enquanto as coliga\u00e7\u00f5es tinham uma natureza apenas eleitoral e tempor\u00e1ria, as federa\u00e7\u00f5es v\u00e3o durar at\u00e9 o fim do mandato dos candidatos.\u00a0<\/p>\n<p style=\"text-align: justify;\">Tamb\u00e9m aumentou o n\u00famero necess\u00e1rio para alcan\u00e7ar a cl\u00e1usula de barreira, um pr\u00e9-requisito para ter acesso ao Fundo Partid\u00e1rio e \u00e0 propaganda no r\u00e1dio e na TV.<\/p>\n<\/div>\n\n\n<p>A Tarde<\/p>\n","protected":false},"excerpt":{"rendered":"<p>Os partidos de esquerda optaram por uma estrat\u00e9gia de reduzir o n\u00famero de candidaturas \u00e0 C\u00e2mara dos Deputados nas elei\u00e7\u00f5es deste ano, entre eles Rede, Psol, PV e PCdoB. O PT tamb\u00e9m reduziu levemente o n\u00famero de candidatos e ter\u00e1 menos do que outros partidos de esquerda, PDT e PSB, que ganharam candidatos. Na outra [&hellip;]<\/p>\n","protected":false},"author":1,"featured_media":41104,"comment_status":"closed","ping_status":"open","sticky":false,"template":"","format":"standard","meta":{"_uag_custom_page_level_css":"","_monsterinsights_skip_tracking":false,"_monsterinsights_sitenote_active":false,"_monsterinsights_sitenote_note":"","_monsterinsights_sitenote_category":0,"jetpack_post_was_ever_published":false,"_jetpack_newsletter_access":"","_jetpack_dont_email_post_to_subs":false,"_jetpack_newsletter_tier_id":0,"_jetpack_memberships_contains_paywalled_content":false,"_jetpack_memberships_contains_paid_content":false,"footnotes":"","jetpack_publicize_message":"","jetpack_publicize_feature_enabled":true,"jetpack_social_post_already_shared":true,"jetpack_social_options":{"image_generator_settings":{"template":"highway","default_image_id":0,"font":"","enabled":false},"version":2}},"categories":[10075],"tags":[],"class_list":["post-41103","post","type-post","status-publish","format-standard","has-post-thumbnail","hentry","category-eleicoes"],"jetpack_publicize_connections":[],"jetpack_featured_media_url":"https:\/\/blogopara.com.br\/wp-content\/uploads\/2022\/08\/partidos.jpg","uagb_featured_image_src":{"full":["https:\/\/blogopara.com.br\/wp-content\/uploads\/2022\/08\/partidos.jpg",500,329,false],"thumbnail":["https:\/\/blogopara.com.br\/wp-content\/uploads\/2022\/08\/partidos-150x150.jpg",150,150,true],"medium":["https:\/\/blogopara.com.br\/wp-content\/uploads\/2022\/08\/partidos-300x197.jpg",300,197,true],"medium_large":["https:\/\/blogopara.com.br\/wp-content\/uploads\/2022\/08\/partidos.jpg",500,329,false],"large":["https:\/\/blogopara.com.br\/wp-content\/uploads\/2022\/08\/partidos.jpg",500,329,false],"1536x1536":["https:\/\/blogopara.com.br\/wp-content\/uploads\/2022\/08\/partidos.jpg",500,329,false],"2048x2048":["https:\/\/blogopara.com.br\/wp-content\/uploads\/2022\/08\/partidos.jpg",500,329,false],"mantranews-slider-large":["https:\/\/blogopara.com.br\/wp-content\/uploads\/2022\/08\/partidos.jpg",500,329,false],"mantranews-featured-medium":["https:\/\/blogopara.com.br\/wp-content\/uploads\/2022\/08\/partidos-420x307.jpg",420,307,true],"mantranews-featured-long":["https:\/\/blogopara.com.br\/wp-content\/uploads\/2022\/08\/partidos-300x329.jpg",300,329,true],"mantranews-block-medium":["https:\/\/blogopara.com.br\/wp-content\/uploads\/2022\/08\/partidos-464x290.jpg",464,290,true],"mantranews-carousel-image":["https:\/\/blogopara.com.br\/wp-content\/uploads\/2022\/08\/partidos.jpg",500,329,false],"mantranews-block-thumb":["https:\/\/blogopara.com.br\/wp-content\/uploads\/2022\/08\/partidos-322x230.jpg",322,230,true],"mantranews-single-large":["https:\/\/blogopara.com.br\/wp-content\/uploads\/2022\/08\/partidos.jpg",500,329,false]},"uagb_author_info":{"display_name":"Reda\u00e7\u00e3o geral","author_link":"https:\/\/blogopara.com.br\/index.php\/author\/blogopara"},"uagb_comment_info":0,"uagb_excerpt":"Os partidos de esquerda optaram por uma estrat\u00e9gia de reduzir o n\u00famero de candidaturas \u00e0 C\u00e2mara dos Deputados nas elei\u00e7\u00f5es deste ano, entre eles Rede, Psol, PV e PCdoB. O PT tamb\u00e9m reduziu levemente o n\u00famero de candidatos e ter\u00e1 menos do que outros partidos de esquerda, PDT e PSB, que ganharam candidatos. Na outra&hellip;","jetpack_sharing_enabled":true,"jetpack_likes_enabled":true,"_links":{"self":[{"href":"https:\/\/blogopara.com.br\/index.php\/wp-json\/wp\/v2\/posts\/41103","targetHints":{"allow":["GET"]}}],"collection":[{"href":"https:\/\/blogopara.com.br\/index.php\/wp-json\/wp\/v2\/posts"}],"about":[{"href":"https:\/\/blogopara.com.br\/index.php\/wp-json\/wp\/v2\/types\/post"}],"author":[{"embeddable":true,"href":"https:\/\/blogopara.com.br\/index.php\/wp-json\/wp\/v2\/users\/1"}],"replies":[{"embeddable":true,"href":"https:\/\/blogopara.com.br\/index.php\/wp-json\/wp\/v2\/comments?post=41103"}],"version-history":[{"count":1,"href":"https:\/\/blogopara.com.br\/index.php\/wp-json\/wp\/v2\/posts\/41103\/revisions"}],"predecessor-version":[{"id":41105,"href":"https:\/\/blogopara.com.br\/index.php\/wp-json\/wp\/v2\/posts\/41103\/revisions\/41105"}],"wp:featuredmedia":[{"embeddable":true,"href":"https:\/\/blogopara.com.br\/index.php\/wp-json\/wp\/v2\/media\/41104"}],"wp:attachment":[{"href":"https:\/\/blogopara.com.br\/index.php\/wp-json\/wp\/v2\/media?parent=41103"}],"wp:term":[{"taxonomy":"category","embeddable":true,"href":"https:\/\/blogopara.com.br\/index.php\/wp-json\/wp\/v2\/categories?post=41103"},{"taxonomy":"post_tag","embeddable":true,"href":"https:\/\/blogopara.com.br\/index.php\/wp-json\/wp\/v2\/tags?post=41103"}],"curies":[{"name":"wp","href":"https:\/\/api.w.org\/{rel}","templated":true}]}}