{"id":41109,"date":"2022-08-21T08:07:00","date_gmt":"2022-08-21T11:07:00","guid":{"rendered":"https:\/\/blogopara.com.br\/?p=41109"},"modified":"2022-08-18T08:16:37","modified_gmt":"2022-08-18T11:16:37","slug":"o-espirito-do-voto-util-vai-abater-quem-na-campanha-estadual-baiana-por-raul-monteiro","status":"publish","type":"post","link":"https:\/\/blogopara.com.br\/index.php\/2022\/08\/21\/o-espirito-do-voto-util-vai-abater-quem-na-campanha-estadual-baiana-por-raul-monteiro","title":{"rendered":"O esp\u00edrito do voto \u00fatil vai abater quem na campanha estadual baiana?, por Raul Monteiro*"},"content":{"rendered":"<p style=\"text-align: justify;\">Aposta velada do PT para ajudar a levar a disputa para o segundo turno na Bahia, a candidatura de Jo\u00e3o Roma (PL) ao governo n\u00e3o tem demonstrado f\u00f4lego suficiente para atingir a pr\u00f3pria meta nem atender ao desejo do grupo advers\u00e1rio, como ele, do favorito ACM Neto (Uni\u00e3o Brasil). Se fi\u00e9is \u00e0 realidade, as pesquisas est\u00e3o a\u00ed para mostrar o que acontece de fato, neste momento de in\u00edcio oficial da campanha, na cabe\u00e7a do eleitor baiano. Apesar de uma ligeira melhora nos \u00edndices de aprova\u00e7\u00e3o do presidente Jair Bolsonaro (PL), marcado por uma rejei\u00e7\u00e3o assustadora na Bahia, seu \u2018the one and only\u201d representante no Estado n\u00e3o avan\u00e7a.<\/p>\n<p style=\"text-align: justify;\">\u00c9 claro que o candidato do PL espera melhorar a performance com o in\u00edcio do hor\u00e1rio eleitoral, no qual, como seu comportamento tem sinalizado at\u00e9 aqui, seu alvo ser\u00e1, preferencialmente, ACM Neto. O tempo relativamente curto do espa\u00e7o, proporcional \u00e0 extens\u00e3o da campanha como um todo, al\u00e9m do baixo n\u00edvel de exposi\u00e7\u00e3o a que ter\u00e1 direito, no entanto, n\u00e3o dever\u00e3o ser bons companheiros de seu esfor\u00e7o. Conforme as \u00faltimas sondagens tornadas p\u00fablicas at\u00e9 aqui, o eleitor n\u00e3o conhece nem parece querer se deixar seduzir pelos olhos azuis do candidato bolsonarista, muito menos pelo seu mal-disfar\u00e7ado sotaque pernambucano, o que n\u00e3o \u00e9 preconceito.<\/p>\n<p style=\"text-align: justify;\">A dia de hoje, ainda que seus \u00edndices possam registrar uma melhora com o in\u00edcio da propaganda pol\u00edtica, Roma \u00e9 forte candidato a virar suco, principalmente, na etapa final da campanha. Os progn\u00f3sticos mais razo\u00e1veis s\u00e3o de que venha a se tornar uma ilustre v\u00edtima do esp\u00edrito do voto \u00fatil, do qual o eleitor tradicionalmente lan\u00e7a m\u00e3o quando sente que seu candidato n\u00e3o consegue abrir a porta, deslocando sabidamente a aposta para aquele que apresenta mais chances de vencer ou bater a candidatura que considera uma amea\u00e7a a seus interesses. O estouro da manada em rela\u00e7\u00e3o a Roma pode, sim, vir a ser protagonizado pelos bolsonaristas.<\/p>\n<p style=\"text-align: justify;\">Mas o mais prov\u00e1vel \u00e9 que encontre nos anti-petistas racionais que por enquanto ainda orbitam no seu entorno seus principais atores, todos desejosos de impedir que o PT, guindado \u00e0 condi\u00e7\u00e3o de inimigo maior em suas cabe\u00e7as e cora\u00e7\u00f5es, tenha condi\u00e7\u00f5es de garantir a manuten\u00e7\u00e3o de um poder que j\u00e1 exerce h\u00e1 16 anos no Estado. Se o fantasma do voto \u00fatil ronda Roma e o movimento pode vir a ser estimulado, inclusive, por ACM Neto, caso assim julgue necess\u00e1rio e no momento em que achar conveniente, o ex-prefeito de Salvador tamb\u00e9m vem sendo ajudado no processo sucess\u00f3rio junto ao tradicional eleitor de direita pela imagem forte do av\u00f4, o ex-governador ACM.<\/p>\n<p style=\"text-align: justify;\">O fen\u00f4meno \u00e9 muito forte sobretudo no interior, como relatam os deputados e candidatos que com ele se deslocam em busca de votos, assim como tamb\u00e9m emerge aqui e ali na capital. Nos rinc\u00f5es da imensa Bahia, para o bem e para o mal, o conservadorismo que se expressa na pol\u00edtica tem mais a ver com a hist\u00f3ria do velho ACM, as refer\u00eancias e o legado que deixou do que com a abordagem oportunista que dele faz o bolsonarismo. \u00c9 diferente do que ocorre em Salvador, em que o apelo sobre Neto vem do choque de gest\u00e3o que aplicou na capital baiana, onde consolidou a imagem de que pol\u00edtica e administra\u00e7\u00e3o n\u00e3o se separam, o que reverbera em todo lugar.<\/p>\n","protected":false},"excerpt":{"rendered":"<p>Aposta velada do PT para ajudar a levar a disputa para o segundo turno na Bahia, a candidatura de Jo\u00e3o Roma (PL) ao governo n\u00e3o tem demonstrado f\u00f4lego suficiente para atingir a pr\u00f3pria meta nem atender ao desejo do grupo advers\u00e1rio, como ele, do favorito ACM Neto (Uni\u00e3o Brasil). Se fi\u00e9is \u00e0 realidade, as pesquisas [&hellip;]<\/p>\n","protected":false},"author":1,"featured_media":41110,"comment_status":"closed","ping_status":"open","sticky":false,"template":"","format":"standard","meta":{"_uag_custom_page_level_css":"","_monsterinsights_skip_tracking":false,"_monsterinsights_sitenote_active":false,"_monsterinsights_sitenote_note":"","_monsterinsights_sitenote_category":0,"jetpack_post_was_ever_published":false,"_jetpack_newsletter_access":"","_jetpack_dont_email_post_to_subs":false,"_jetpack_newsletter_tier_id":0,"_jetpack_memberships_contains_paywalled_content":false,"_jetpack_memberships_contains_paid_content":false,"footnotes":"","jetpack_publicize_message":"","jetpack_publicize_feature_enabled":true,"jetpack_social_post_already_shared":true,"jetpack_social_options":{"image_generator_settings":{"template":"highway","default_image_id":0,"font":"","enabled":false},"version":2}},"categories":[199,197],"tags":[],"class_list":["post-41109","post","type-post","status-publish","format-standard","has-post-thumbnail","hentry","category-bahia","category-politica"],"jetpack_publicize_connections":[],"jetpack_featured_media_url":"https:\/\/blogopara.com.br\/wp-content\/uploads\/2022\/08\/a-partir-do-alto-a-esq-em-sentido-horario-joao-roma-pl-acm-neto-uniao-brasil-jeronimo-rodrigues-pt-e-kleber-rosa-psol-pre-candidatos-ao-governo-da-bahia-1653053146390_v2_4x3.jpg","uagb_featured_image_src":{"full":["https:\/\/blogopara.com.br\/wp-content\/uploads\/2022\/08\/a-partir-do-alto-a-esq-em-sentido-horario-joao-roma-pl-acm-neto-uniao-brasil-jeronimo-rodrigues-pt-e-kleber-rosa-psol-pre-candidatos-ao-governo-da-bahia-1653053146390_v2_4x3.jpg",500,375,false],"thumbnail":["https:\/\/blogopara.com.br\/wp-content\/uploads\/2022\/08\/a-partir-do-alto-a-esq-em-sentido-horario-joao-roma-pl-acm-neto-uniao-brasil-jeronimo-rodrigues-pt-e-kleber-rosa-psol-pre-candidatos-ao-governo-da-bahia-1653053146390_v2_4x3-150x150.jpg",150,150,true],"medium":["https:\/\/blogopara.com.br\/wp-content\/uploads\/2022\/08\/a-partir-do-alto-a-esq-em-sentido-horario-joao-roma-pl-acm-neto-uniao-brasil-jeronimo-rodrigues-pt-e-kleber-rosa-psol-pre-candidatos-ao-governo-da-bahia-1653053146390_v2_4x3-300x225.jpg",300,225,true],"medium_large":["https:\/\/blogopara.com.br\/wp-content\/uploads\/2022\/08\/a-partir-do-alto-a-esq-em-sentido-horario-joao-roma-pl-acm-neto-uniao-brasil-jeronimo-rodrigues-pt-e-kleber-rosa-psol-pre-candidatos-ao-governo-da-bahia-1653053146390_v2_4x3.jpg",500,375,false],"large":["https:\/\/blogopara.com.br\/wp-content\/uploads\/2022\/08\/a-partir-do-alto-a-esq-em-sentido-horario-joao-roma-pl-acm-neto-uniao-brasil-jeronimo-rodrigues-pt-e-kleber-rosa-psol-pre-candidatos-ao-governo-da-bahia-1653053146390_v2_4x3.jpg",500,375,false],"1536x1536":["https:\/\/blogopara.com.br\/wp-content\/uploads\/2022\/08\/a-partir-do-alto-a-esq-em-sentido-horario-joao-roma-pl-acm-neto-uniao-brasil-jeronimo-rodrigues-pt-e-kleber-rosa-psol-pre-candidatos-ao-governo-da-bahia-1653053146390_v2_4x3.jpg",500,375,false],"2048x2048":["https:\/\/blogopara.com.br\/wp-content\/uploads\/2022\/08\/a-partir-do-alto-a-esq-em-sentido-horario-joao-roma-pl-acm-neto-uniao-brasil-jeronimo-rodrigues-pt-e-kleber-rosa-psol-pre-candidatos-ao-governo-da-bahia-1653053146390_v2_4x3.jpg",500,375,false],"mantranews-slider-large":["https:\/\/blogopara.com.br\/wp-content\/uploads\/2022\/08\/a-partir-do-alto-a-esq-em-sentido-horario-joao-roma-pl-acm-neto-uniao-brasil-jeronimo-rodrigues-pt-e-kleber-rosa-psol-pre-candidatos-ao-governo-da-bahia-1653053146390_v2_4x3.jpg",500,375,false],"mantranews-featured-medium":["https:\/\/blogopara.com.br\/wp-content\/uploads\/2022\/08\/a-partir-do-alto-a-esq-em-sentido-horario-joao-roma-pl-acm-neto-uniao-brasil-jeronimo-rodrigues-pt-e-kleber-rosa-psol-pre-candidatos-ao-governo-da-bahia-1653053146390_v2_4x3-420x307.jpg",420,307,true],"mantranews-featured-long":["https:\/\/blogopara.com.br\/wp-content\/uploads\/2022\/08\/a-partir-do-alto-a-esq-em-sentido-horario-joao-roma-pl-acm-neto-uniao-brasil-jeronimo-rodrigues-pt-e-kleber-rosa-psol-pre-candidatos-ao-governo-da-bahia-1653053146390_v2_4x3-300x375.jpg",300,375,true],"mantranews-block-medium":["https:\/\/blogopara.com.br\/wp-content\/uploads\/2022\/08\/a-partir-do-alto-a-esq-em-sentido-horario-joao-roma-pl-acm-neto-uniao-brasil-jeronimo-rodrigues-pt-e-kleber-rosa-psol-pre-candidatos-ao-governo-da-bahia-1653053146390_v2_4x3-464x290.jpg",464,290,true],"mantranews-carousel-image":["https:\/\/blogopara.com.br\/wp-content\/uploads\/2022\/08\/a-partir-do-alto-a-esq-em-sentido-horario-joao-roma-pl-acm-neto-uniao-brasil-jeronimo-rodrigues-pt-e-kleber-rosa-psol-pre-candidatos-ao-governo-da-bahia-1653053146390_v2_4x3.jpg",500,375,false],"mantranews-block-thumb":["https:\/\/blogopara.com.br\/wp-content\/uploads\/2022\/08\/a-partir-do-alto-a-esq-em-sentido-horario-joao-roma-pl-acm-neto-uniao-brasil-jeronimo-rodrigues-pt-e-kleber-rosa-psol-pre-candidatos-ao-governo-da-bahia-1653053146390_v2_4x3-322x230.jpg",322,230,true],"mantranews-single-large":["https:\/\/blogopara.com.br\/wp-content\/uploads\/2022\/08\/a-partir-do-alto-a-esq-em-sentido-horario-joao-roma-pl-acm-neto-uniao-brasil-jeronimo-rodrigues-pt-e-kleber-rosa-psol-pre-candidatos-ao-governo-da-bahia-1653053146390_v2_4x3.jpg",500,375,false]},"uagb_author_info":{"display_name":"Reda\u00e7\u00e3o geral","author_link":"https:\/\/blogopara.com.br\/index.php\/author\/blogopara"},"uagb_comment_info":0,"uagb_excerpt":"Aposta velada do PT para ajudar a levar a disputa para o segundo turno na Bahia, a candidatura de Jo\u00e3o Roma (PL) ao governo n\u00e3o tem demonstrado f\u00f4lego suficiente para atingir a pr\u00f3pria meta nem atender ao desejo do grupo advers\u00e1rio, como ele, do favorito ACM Neto (Uni\u00e3o Brasil). Se fi\u00e9is \u00e0 realidade, as pesquisas&hellip;","jetpack_sharing_enabled":true,"jetpack_likes_enabled":true,"_links":{"self":[{"href":"https:\/\/blogopara.com.br\/index.php\/wp-json\/wp\/v2\/posts\/41109","targetHints":{"allow":["GET"]}}],"collection":[{"href":"https:\/\/blogopara.com.br\/index.php\/wp-json\/wp\/v2\/posts"}],"about":[{"href":"https:\/\/blogopara.com.br\/index.php\/wp-json\/wp\/v2\/types\/post"}],"author":[{"embeddable":true,"href":"https:\/\/blogopara.com.br\/index.php\/wp-json\/wp\/v2\/users\/1"}],"replies":[{"embeddable":true,"href":"https:\/\/blogopara.com.br\/index.php\/wp-json\/wp\/v2\/comments?post=41109"}],"version-history":[{"count":1,"href":"https:\/\/blogopara.com.br\/index.php\/wp-json\/wp\/v2\/posts\/41109\/revisions"}],"predecessor-version":[{"id":41111,"href":"https:\/\/blogopara.com.br\/index.php\/wp-json\/wp\/v2\/posts\/41109\/revisions\/41111"}],"wp:featuredmedia":[{"embeddable":true,"href":"https:\/\/blogopara.com.br\/index.php\/wp-json\/wp\/v2\/media\/41110"}],"wp:attachment":[{"href":"https:\/\/blogopara.com.br\/index.php\/wp-json\/wp\/v2\/media?parent=41109"}],"wp:term":[{"taxonomy":"category","embeddable":true,"href":"https:\/\/blogopara.com.br\/index.php\/wp-json\/wp\/v2\/categories?post=41109"},{"taxonomy":"post_tag","embeddable":true,"href":"https:\/\/blogopara.com.br\/index.php\/wp-json\/wp\/v2\/tags?post=41109"}],"curies":[{"name":"wp","href":"https:\/\/api.w.org\/{rel}","templated":true}]}}