{"id":41182,"date":"2022-08-20T20:10:00","date_gmt":"2022-08-20T23:10:00","guid":{"rendered":"https:\/\/blogopara.com.br\/?p=41182"},"modified":"2022-08-19T18:29:58","modified_gmt":"2022-08-19T21:29:58","slug":"ministro-do-stf-suspende-decisao-que-tornava-eduardo-cunha-elegivel","status":"publish","type":"post","link":"https:\/\/blogopara.com.br\/index.php\/2022\/08\/20\/ministro-do-stf-suspende-decisao-que-tornava-eduardo-cunha-elegivel","title":{"rendered":"Ministro do STF suspende decis\u00e3o que tornava Eduardo Cunha eleg\u00edvel"},"content":{"rendered":"<p style=\"text-align: justify;\">O presidente do Supremo Tribunal Federal, ministro Luiz Fux, suspendeu a decis\u00e3o do Tribunal Regional Federal da 1\u00aa Regi\u00e3o (TRF-1) que havia \u201cafastado a inelegibilidade\u201d do ex-presidente da C\u00e2mara dos Deputados Eduardo Cunha. Com isso, o ex-deputado n\u00e3o poder\u00e1 se candidatar nas pr\u00f3ximas elei\u00e7\u00f5es.<\/p>\n<p style=\"text-align: justify;\">A decis\u00e3o de Fux decorre do acolhimento de um pedido feito pela Procuradoria-Geral da Rep\u00fablica, ap\u00f3s a defesa de Cunha ter conseguido, junto ao TRF-1, decis\u00e3o de antecipa\u00e7\u00e3o de tutela para suspens\u00e3o dos efeitos da inelegibilidade.<\/p>\n<p style=\"text-align: justify;\">Cunha teve seu mandato cassado pela C\u00e2mara dos Deputados em 2016 por quebra de decoro parlamentar, ap\u00f3s den\u00fancias de ter ocultado a exist\u00eancia de contas banc\u00e1rias no exterior, e por ter mentido sobre a exist\u00eancia delas durante depoimento \u00e0 Comiss\u00e3o Parlamentar de Inqu\u00e9rito que investigou a Petrobras.<\/p>\n<p style=\"text-align: justify;\">Diante da decis\u00e3o do TRF, que daria a Cunha o direito de candidatar-se nas elei\u00e7\u00f5es de 2022, a PGR apresentou, ent\u00e3o, uma Suspens\u00e3o de Tutela Provis\u00f3ria (STP), sob o argumento de que a decis\u00e3o do TRF-1 interfere em atos de natureza interna corporis da C\u00e2mara dos Deputados.<\/p>\n<p style=\"text-align: justify;\">Um outro argumento apresentado foi o de que \u201co ajuizamento da a\u00e7\u00e3o por Cunha pr\u00f3ximo \u00e0s elei\u00e7\u00f5es teria sido utilizado para criar um risco artificial de ofensa a seus direitos pol\u00edticos para poder concorrer no pleito\u201d, informou o STF.<\/p>\n<p style=\"text-align: justify;\">Na decis\u00e3o, Fux observou que a decis\u00e3o do TRF-1 foi fundamentada em uma \u201caparente viola\u00e7\u00e3o\u201d a regras do Regimento Interno e do C\u00f3digo de \u00c9tica e Decoro Parlamentar da C\u00e2mara.<\/p>\n<p style=\"text-align: justify;\">O ministro, no entanto, acrescentou que o STF j\u00e1 tem jurisprud\u00eancia sedimentada \u201cno sentido de ser restrito o controle judicial sobre os atos interna corporis do Poder Legislativo, relacionados \u00e0 interpreta\u00e7\u00e3o de regras regimentais\u201d, caso n\u00e3o tenham \u201cparalelo claro e expresso na pr\u00f3pria Constitui\u00e7\u00e3o Federal, sob pena de viola\u00e7\u00e3o ao postulado da separa\u00e7\u00e3o de Poderes\u201d.<\/p>\n\n\n<p>Informe Baiano<\/p>\n","protected":false},"excerpt":{"rendered":"<p>O presidente do Supremo Tribunal Federal, ministro Luiz Fux, suspendeu a decis\u00e3o do Tribunal Regional Federal da 1\u00aa Regi\u00e3o (TRF-1) que havia \u201cafastado a inelegibilidade\u201d do ex-presidente da C\u00e2mara dos Deputados Eduardo Cunha. Com isso, o ex-deputado n\u00e3o poder\u00e1 se candidatar nas pr\u00f3ximas elei\u00e7\u00f5es. A decis\u00e3o de Fux decorre do acolhimento de um pedido feito [&hellip;]<\/p>\n","protected":false},"author":1,"featured_media":41183,"comment_status":"closed","ping_status":"open","sticky":false,"template":"","format":"standard","meta":{"_uag_custom_page_level_css":"","_monsterinsights_skip_tracking":false,"_monsterinsights_sitenote_active":false,"_monsterinsights_sitenote_note":"","_monsterinsights_sitenote_category":0,"jetpack_post_was_ever_published":false,"_jetpack_newsletter_access":"","_jetpack_dont_email_post_to_subs":false,"_jetpack_newsletter_tier_id":0,"_jetpack_memberships_contains_paywalled_content":false,"_jetpack_memberships_contains_paid_content":false,"footnotes":"","jetpack_publicize_message":"","jetpack_publicize_feature_enabled":true,"jetpack_social_post_already_shared":true,"jetpack_social_options":{"image_generator_settings":{"template":"highway","default_image_id":0,"font":"","enabled":false},"version":2}},"categories":[197],"tags":[],"class_list":["post-41182","post","type-post","status-publish","format-standard","has-post-thumbnail","hentry","category-politica"],"jetpack_publicize_connections":[],"jetpack_featured_media_url":"https:\/\/blogopara.com.br\/wp-content\/uploads\/2022\/08\/ec-1.jpg","uagb_featured_image_src":{"full":["https:\/\/blogopara.com.br\/wp-content\/uploads\/2022\/08\/ec-1.jpg",500,298,false],"thumbnail":["https:\/\/blogopara.com.br\/wp-content\/uploads\/2022\/08\/ec-1-150x150.jpg",150,150,true],"medium":["https:\/\/blogopara.com.br\/wp-content\/uploads\/2022\/08\/ec-1-300x179.jpg",300,179,true],"medium_large":["https:\/\/blogopara.com.br\/wp-content\/uploads\/2022\/08\/ec-1.jpg",500,298,false],"large":["https:\/\/blogopara.com.br\/wp-content\/uploads\/2022\/08\/ec-1.jpg",500,298,false],"1536x1536":["https:\/\/blogopara.com.br\/wp-content\/uploads\/2022\/08\/ec-1.jpg",500,298,false],"2048x2048":["https:\/\/blogopara.com.br\/wp-content\/uploads\/2022\/08\/ec-1.jpg",500,298,false],"mantranews-slider-large":["https:\/\/blogopara.com.br\/wp-content\/uploads\/2022\/08\/ec-1.jpg",500,298,false],"mantranews-featured-medium":["https:\/\/blogopara.com.br\/wp-content\/uploads\/2022\/08\/ec-1-420x298.jpg",420,298,true],"mantranews-featured-long":["https:\/\/blogopara.com.br\/wp-content\/uploads\/2022\/08\/ec-1-300x298.jpg",300,298,true],"mantranews-block-medium":["https:\/\/blogopara.com.br\/wp-content\/uploads\/2022\/08\/ec-1-464x290.jpg",464,290,true],"mantranews-carousel-image":["https:\/\/blogopara.com.br\/wp-content\/uploads\/2022\/08\/ec-1.jpg",500,298,false],"mantranews-block-thumb":["https:\/\/blogopara.com.br\/wp-content\/uploads\/2022\/08\/ec-1-322x230.jpg",322,230,true],"mantranews-single-large":["https:\/\/blogopara.com.br\/wp-content\/uploads\/2022\/08\/ec-1.jpg",500,298,false]},"uagb_author_info":{"display_name":"Reda\u00e7\u00e3o geral","author_link":"https:\/\/blogopara.com.br\/index.php\/author\/blogopara"},"uagb_comment_info":0,"uagb_excerpt":"O presidente do Supremo Tribunal Federal, ministro Luiz Fux, suspendeu a decis\u00e3o do Tribunal Regional Federal da 1\u00aa Regi\u00e3o (TRF-1) que havia \u201cafastado a inelegibilidade\u201d do ex-presidente da C\u00e2mara dos Deputados Eduardo Cunha. Com isso, o ex-deputado n\u00e3o poder\u00e1 se candidatar nas pr\u00f3ximas elei\u00e7\u00f5es. A decis\u00e3o de Fux decorre do acolhimento de um pedido feito&hellip;","jetpack_sharing_enabled":true,"jetpack_likes_enabled":true,"_links":{"self":[{"href":"https:\/\/blogopara.com.br\/index.php\/wp-json\/wp\/v2\/posts\/41182","targetHints":{"allow":["GET"]}}],"collection":[{"href":"https:\/\/blogopara.com.br\/index.php\/wp-json\/wp\/v2\/posts"}],"about":[{"href":"https:\/\/blogopara.com.br\/index.php\/wp-json\/wp\/v2\/types\/post"}],"author":[{"embeddable":true,"href":"https:\/\/blogopara.com.br\/index.php\/wp-json\/wp\/v2\/users\/1"}],"replies":[{"embeddable":true,"href":"https:\/\/blogopara.com.br\/index.php\/wp-json\/wp\/v2\/comments?post=41182"}],"version-history":[{"count":1,"href":"https:\/\/blogopara.com.br\/index.php\/wp-json\/wp\/v2\/posts\/41182\/revisions"}],"predecessor-version":[{"id":41184,"href":"https:\/\/blogopara.com.br\/index.php\/wp-json\/wp\/v2\/posts\/41182\/revisions\/41184"}],"wp:featuredmedia":[{"embeddable":true,"href":"https:\/\/blogopara.com.br\/index.php\/wp-json\/wp\/v2\/media\/41183"}],"wp:attachment":[{"href":"https:\/\/blogopara.com.br\/index.php\/wp-json\/wp\/v2\/media?parent=41182"}],"wp:term":[{"taxonomy":"category","embeddable":true,"href":"https:\/\/blogopara.com.br\/index.php\/wp-json\/wp\/v2\/categories?post=41182"},{"taxonomy":"post_tag","embeddable":true,"href":"https:\/\/blogopara.com.br\/index.php\/wp-json\/wp\/v2\/tags?post=41182"}],"curies":[{"name":"wp","href":"https:\/\/api.w.org\/{rel}","templated":true}]}}