{"id":41215,"date":"2022-08-22T07:54:00","date_gmt":"2022-08-22T10:54:00","guid":{"rendered":"https:\/\/blogopara.com.br\/?p=41215"},"modified":"2022-08-21T12:40:59","modified_gmt":"2022-08-21T15:40:59","slug":"stj-veda-atuacao-da-guarda-como-forca-policial-e-limita-hipoteses-de-busca-pessoal","status":"publish","type":"post","link":"https:\/\/blogopara.com.br\/index.php\/2022\/08\/22\/stj-veda-atuacao-da-guarda-como-forca-policial-e-limita-hipoteses-de-busca-pessoal","title":{"rendered":"STJ veda atua\u00e7\u00e3o da guarda como for\u00e7a policial e limita hip\u00f3teses de busca pessoal"},"content":{"rendered":"<p style=\"text-align: justify;\">A 6\u00aa\u00a0Turma do Superior Tribunal de Justi\u00e7a\u00a0refor\u00e7ou o entendimento de que a guarda municipal, por n\u00e3o estar entre os \u00f3rg\u00e3os de seguran\u00e7a p\u00fablica previstos pela Constitui\u00e7\u00e3o Federal, n\u00e3o pode exercer atribui\u00e7\u00f5es das pol\u00edcias civis e militares. Para o colegiado, a sua atua\u00e7\u00e3o deve se limitar \u00e0 prote\u00e7\u00e3o de bens, servi\u00e7os e instala\u00e7\u00f5es do munic\u00edpio.<\/p>\n<p style=\"text-align: justify;\">O colegiado tamb\u00e9m considerou que s\u00f3 em situa\u00e7\u00f5es absolutamente excepcionais a guarda pode realizar a abordagem de pessoas e a busca pessoal, quando a a\u00e7\u00e3o se mostrar diretamente relacionada \u00e0 finalidade da corpora\u00e7\u00e3o.<\/p>\n<p style=\"text-align: justify;\">A tese foi firmada em julgamento de recurso no qual foram declaradas il\u00edcitas as provas colhidas em busca pessoal feita por guardas municipais durante patrulhamento rotineiro. Em consequ\u00eancia, foi anulada a condena\u00e7\u00e3o do r\u00e9u por tr\u00e1fico de drogas.<\/p>\n<p style=\"text-align: justify;\">O relator, ministro Rogerio Schietti Cruz, destacou a import\u00e2ncia de se definir um entendimento da corte sobre o tema, tendo em vista o quadro atual de expans\u00e3o e militariza\u00e7\u00e3o dessas corpora\u00e7\u00f5es.<\/p>\n<p style=\"text-align: justify;\">Segundo explicou, o prop\u00f3sito das guardas municipais vem sendo significativamente desvirtuado na pr\u00e1tica, ao ponto de estarem se equipando com fuzis, armamento de alto poder letal, e alterando sua denomina\u00e7\u00e3o para &#8220;pol\u00edcia municipal&#8221;.<\/p>\n<p style=\"text-align: justify;\">O ministro apontou que o poder constituinte origin\u00e1rio excluiu propositalmente a guarda municipal do rol dos \u00f3rg\u00e3os da seguran\u00e7a p\u00fablica (artigo 144,\u00a0<em>caput<\/em>) e estabeleceu suas atribui\u00e7\u00f5es e seus limites no par\u00e1grafo 8\u00ba do mesmo dispositivo.<\/p>\n<p style=\"text-align: justify;\">Schietti observou que, apesar de estar inserida no mesmo cap\u00edtulo da Constitui\u00e7\u00e3o, a corpora\u00e7\u00e3o tem poderes apenas para proteger bens, servi\u00e7os e instala\u00e7\u00f5es do munic\u00edpio, n\u00e3o possuindo a mesma amplitude de atua\u00e7\u00e3o das pol\u00edcias.<\/p>\n<p style=\"text-align: justify;\">Conforme o ministro, as pol\u00edcias civis e militares est\u00e3o sujeitas a um r\u00edgido controle correcional externo do Minist\u00e9rio P\u00fablico e do Poder Judici\u00e1rio, que \u00e9 uma contrapartida do exerc\u00edcio da for\u00e7a p\u00fablica e do monop\u00f3lio estatal da viol\u00eancia.<\/p>\n<p style=\"text-align: justify;\">Por outro lado, as guardas municipais respondem apenas, administrativamente, aos prefeitos e \u00e0s suas corregedorias internas. Para ele, seria potencialmente ca\u00f3tico &#8220;autorizar que cada um dos 5.570 munic\u00edpios brasileiros tenha sua pr\u00f3pria pol\u00edcia, subordinada apenas ao comando do prefeito local e insubmissa a qualquer controle externo&#8221;.<\/p>\n<p style=\"text-align: justify;\">O ministro explicou que a guarda municipal n\u00e3o est\u00e1 impedida de agir quando tem como objetivo tutelar o patrim\u00f4nio do munic\u00edpio, realizando, excepcionalmente, busca pessoal quando estiver relacionada a essa finalidade. Essa exce\u00e7\u00e3o, entretanto, n\u00e3o se confunde com permiss\u00e3o para realizar atividades ostensivas ou investigativas t\u00edpicas das pol\u00edcias no combate \u00e0 criminalidade.<\/p>\n<p style=\"text-align: justify;\">Em seu voto, Schietti assinalou que a fundada suspeita mencionada pelo artigo 244 do C\u00f3digo de Processo Penal (CPP) \u00e9 um requisito necess\u00e1rio para a realiza\u00e7\u00e3o de busca pessoal, mas n\u00e3o suficiente, porque n\u00e3o \u00e9 a qualquer cidad\u00e3o que \u00e9 dada a possibilidade de avaliar sua presen\u00e7a.<\/p>\n<p style=\"text-align: justify;\">Quanto ao artigo 301 do CPP, que permite a qualquer pessoa do povo efetuar uma pris\u00e3o em flagrante, o ministro observou que n\u00e3o \u00e9 fundamento v\u00e1lido para justificar a busca pessoal por guardas municipais, ao argumento de que quem pode prender tamb\u00e9m poderia realizar uma revista, que \u00e9 menos grave.<\/p>\n<p style=\"text-align: justify;\">A hip\u00f3tese do artigo 301, segundo ele, se aplica apenas ao caso de flagrante vis\u00edvel de plano, o qual se diferencia da situa\u00e7\u00e3o flagrancial que s\u00f3 \u00e9 descoberta ap\u00f3s a realiza\u00e7\u00e3o de dilig\u00eancias invasivas t\u00edpicas da atividade policial, tal como a busca pessoal, &#8220;uma vez que n\u00e3o \u00e9 qualquer do povo que pode investigar, interrogar, abordar ou revistar seus semelhantes&#8221;.\u00a0<em>Com informa\u00e7\u00f5es da assessoria de imprensa do STJ.<\/em><\/p>\n","protected":false},"excerpt":{"rendered":"<p>A 6\u00aa\u00a0Turma do Superior Tribunal de Justi\u00e7a\u00a0refor\u00e7ou o entendimento de que a guarda municipal, por n\u00e3o estar entre os \u00f3rg\u00e3os de seguran\u00e7a p\u00fablica previstos pela Constitui\u00e7\u00e3o Federal, n\u00e3o pode exercer atribui\u00e7\u00f5es das pol\u00edcias civis e militares. Para o colegiado, a sua atua\u00e7\u00e3o deve se limitar \u00e0 prote\u00e7\u00e3o de bens, servi\u00e7os e instala\u00e7\u00f5es do munic\u00edpio. O [&hellip;]<\/p>\n","protected":false},"author":1,"featured_media":41216,"comment_status":"closed","ping_status":"open","sticky":false,"template":"","format":"standard","meta":{"_uag_custom_page_level_css":"","_monsterinsights_skip_tracking":false,"_monsterinsights_sitenote_active":false,"_monsterinsights_sitenote_note":"","_monsterinsights_sitenote_category":0,"jetpack_post_was_ever_published":false,"_jetpack_newsletter_access":"","_jetpack_dont_email_post_to_subs":false,"_jetpack_newsletter_tier_id":0,"_jetpack_memberships_contains_paywalled_content":false,"_jetpack_memberships_contains_paid_content":false,"footnotes":"","jetpack_publicize_message":"","jetpack_publicize_feature_enabled":true,"jetpack_social_post_already_shared":true,"jetpack_social_options":{"image_generator_settings":{"template":"highway","default_image_id":0,"font":"","enabled":false},"version":2}},"categories":[200,210],"tags":[],"class_list":["post-41215","post","type-post","status-publish","format-standard","has-post-thumbnail","hentry","category-brasil","category-justica"],"jetpack_publicize_connections":[],"jetpack_featured_media_url":"https:\/\/blogopara.com.br\/wp-content\/uploads\/2022\/08\/blotz.jpg","uagb_featured_image_src":{"full":["https:\/\/blogopara.com.br\/wp-content\/uploads\/2022\/08\/blotz.jpg",500,319,false],"thumbnail":["https:\/\/blogopara.com.br\/wp-content\/uploads\/2022\/08\/blotz-150x150.jpg",150,150,true],"medium":["https:\/\/blogopara.com.br\/wp-content\/uploads\/2022\/08\/blotz-300x191.jpg",300,191,true],"medium_large":["https:\/\/blogopara.com.br\/wp-content\/uploads\/2022\/08\/blotz.jpg",500,319,false],"large":["https:\/\/blogopara.com.br\/wp-content\/uploads\/2022\/08\/blotz.jpg",500,319,false],"1536x1536":["https:\/\/blogopara.com.br\/wp-content\/uploads\/2022\/08\/blotz.jpg",500,319,false],"2048x2048":["https:\/\/blogopara.com.br\/wp-content\/uploads\/2022\/08\/blotz.jpg",500,319,false],"mantranews-slider-large":["https:\/\/blogopara.com.br\/wp-content\/uploads\/2022\/08\/blotz.jpg",500,319,false],"mantranews-featured-medium":["https:\/\/blogopara.com.br\/wp-content\/uploads\/2022\/08\/blotz-420x307.jpg",420,307,true],"mantranews-featured-long":["https:\/\/blogopara.com.br\/wp-content\/uploads\/2022\/08\/blotz-300x319.jpg",300,319,true],"mantranews-block-medium":["https:\/\/blogopara.com.br\/wp-content\/uploads\/2022\/08\/blotz-464x290.jpg",464,290,true],"mantranews-carousel-image":["https:\/\/blogopara.com.br\/wp-content\/uploads\/2022\/08\/blotz.jpg",500,319,false],"mantranews-block-thumb":["https:\/\/blogopara.com.br\/wp-content\/uploads\/2022\/08\/blotz-322x230.jpg",322,230,true],"mantranews-single-large":["https:\/\/blogopara.com.br\/wp-content\/uploads\/2022\/08\/blotz.jpg",500,319,false]},"uagb_author_info":{"display_name":"Reda\u00e7\u00e3o geral","author_link":"https:\/\/blogopara.com.br\/index.php\/author\/blogopara"},"uagb_comment_info":0,"uagb_excerpt":"A 6\u00aa\u00a0Turma do Superior Tribunal de Justi\u00e7a\u00a0refor\u00e7ou o entendimento de que a guarda municipal, por n\u00e3o estar entre os \u00f3rg\u00e3os de seguran\u00e7a p\u00fablica previstos pela Constitui\u00e7\u00e3o Federal, n\u00e3o pode exercer atribui\u00e7\u00f5es das pol\u00edcias civis e militares. Para o colegiado, a sua atua\u00e7\u00e3o deve se limitar \u00e0 prote\u00e7\u00e3o de bens, servi\u00e7os e instala\u00e7\u00f5es do munic\u00edpio. O&hellip;","jetpack_sharing_enabled":true,"jetpack_likes_enabled":true,"_links":{"self":[{"href":"https:\/\/blogopara.com.br\/index.php\/wp-json\/wp\/v2\/posts\/41215","targetHints":{"allow":["GET"]}}],"collection":[{"href":"https:\/\/blogopara.com.br\/index.php\/wp-json\/wp\/v2\/posts"}],"about":[{"href":"https:\/\/blogopara.com.br\/index.php\/wp-json\/wp\/v2\/types\/post"}],"author":[{"embeddable":true,"href":"https:\/\/blogopara.com.br\/index.php\/wp-json\/wp\/v2\/users\/1"}],"replies":[{"embeddable":true,"href":"https:\/\/blogopara.com.br\/index.php\/wp-json\/wp\/v2\/comments?post=41215"}],"version-history":[{"count":1,"href":"https:\/\/blogopara.com.br\/index.php\/wp-json\/wp\/v2\/posts\/41215\/revisions"}],"predecessor-version":[{"id":41217,"href":"https:\/\/blogopara.com.br\/index.php\/wp-json\/wp\/v2\/posts\/41215\/revisions\/41217"}],"wp:featuredmedia":[{"embeddable":true,"href":"https:\/\/blogopara.com.br\/index.php\/wp-json\/wp\/v2\/media\/41216"}],"wp:attachment":[{"href":"https:\/\/blogopara.com.br\/index.php\/wp-json\/wp\/v2\/media?parent=41215"}],"wp:term":[{"taxonomy":"category","embeddable":true,"href":"https:\/\/blogopara.com.br\/index.php\/wp-json\/wp\/v2\/categories?post=41215"},{"taxonomy":"post_tag","embeddable":true,"href":"https:\/\/blogopara.com.br\/index.php\/wp-json\/wp\/v2\/tags?post=41215"}],"curies":[{"name":"wp","href":"https:\/\/api.w.org\/{rel}","templated":true}]}}