{"id":41231,"date":"2022-08-21T20:10:00","date_gmt":"2022-08-21T23:10:00","guid":{"rendered":"https:\/\/blogopara.com.br\/?p=41231"},"modified":"2022-08-22T06:49:10","modified_gmt":"2022-08-22T09:49:10","slug":"alba-dos-63-deputados-48-tentam-se-reelege","status":"publish","type":"post","link":"https:\/\/blogopara.com.br\/index.php\/2022\/08\/21\/alba-dos-63-deputados-48-tentam-se-reelege","title":{"rendered":"ALBA: Dos 63 deputados, 48 tentam se reeleger"},"content":{"rendered":"<p style=\"text-align: justify;\">Dos 63 parlamentares em exerc\u00edcio na Assembleia Legislativa da Bahia (Alba), 48 est\u00e3o se candidatando novamente ao cargo nas elei\u00e7\u00f5es deste ano. Isso equivale a 59,26% do total.<\/p>\n<p style=\"text-align: justify;\">O levantamento foi feito com base nos pedidos de candidatura apresentados ao TSE (Tribunal Superior Eleitoral). Entre os postulantes \u00e0 reelei\u00e7\u00e3o, est\u00e1 o atual presidente da Casa, Adolfo Menezes (PSD).<\/p>\n<p style=\"text-align: justify;\">Com mais de 50 anos de trajet\u00f3ria, Aderbal Caldas (PP), que j\u00e1 foi deputado estadual por seis mandatos, vai finalizar sua carreira pol\u00edtica na Assembleia Legislativa da Bahia, aos 79 anos de idade. Nessa elei\u00e7\u00e3o, o pol\u00edtico passa a apoiar outro candidato para deputado estadual. \u201cEncerro minhas atividades como parlamentar no sexto mandado, feliz por saber que honrei e representei todos que em mim depositaram sua confian\u00e7a\u201d, disse Aderbal ao portal A Tarde.<\/p>\n<div id=\"dp-v-par1\" class=\"jba\" style=\"text-align: justify;\" data-google-query-id=\"CLf27I7N1vkCFfEzuQYd0DYOZQ\">\n<p>Quem tamb\u00e9m n\u00e3o consta na lista para reelei\u00e7\u00e3o \u00e9 o decano Jurandy Oliveira. Rog\u00e9rio Andrade Filho deixa a vaga para que seu pai, Rog\u00e9rio Andrade (MDB), tente o retorno. Recentemente, Alex Lima anunciou pausa na pol\u00edtica para cuidar de sua sa\u00fade mental, por isso n\u00e3o est\u00e1 candidato. Luiz Augusto e Tom Araujo tamb\u00e9m saem de cena nas elei\u00e7\u00f5es para deputado estadual de 2022.<\/p>\n<p>Embora em campanha, at\u00e9 a \u00faltima atualiza\u00e7\u00e3o do TSE realizada nessa manh\u00e3, 20, nem Hilton Coelho (PSOL), nem Jos\u00e9 de Arimat\u00e9ia (Republicanos), nem Samuel J\u00fanior (Republicanos) figuram no levantamento disponibilizado pelo tribunal, tr\u00e2mite que costuma acontecer at\u00e9 a regulariza\u00e7\u00e3o total de documentos dos candidatos.<\/p>\n<p>Segundo o calend\u00e1rio eleitoral, 12 de setembro, 20 dias antes da data do primeiro turno, \u00e9 a data-limite para que todos os pedidos de registro de candidatura \u2013 e eventuais recursos decorrentes do processo \u2013 tenham sido devidamente processados, examinados e julgados pelos respectivos tribunais eleitorais.<\/p>\n<p>Na Bahia, s\u00e3o 881 candidatos a deputado estadual, at\u00e9 o fechamento da \u00faltima atualiza\u00e7\u00e3o do TSE.<\/p>\n<div id=\"dp-v-par2\" class=\"jba\" data-google-query-id=\"CJKO7Y_N1vkCFW4EuQYdurcMcg\">A Tarde<\/div>\n<\/div>\n<div class=\"teads-inread sm-screen teads-display-format\">\n<div>\n<div class=\"teads-ui-components-adchoices\" style=\"text-align: justify;\"><\/div>\n<\/div>\n<\/div>\n","protected":false},"excerpt":{"rendered":"<p>Dos 63 parlamentares em exerc\u00edcio na Assembleia Legislativa da Bahia (Alba), 48 est\u00e3o se candidatando novamente ao cargo nas elei\u00e7\u00f5es deste ano. Isso equivale a 59,26% do total. O levantamento foi feito com base nos pedidos de candidatura apresentados ao TSE (Tribunal Superior Eleitoral). Entre os postulantes \u00e0 reelei\u00e7\u00e3o, est\u00e1 o atual presidente da Casa, [&hellip;]<\/p>\n","protected":false},"author":1,"featured_media":18669,"comment_status":"closed","ping_status":"open","sticky":false,"template":"","format":"standard","meta":{"_uag_custom_page_level_css":"","_monsterinsights_skip_tracking":false,"_monsterinsights_sitenote_active":false,"_monsterinsights_sitenote_note":"","_monsterinsights_sitenote_category":0,"jetpack_post_was_ever_published":false,"_jetpack_newsletter_access":"","_jetpack_dont_email_post_to_subs":false,"_jetpack_newsletter_tier_id":0,"_jetpack_memberships_contains_paywalled_content":false,"_jetpack_memberships_contains_paid_content":false,"footnotes":"","jetpack_publicize_message":"","jetpack_publicize_feature_enabled":true,"jetpack_social_post_already_shared":true,"jetpack_social_options":{"image_generator_settings":{"template":"highway","default_image_id":0,"font":"","enabled":false},"version":2}},"categories":[10075],"tags":[],"class_list":["post-41231","post","type-post","status-publish","format-standard","has-post-thumbnail","hentry","category-eleicoes"],"jetpack_publicize_connections":[],"jetpack_featured_media_url":"https:\/\/blogopara.com.br\/wp-content\/uploads\/2021\/01\/ALBA.jpg","uagb_featured_image_src":{"full":["https:\/\/blogopara.com.br\/wp-content\/uploads\/2021\/01\/ALBA.jpg",500,281,false],"thumbnail":["https:\/\/blogopara.com.br\/wp-content\/uploads\/2021\/01\/ALBA-150x150.jpg",150,150,true],"medium":["https:\/\/blogopara.com.br\/wp-content\/uploads\/2021\/01\/ALBA-300x169.jpg",300,169,true],"medium_large":["https:\/\/blogopara.com.br\/wp-content\/uploads\/2021\/01\/ALBA.jpg",500,281,false],"large":["https:\/\/blogopara.com.br\/wp-content\/uploads\/2021\/01\/ALBA.jpg",500,281,false],"1536x1536":["https:\/\/blogopara.com.br\/wp-content\/uploads\/2021\/01\/ALBA.jpg",500,281,false],"2048x2048":["https:\/\/blogopara.com.br\/wp-content\/uploads\/2021\/01\/ALBA.jpg",500,281,false],"mantranews-slider-large":["https:\/\/blogopara.com.br\/wp-content\/uploads\/2021\/01\/ALBA.jpg",500,281,false],"mantranews-featured-medium":["https:\/\/blogopara.com.br\/wp-content\/uploads\/2021\/01\/ALBA-420x281.jpg",420,281,true],"mantranews-featured-long":["https:\/\/blogopara.com.br\/wp-content\/uploads\/2021\/01\/ALBA-300x281.jpg",300,281,true],"mantranews-block-medium":["https:\/\/blogopara.com.br\/wp-content\/uploads\/2021\/01\/ALBA-464x281.jpg",464,281,true],"mantranews-carousel-image":["https:\/\/blogopara.com.br\/wp-content\/uploads\/2021\/01\/ALBA.jpg",500,281,false],"mantranews-block-thumb":["https:\/\/blogopara.com.br\/wp-content\/uploads\/2021\/01\/ALBA-322x230.jpg",322,230,true],"mantranews-single-large":["https:\/\/blogopara.com.br\/wp-content\/uploads\/2021\/01\/ALBA.jpg",500,281,false]},"uagb_author_info":{"display_name":"Reda\u00e7\u00e3o geral","author_link":"https:\/\/blogopara.com.br\/index.php\/author\/blogopara"},"uagb_comment_info":0,"uagb_excerpt":"Dos 63 parlamentares em exerc\u00edcio na Assembleia Legislativa da Bahia (Alba), 48 est\u00e3o se candidatando novamente ao cargo nas elei\u00e7\u00f5es deste ano. Isso equivale a 59,26% do total. O levantamento foi feito com base nos pedidos de candidatura apresentados ao TSE (Tribunal Superior Eleitoral). Entre os postulantes \u00e0 reelei\u00e7\u00e3o, est\u00e1 o atual presidente da Casa,&hellip;","jetpack_sharing_enabled":true,"jetpack_likes_enabled":true,"_links":{"self":[{"href":"https:\/\/blogopara.com.br\/index.php\/wp-json\/wp\/v2\/posts\/41231","targetHints":{"allow":["GET"]}}],"collection":[{"href":"https:\/\/blogopara.com.br\/index.php\/wp-json\/wp\/v2\/posts"}],"about":[{"href":"https:\/\/blogopara.com.br\/index.php\/wp-json\/wp\/v2\/types\/post"}],"author":[{"embeddable":true,"href":"https:\/\/blogopara.com.br\/index.php\/wp-json\/wp\/v2\/users\/1"}],"replies":[{"embeddable":true,"href":"https:\/\/blogopara.com.br\/index.php\/wp-json\/wp\/v2\/comments?post=41231"}],"version-history":[{"count":2,"href":"https:\/\/blogopara.com.br\/index.php\/wp-json\/wp\/v2\/posts\/41231\/revisions"}],"predecessor-version":[{"id":41286,"href":"https:\/\/blogopara.com.br\/index.php\/wp-json\/wp\/v2\/posts\/41231\/revisions\/41286"}],"wp:featuredmedia":[{"embeddable":true,"href":"https:\/\/blogopara.com.br\/index.php\/wp-json\/wp\/v2\/media\/18669"}],"wp:attachment":[{"href":"https:\/\/blogopara.com.br\/index.php\/wp-json\/wp\/v2\/media?parent=41231"}],"wp:term":[{"taxonomy":"category","embeddable":true,"href":"https:\/\/blogopara.com.br\/index.php\/wp-json\/wp\/v2\/categories?post=41231"},{"taxonomy":"post_tag","embeddable":true,"href":"https:\/\/blogopara.com.br\/index.php\/wp-json\/wp\/v2\/tags?post=41231"}],"curies":[{"name":"wp","href":"https:\/\/api.w.org\/{rel}","templated":true}]}}