{"id":41251,"date":"2022-08-22T15:58:00","date_gmt":"2022-08-22T18:58:00","guid":{"rendered":"https:\/\/blogopara.com.br\/?p=41251"},"modified":"2022-08-21T20:23:10","modified_gmt":"2022-08-21T23:23:10","slug":"com-programacao-diversificada-13a-edicao-da-feira-do-bode-de-massaroca-movimenta-final-de-semana-no-distrito","status":"publish","type":"post","link":"https:\/\/blogopara.com.br\/index.php\/2022\/08\/22\/com-programacao-diversificada-13a-edicao-da-feira-do-bode-de-massaroca-movimenta-final-de-semana-no-distrito","title":{"rendered":"Com programa\u00e7\u00e3o diversificada, 13\u00aa edi\u00e7\u00e3o da Feira do Bode de Massaroca movimenta final de semana no distrito"},"content":{"rendered":"<p style=\"font-weight: 400;\">Uma programa\u00e7\u00e3o especial e bastante diversificada com apresenta\u00e7\u00f5es culturais, torneio leiteiro, shows musicais, exposi\u00e7\u00e3o e comercializa\u00e7\u00e3o de animais, artesanatos e produtos da culin\u00e1ria local, est\u00e1 movimentando Massaroca, no interior de Juazeiro, durante a realiza\u00e7\u00e3o da 13\u00aa edi\u00e7\u00e3o da Feira do Bode no distrito.<\/p>\n<p style=\"font-weight: 400;\">A feira que \u00e9 uma realiza\u00e7\u00e3o da Prefeitura de Juazeiro, atrav\u00e9s da Ag\u00eancia de Desenvolvimento Econ\u00f4mico, Agricultura e Pecu\u00e1ria (Adeap), juntamente com a Comiss\u00e3o Organizadora do Distrito de Massaroca, iniciou na sexta-feira (19) segue at\u00e9 o domingo (21), e neste s\u00e1bado (20) recebeu a visita da prefeita Suzana Ramos, que faz quest\u00e3o de acompanhar a realiza\u00e7\u00e3o das feiras em todo o interior de Juazeiro, e tamb\u00e9m do vereador Gild\u00e1sio Soares e secret\u00e1rios de governo.<\/p>\n<p style=\"font-weight: 400;\">\u201cTenho minhas ra\u00edzes nessa regi\u00e3o, ent\u00e3o para mim \u00e9 sempre uma alegria participar desses eventos, acompanhar de perto a realidade do povo do interior e fomentar o desenvolvimento da caprinocultura e ovinocultura que \u00e9 o forte do nosso interior\u201d, afirmou a prefeita Suzana.<\/p>\n<p style=\"font-weight: 400;\">Programa\u00e7\u00e3o<\/p>\n<p style=\"font-weight: 400;\">Al\u00e9m das exposi\u00e7\u00f5es, comercializa\u00e7\u00e3o e a\u00e7\u00f5es culturais a Feira tamb\u00e9m contou neste s\u00e1bado com a oferta de servi\u00e7os itinerantes da Prefeitura Municipal: Adeap Itinerante, Sa\u00fade em Movimento, o Ju\u00e1 Arborizado, da Semaurb e tamb\u00e9m da Seduc que esteve apoiando a realiza\u00e7\u00e3o da Gincana Cultural durante o evento.<\/p>\n<p style=\"font-weight: 400;\">\u201cA Feira do Bode j\u00e1 \u00e9 uma tradi\u00e7\u00e3o no interior do nosso munic\u00edpio. Esse ano j\u00e1 aconteceu em Juremal, Cacimba do Silva (Itamotinga), Pinh\u00f5es e agora em Massaroca, sempre com grande p\u00fablico, superando expectativas e trazendo inova\u00e7\u00e3o como aqui em Massaroca, onde mudamos o local de realiza\u00e7\u00e3o, ap\u00f3s ouvir as sugest\u00f5es da comunidade e o resultado \u00e9 esse aqui: sucesso absoluto\u201d, avaliou o gestor da Adeap, Assis da Apolo.<\/p>\n<p style=\"font-weight: 400;\">Para Edmilson Concei\u00e7\u00e3o, produtor e tamb\u00e9m coordenador da Comiss\u00e3o Organizadora de Massaroca, a organiza\u00e7\u00e3o foi o grande destaque nessa edi\u00e7\u00e3o da feira. \u201cComo produtor nunca vi uma feira t\u00e3o organizada como essa, esse ano trouxemos o evento para a \u00e1rea central do distrito deixando-o maior e atraindo ainda mais p\u00fablico\u201d, declarou Edmilson.<\/p>\n<p style=\"font-weight: 400;\">\u00daltimo dia<\/p>\n<p style=\"font-weight: 400;\">Neste domingo a 13\u00aa edi\u00e7\u00e3o da Feira do Bode de Massaroca segue acontecendo com a realiza\u00e7\u00e3o da Puxada do Bobe Rei, Caf\u00e9 do Bode com produtores, expositores e parceiros, exposi\u00e7\u00e3o e comercializa\u00e7\u00e3o de animais, de artesanatos, de produtos da culin\u00e1ria local e de outros produtos afins e trabalhos tecnol\u00f3gicos; Torneio de Pista de Caprinos e Ovinos e shows musicais.<\/p>\n<p style=\"font-weight: 400;\"><strong>Ascom PMJ&nbsp;<\/strong><\/p>\n","protected":false},"excerpt":{"rendered":"<p>Uma programa\u00e7\u00e3o especial e bastante diversificada com apresenta\u00e7\u00f5es culturais, torneio leiteiro, shows musicais, exposi\u00e7\u00e3o e comercializa\u00e7\u00e3o de animais, artesanatos e produtos da culin\u00e1ria local, est\u00e1 movimentando Massaroca, no interior de Juazeiro, durante a realiza\u00e7\u00e3o da 13\u00aa edi\u00e7\u00e3o da Feira do Bode no distrito. A feira que \u00e9 uma realiza\u00e7\u00e3o da Prefeitura de Juazeiro, atrav\u00e9s da [&hellip;]<\/p>\n","protected":false},"author":1,"featured_media":41252,"comment_status":"closed","ping_status":"open","sticky":false,"template":"","format":"standard","meta":{"_uag_custom_page_level_css":"","_monsterinsights_skip_tracking":false,"_monsterinsights_sitenote_active":false,"_monsterinsights_sitenote_note":"","_monsterinsights_sitenote_category":0,"jetpack_post_was_ever_published":false,"_jetpack_newsletter_access":"","_jetpack_dont_email_post_to_subs":false,"_jetpack_newsletter_tier_id":0,"_jetpack_memberships_contains_paywalled_content":false,"_jetpack_memberships_contains_paid_content":false,"footnotes":"","jetpack_publicize_message":"","jetpack_publicize_feature_enabled":true,"jetpack_social_post_already_shared":true,"jetpack_social_options":{"image_generator_settings":{"template":"highway","default_image_id":0,"font":"","enabled":false},"version":2}},"categories":[10088,206,203],"tags":[340,320],"class_list":["post-41251","post","type-post","status-publish","format-standard","has-post-thumbnail","hentry","category-agricultura","category-economia","category-juazeiro","tag-prefeitura-de-juazeiro","tag-sou-mais-juazeiro"],"jetpack_publicize_connections":[],"jetpack_featured_media_url":"https:\/\/blogopara.com.br\/wp-content\/uploads\/2022\/08\/FB.jpg","uagb_featured_image_src":{"full":["https:\/\/blogopara.com.br\/wp-content\/uploads\/2022\/08\/FB.jpg",500,333,false],"thumbnail":["https:\/\/blogopara.com.br\/wp-content\/uploads\/2022\/08\/FB-150x150.jpg",150,150,true],"medium":["https:\/\/blogopara.com.br\/wp-content\/uploads\/2022\/08\/FB-300x200.jpg",300,200,true],"medium_large":["https:\/\/blogopara.com.br\/wp-content\/uploads\/2022\/08\/FB.jpg",500,333,false],"large":["https:\/\/blogopara.com.br\/wp-content\/uploads\/2022\/08\/FB.jpg",500,333,false],"1536x1536":["https:\/\/blogopara.com.br\/wp-content\/uploads\/2022\/08\/FB.jpg",500,333,false],"2048x2048":["https:\/\/blogopara.com.br\/wp-content\/uploads\/2022\/08\/FB.jpg",500,333,false],"mantranews-slider-large":["https:\/\/blogopara.com.br\/wp-content\/uploads\/2022\/08\/FB.jpg",500,333,false],"mantranews-featured-medium":["https:\/\/blogopara.com.br\/wp-content\/uploads\/2022\/08\/FB-420x307.jpg",420,307,true],"mantranews-featured-long":["https:\/\/blogopara.com.br\/wp-content\/uploads\/2022\/08\/FB-300x333.jpg",300,333,true],"mantranews-block-medium":["https:\/\/blogopara.com.br\/wp-content\/uploads\/2022\/08\/FB-464x290.jpg",464,290,true],"mantranews-carousel-image":["https:\/\/blogopara.com.br\/wp-content\/uploads\/2022\/08\/FB.jpg",500,333,false],"mantranews-block-thumb":["https:\/\/blogopara.com.br\/wp-content\/uploads\/2022\/08\/FB-322x230.jpg",322,230,true],"mantranews-single-large":["https:\/\/blogopara.com.br\/wp-content\/uploads\/2022\/08\/FB.jpg",500,333,false]},"uagb_author_info":{"display_name":"Reda\u00e7\u00e3o geral","author_link":"https:\/\/blogopara.com.br\/index.php\/author\/blogopara"},"uagb_comment_info":0,"uagb_excerpt":"Uma programa\u00e7\u00e3o especial e bastante diversificada com apresenta\u00e7\u00f5es culturais, torneio leiteiro, shows musicais, exposi\u00e7\u00e3o e comercializa\u00e7\u00e3o de animais, artesanatos e produtos da culin\u00e1ria local, est\u00e1 movimentando Massaroca, no interior de Juazeiro, durante a realiza\u00e7\u00e3o da 13\u00aa edi\u00e7\u00e3o da Feira do Bode no distrito. A feira que \u00e9 uma realiza\u00e7\u00e3o da Prefeitura de Juazeiro, atrav\u00e9s da&hellip;","jetpack_sharing_enabled":true,"jetpack_likes_enabled":true,"_links":{"self":[{"href":"https:\/\/blogopara.com.br\/index.php\/wp-json\/wp\/v2\/posts\/41251","targetHints":{"allow":["GET"]}}],"collection":[{"href":"https:\/\/blogopara.com.br\/index.php\/wp-json\/wp\/v2\/posts"}],"about":[{"href":"https:\/\/blogopara.com.br\/index.php\/wp-json\/wp\/v2\/types\/post"}],"author":[{"embeddable":true,"href":"https:\/\/blogopara.com.br\/index.php\/wp-json\/wp\/v2\/users\/1"}],"replies":[{"embeddable":true,"href":"https:\/\/blogopara.com.br\/index.php\/wp-json\/wp\/v2\/comments?post=41251"}],"version-history":[{"count":2,"href":"https:\/\/blogopara.com.br\/index.php\/wp-json\/wp\/v2\/posts\/41251\/revisions"}],"predecessor-version":[{"id":41254,"href":"https:\/\/blogopara.com.br\/index.php\/wp-json\/wp\/v2\/posts\/41251\/revisions\/41254"}],"wp:featuredmedia":[{"embeddable":true,"href":"https:\/\/blogopara.com.br\/index.php\/wp-json\/wp\/v2\/media\/41252"}],"wp:attachment":[{"href":"https:\/\/blogopara.com.br\/index.php\/wp-json\/wp\/v2\/media?parent=41251"}],"wp:term":[{"taxonomy":"category","embeddable":true,"href":"https:\/\/blogopara.com.br\/index.php\/wp-json\/wp\/v2\/categories?post=41251"},{"taxonomy":"post_tag","embeddable":true,"href":"https:\/\/blogopara.com.br\/index.php\/wp-json\/wp\/v2\/tags?post=41251"}],"curies":[{"name":"wp","href":"https:\/\/api.w.org\/{rel}","templated":true}]}}