{"id":41259,"date":"2022-08-22T10:15:00","date_gmt":"2022-08-22T13:15:00","guid":{"rendered":"https:\/\/blogopara.com.br\/?p=41259"},"modified":"2022-08-21T20:06:32","modified_gmt":"2022-08-21T23:06:32","slug":"e-pelo-povo-da-nossa-terra-que-estou-nessa-luta-afirma-acm-neto","status":"publish","type":"post","link":"https:\/\/blogopara.com.br\/index.php\/2022\/08\/22\/e-pelo-povo-da-nossa-terra-que-estou-nessa-luta-afirma-acm-neto","title":{"rendered":"\u201d\u00c9 pelo povo da nossa terra que estou nessa luta\u201d, afirma ACM Neto"},"content":{"rendered":"<p style=\"text-align: justify;\">O candidato a governador ACM Neto (Uni\u00e3o Brasil) disse que o principal alicerce do seu projeto pol\u00edtico \u00e9 a popula\u00e7\u00e3o da Bahia e a vontade de proporcionar uma vida melhor para todos os baianos.<\/p>\n<p style=\"text-align: justify;\">\u201cDesde que iniciei a minha caminhada rumo ao governo do estado, procurei construir com o povo da Bahia o meu principal alicerce, minha grande alian\u00e7a. \u00c9 o povo da nossa terra a raz\u00e3o de eu estar nessa luta, a raz\u00e3o de desejar ser Governador do Estado. \u00c9 por amar a Bahia que eu quero lutar pelo nosso povo\u201d, destacou durante evento no interior.<\/p>\n<p style=\"text-align: justify;\">O candidato afirmou ainda que a popula\u00e7\u00e3o n\u00e3o aguenta mais ter que lidar com todos os problemas que afetam o estado. \u201cOs baianos n\u00e3o aguentam mais viver no estado que \u00e9 campe\u00e3o nacional da viol\u00eancia. Os baianos n\u00e3o aguentam mais esperar na fila da regula\u00e7\u00e3o pra conseguir o internamento hospitalar. A juventude da Bahia n\u00e3o aceita mais que a educa\u00e7\u00e3o do nosso estado seja a \u00faltima colocada de todo o Brasil. Sobretudo, os baianos do interior querem oportunidade para trabalhar, para vencer na vida. Querem oportunidade de emprego que hoje n\u00e3o chega no interior da Bahia\u201d, falou.<\/p>\n<p style=\"text-align: justify;\">\u201cE \u00e9 para traduzir toda a esperan\u00e7a do povo na mudan\u00e7a que eu estou aqui nessa luta\u201d, acrescentou durante manifesta\u00e7\u00e3o ao p\u00fablico que acompanhou a carreata em Ichu.<\/p>\n<p style=\"text-align: justify;\">Neto ressaltou que, caso seja eleito em outubro deste ano, a Bahia n\u00e3o ter\u00e1 mais um governador de v\u00e9spera de elei\u00e7\u00e3o, mas algu\u00e9m que vai trabalhar, incansavelmente, durante todos os dias do mandato.<\/p>\n<p style=\"text-align: justify;\">\u201cChegando ao Governo, a Bahia ter\u00e1 um governador que vai trabalhar os quatro anos, chegando junto, que vai estar presente, que vai devolver a esperan\u00e7a ao nosso povo\u201d, pontuou.<\/p>\n<p style=\"text-align: justify;\">\u201cEu vou trabalhar para o povo da Bahia olhar para o futuro e acreditar que a Bahia vai ser o estado mais forte. Hoje, o desejo de mudan\u00e7a domina o cora\u00e7\u00e3o do nosso povo, e n\u00f3s estamos aqui para dizer que estamos preparados. Prontos para governar a Bahia e para oferecer aos baianos o melhor governo de todo o Brasil\u201d, discursou Neto.<\/p>\n<p style=\"text-align: justify;\">Nas agendas deste domingo (21), realizadas em Tanquinho, Candeal e Ichu, tamb\u00e9m participaram os candidatos a vice-governadora Ana Coelho (Republicanos), e ao Senado Cac\u00e1 Le\u00e3o (PP). Neto contou ainda com a presen\u00e7a do prefeito de Feira de Santana, Colbert Martins (MDB), da deputada federal Dayane Pimentel (Uni\u00e3o Brasil),<\/p>\n<p style=\"text-align: justify;\">Concei\u00e7\u00e3o do Coit\u00e9<\/p>\n<p style=\"text-align: justify;\">Apesar de estar previsto um com\u00edcio na cidade de Concei\u00e7\u00e3o do Coit\u00e9 ainda neste domingo, o mau tempo e as intensas chuvas na regi\u00e3o fizeram com que o evento fosse reagendado.<\/p>\n<p style=\"text-align: justify;\">Este final de semana, com as cidades visitadas entre quinta-feira (18) e hoje (21), Neto somou mais de 230 munic\u00edpios baianos percorridas desde o in\u00edcio de 2021. Em seu Plano de Governo, o candidato defende a constru\u00e7\u00e3o de a\u00e7\u00f5es direcionadas para as caracter\u00edsticas de cada regi\u00e3o. Por isso, tem caminhado no interior para entender a realidade de cada canto da Bahia.<\/p>\n<p style=\"text-align: justify;\">Pau da Lima<\/p>\n<p style=\"text-align: justify;\">Na manh\u00e3 desta segunda-feira (22) ACM Neto vai participar de caminhada em Pau da Lima. A concentra\u00e7\u00e3o do evento ser\u00e1 em frente ao Supermercado Maxxi Atacado a partir das 9h.<\/p>\n","protected":false},"excerpt":{"rendered":"<p>Candidato enfatizou que desde o in\u00edcio de sua pr\u00e9-campanha, a maior alian\u00e7a feita foi com os baianos.<\/p>\n","protected":false},"author":1,"featured_media":41261,"comment_status":"closed","ping_status":"open","sticky":false,"template":"","format":"standard","meta":{"_uag_custom_page_level_css":"","_monsterinsights_skip_tracking":false,"_monsterinsights_sitenote_active":false,"_monsterinsights_sitenote_note":"","_monsterinsights_sitenote_category":0,"jetpack_post_was_ever_published":false,"_jetpack_newsletter_access":"","_jetpack_dont_email_post_to_subs":false,"_jetpack_newsletter_tier_id":0,"_jetpack_memberships_contains_paywalled_content":false,"_jetpack_memberships_contains_paid_content":false,"footnotes":"","jetpack_publicize_message":"","jetpack_publicize_feature_enabled":true,"jetpack_social_post_already_shared":true,"jetpack_social_options":{"image_generator_settings":{"template":"highway","default_image_id":0,"font":"","enabled":false},"version":2}},"categories":[199,197],"tags":[1705,1327,2284],"class_list":["post-41259","post","type-post","status-publish","format-standard","has-post-thumbnail","hentry","category-bahia","category-politica","tag-acm-neto","tag-eleicoes-2022","tag-governador"],"jetpack_publicize_connections":[],"jetpack_featured_media_url":"https:\/\/blogopara.com.br\/wp-content\/uploads\/2022\/08\/WhatsApp-Image-2022-08-21-at-16.04.20.jpeg","uagb_featured_image_src":{"full":["https:\/\/blogopara.com.br\/wp-content\/uploads\/2022\/08\/WhatsApp-Image-2022-08-21-at-16.04.20.jpeg",500,467,false],"thumbnail":["https:\/\/blogopara.com.br\/wp-content\/uploads\/2022\/08\/WhatsApp-Image-2022-08-21-at-16.04.20-150x150.jpeg",150,150,true],"medium":["https:\/\/blogopara.com.br\/wp-content\/uploads\/2022\/08\/WhatsApp-Image-2022-08-21-at-16.04.20-300x280.jpeg",300,280,true],"medium_large":["https:\/\/blogopara.com.br\/wp-content\/uploads\/2022\/08\/WhatsApp-Image-2022-08-21-at-16.04.20.jpeg",500,467,false],"large":["https:\/\/blogopara.com.br\/wp-content\/uploads\/2022\/08\/WhatsApp-Image-2022-08-21-at-16.04.20.jpeg",500,467,false],"1536x1536":["https:\/\/blogopara.com.br\/wp-content\/uploads\/2022\/08\/WhatsApp-Image-2022-08-21-at-16.04.20.jpeg",500,467,false],"2048x2048":["https:\/\/blogopara.com.br\/wp-content\/uploads\/2022\/08\/WhatsApp-Image-2022-08-21-at-16.04.20.jpeg",500,467,false],"mantranews-slider-large":["https:\/\/blogopara.com.br\/wp-content\/uploads\/2022\/08\/WhatsApp-Image-2022-08-21-at-16.04.20.jpeg",500,467,false],"mantranews-featured-medium":["https:\/\/blogopara.com.br\/wp-content\/uploads\/2022\/08\/WhatsApp-Image-2022-08-21-at-16.04.20-420x307.jpeg",420,307,true],"mantranews-featured-long":["https:\/\/blogopara.com.br\/wp-content\/uploads\/2022\/08\/WhatsApp-Image-2022-08-21-at-16.04.20-300x443.jpeg",300,443,true],"mantranews-block-medium":["https:\/\/blogopara.com.br\/wp-content\/uploads\/2022\/08\/WhatsApp-Image-2022-08-21-at-16.04.20-464x290.jpeg",464,290,true],"mantranews-carousel-image":["https:\/\/blogopara.com.br\/wp-content\/uploads\/2022\/08\/WhatsApp-Image-2022-08-21-at-16.04.20.jpeg",500,467,false],"mantranews-block-thumb":["https:\/\/blogopara.com.br\/wp-content\/uploads\/2022\/08\/WhatsApp-Image-2022-08-21-at-16.04.20-322x230.jpeg",322,230,true],"mantranews-single-large":["https:\/\/blogopara.com.br\/wp-content\/uploads\/2022\/08\/WhatsApp-Image-2022-08-21-at-16.04.20.jpeg",500,467,false]},"uagb_author_info":{"display_name":"Reda\u00e7\u00e3o geral","author_link":"https:\/\/blogopara.com.br\/index.php\/author\/blogopara"},"uagb_comment_info":0,"uagb_excerpt":"Candidato enfatizou que desde o in\u00edcio de sua pr\u00e9-campanha, a maior alian\u00e7a feita foi com os baianos.","jetpack_sharing_enabled":true,"jetpack_likes_enabled":true,"_links":{"self":[{"href":"https:\/\/blogopara.com.br\/index.php\/wp-json\/wp\/v2\/posts\/41259","targetHints":{"allow":["GET"]}}],"collection":[{"href":"https:\/\/blogopara.com.br\/index.php\/wp-json\/wp\/v2\/posts"}],"about":[{"href":"https:\/\/blogopara.com.br\/index.php\/wp-json\/wp\/v2\/types\/post"}],"author":[{"embeddable":true,"href":"https:\/\/blogopara.com.br\/index.php\/wp-json\/wp\/v2\/users\/1"}],"replies":[{"embeddable":true,"href":"https:\/\/blogopara.com.br\/index.php\/wp-json\/wp\/v2\/comments?post=41259"}],"version-history":[{"count":2,"href":"https:\/\/blogopara.com.br\/index.php\/wp-json\/wp\/v2\/posts\/41259\/revisions"}],"predecessor-version":[{"id":41263,"href":"https:\/\/blogopara.com.br\/index.php\/wp-json\/wp\/v2\/posts\/41259\/revisions\/41263"}],"wp:featuredmedia":[{"embeddable":true,"href":"https:\/\/blogopara.com.br\/index.php\/wp-json\/wp\/v2\/media\/41261"}],"wp:attachment":[{"href":"https:\/\/blogopara.com.br\/index.php\/wp-json\/wp\/v2\/media?parent=41259"}],"wp:term":[{"taxonomy":"category","embeddable":true,"href":"https:\/\/blogopara.com.br\/index.php\/wp-json\/wp\/v2\/categories?post=41259"},{"taxonomy":"post_tag","embeddable":true,"href":"https:\/\/blogopara.com.br\/index.php\/wp-json\/wp\/v2\/tags?post=41259"}],"curies":[{"name":"wp","href":"https:\/\/api.w.org\/{rel}","templated":true}]}}