{"id":41308,"date":"2022-08-23T10:45:00","date_gmt":"2022-08-23T13:45:00","guid":{"rendered":"https:\/\/blogopara.com.br\/?p=41308"},"modified":"2022-08-22T21:10:07","modified_gmt":"2022-08-23T00:10:07","slug":"selo-social-empresa-do-bem-transforma-petrolina-certifica-empresas-socialmente-responsaveis","status":"publish","type":"post","link":"https:\/\/blogopara.com.br\/index.php\/2022\/08\/23\/selo-social-empresa-do-bem-transforma-petrolina-certifica-empresas-socialmente-responsaveis","title":{"rendered":"Selo Social Empresa do Bem: Transforma Petrolina certifica empresas socialmente respons\u00e1veis"},"content":{"rendered":"<p style=\"text-align: justify;\">Mais de 40 empresas que promovem a pauta da solidariedade dentro do seu neg\u00f3cio foram certificadas pelo Transforma Petrolina. A entrega dos certificados e trof\u00e9us aconteceu durante o evento festivo do anivers\u00e1rio do programa, realizado na semana passada.<\/p>\n<p style=\"text-align: justify;\">Os 41 empres\u00e1rios certificados pelo Selo Social Empresa do Bem assinaram o Termo de Ades\u00e3o em novembro de 2021. Eles se comprometeram com os seguintes crit\u00e9rios: priorizar a contrata\u00e7\u00e3o de pessoas que tenham trabalho volunt\u00e1rio comprovado atrav\u00e9s da plataforma do Transforma Petrolina; realizar a\u00e7\u00f5es solid\u00e1rias semestralmente atrav\u00e9s da plataforma e incentivar o engajamento dos colaboradores nas a\u00e7\u00f5es solid\u00e1rias realizadas. &#8220;\u00c9 muito bom. Nos sentimos lisonjeados e ao mesmo tempo estamos fazendo o certo. Fazer o bem \u00e9 bom, fazer o bem faz bem&#8221;, afirma Calby Carvalho, propriet\u00e1rio do B\u00f4nus Supermercado.<\/p>\n<p style=\"text-align: justify;\">A certifica\u00e7\u00e3o \u00e9 uma estrat\u00e9gia do Transforma Petrolina para incentivar a pauta do voluntariado e da solidariedade nas empresas da cidade. O evento reconhece e valoriza publicamente as iniciativas de organiza\u00e7\u00f5es da Ind\u00fastria, Com\u00e9rcio e Servi\u00e7os pelo trabalho prestado.<\/p>\n<p style=\"text-align: justify;\">&#8220;Uma empresa que abra\u00e7a a pauta da solidariedade, entende o prop\u00f3sito social do seu empreendimento. A primeira edi\u00e7\u00e3o do Selo Social Empresa do Bem foi conclu\u00edda e estamos na expectativa das pr\u00f3ximas&#8221;, destaca a coordenadora volunt\u00e1ria do Transforma Petrolina, Alinne Durando.<\/p>\n\n\n<p>Ascom Transforma Petrolina<\/p>\n","protected":false},"excerpt":{"rendered":"<p>Mais de 40 empresas que promovem a pauta da solidariedade dentro do seu neg\u00f3cio foram certificadas pelo Transforma Petrolina. A entrega dos certificados e trof\u00e9us aconteceu durante o evento festivo do anivers\u00e1rio do programa, realizado na semana passada. Os 41 empres\u00e1rios certificados pelo Selo Social Empresa do Bem assinaram o Termo de Ades\u00e3o em novembro [&hellip;]<\/p>\n","protected":false},"author":1,"featured_media":41309,"comment_status":"closed","ping_status":"open","sticky":false,"template":"","format":"standard","meta":{"_uag_custom_page_level_css":"","_monsterinsights_skip_tracking":false,"_monsterinsights_sitenote_active":false,"_monsterinsights_sitenote_note":"","_monsterinsights_sitenote_category":0,"jetpack_post_was_ever_published":false,"_jetpack_newsletter_access":"","_jetpack_dont_email_post_to_subs":false,"_jetpack_newsletter_tier_id":0,"_jetpack_memberships_contains_paywalled_content":false,"_jetpack_memberships_contains_paid_content":false,"footnotes":"","jetpack_publicize_message":"","jetpack_publicize_feature_enabled":true,"jetpack_social_post_already_shared":true,"jetpack_social_options":{"image_generator_settings":{"template":"highway","default_image_id":0,"font":"","enabled":false},"version":2}},"categories":[204],"tags":[],"class_list":["post-41308","post","type-post","status-publish","format-standard","has-post-thumbnail","hentry","category-social"],"jetpack_publicize_connections":[],"jetpack_featured_media_url":"https:\/\/blogopara.com.br\/wp-content\/uploads\/2022\/08\/TP-3.jpg","uagb_featured_image_src":{"full":["https:\/\/blogopara.com.br\/wp-content\/uploads\/2022\/08\/TP-3.jpg",500,312,false],"thumbnail":["https:\/\/blogopara.com.br\/wp-content\/uploads\/2022\/08\/TP-3-150x150.jpg",150,150,true],"medium":["https:\/\/blogopara.com.br\/wp-content\/uploads\/2022\/08\/TP-3-300x187.jpg",300,187,true],"medium_large":["https:\/\/blogopara.com.br\/wp-content\/uploads\/2022\/08\/TP-3.jpg",500,312,false],"large":["https:\/\/blogopara.com.br\/wp-content\/uploads\/2022\/08\/TP-3.jpg",500,312,false],"1536x1536":["https:\/\/blogopara.com.br\/wp-content\/uploads\/2022\/08\/TP-3.jpg",500,312,false],"2048x2048":["https:\/\/blogopara.com.br\/wp-content\/uploads\/2022\/08\/TP-3.jpg",500,312,false],"mantranews-slider-large":["https:\/\/blogopara.com.br\/wp-content\/uploads\/2022\/08\/TP-3.jpg",500,312,false],"mantranews-featured-medium":["https:\/\/blogopara.com.br\/wp-content\/uploads\/2022\/08\/TP-3-420x307.jpg",420,307,true],"mantranews-featured-long":["https:\/\/blogopara.com.br\/wp-content\/uploads\/2022\/08\/TP-3-300x312.jpg",300,312,true],"mantranews-block-medium":["https:\/\/blogopara.com.br\/wp-content\/uploads\/2022\/08\/TP-3-464x290.jpg",464,290,true],"mantranews-carousel-image":["https:\/\/blogopara.com.br\/wp-content\/uploads\/2022\/08\/TP-3.jpg",500,312,false],"mantranews-block-thumb":["https:\/\/blogopara.com.br\/wp-content\/uploads\/2022\/08\/TP-3-322x230.jpg",322,230,true],"mantranews-single-large":["https:\/\/blogopara.com.br\/wp-content\/uploads\/2022\/08\/TP-3.jpg",500,312,false]},"uagb_author_info":{"display_name":"Reda\u00e7\u00e3o geral","author_link":"https:\/\/blogopara.com.br\/index.php\/author\/blogopara"},"uagb_comment_info":0,"uagb_excerpt":"Mais de 40 empresas que promovem a pauta da solidariedade dentro do seu neg\u00f3cio foram certificadas pelo Transforma Petrolina. A entrega dos certificados e trof\u00e9us aconteceu durante o evento festivo do anivers\u00e1rio do programa, realizado na semana passada. Os 41 empres\u00e1rios certificados pelo Selo Social Empresa do Bem assinaram o Termo de Ades\u00e3o em novembro&hellip;","jetpack_sharing_enabled":true,"jetpack_likes_enabled":true,"_links":{"self":[{"href":"https:\/\/blogopara.com.br\/index.php\/wp-json\/wp\/v2\/posts\/41308","targetHints":{"allow":["GET"]}}],"collection":[{"href":"https:\/\/blogopara.com.br\/index.php\/wp-json\/wp\/v2\/posts"}],"about":[{"href":"https:\/\/blogopara.com.br\/index.php\/wp-json\/wp\/v2\/types\/post"}],"author":[{"embeddable":true,"href":"https:\/\/blogopara.com.br\/index.php\/wp-json\/wp\/v2\/users\/1"}],"replies":[{"embeddable":true,"href":"https:\/\/blogopara.com.br\/index.php\/wp-json\/wp\/v2\/comments?post=41308"}],"version-history":[{"count":1,"href":"https:\/\/blogopara.com.br\/index.php\/wp-json\/wp\/v2\/posts\/41308\/revisions"}],"predecessor-version":[{"id":41310,"href":"https:\/\/blogopara.com.br\/index.php\/wp-json\/wp\/v2\/posts\/41308\/revisions\/41310"}],"wp:featuredmedia":[{"embeddable":true,"href":"https:\/\/blogopara.com.br\/index.php\/wp-json\/wp\/v2\/media\/41309"}],"wp:attachment":[{"href":"https:\/\/blogopara.com.br\/index.php\/wp-json\/wp\/v2\/media?parent=41308"}],"wp:term":[{"taxonomy":"category","embeddable":true,"href":"https:\/\/blogopara.com.br\/index.php\/wp-json\/wp\/v2\/categories?post=41308"},{"taxonomy":"post_tag","embeddable":true,"href":"https:\/\/blogopara.com.br\/index.php\/wp-json\/wp\/v2\/tags?post=41308"}],"curies":[{"name":"wp","href":"https:\/\/api.w.org\/{rel}","templated":true}]}}