{"id":41355,"date":"2022-08-23T16:10:50","date_gmt":"2022-08-23T19:10:50","guid":{"rendered":"https:\/\/blogopara.com.br\/?p=41355"},"modified":"2022-08-23T16:10:53","modified_gmt":"2022-08-23T19:10:53","slug":"essa-parceria-nos-honra-e-fortalece-diz-ellen-carvalho-no-lancamento-da-candidatura-do-deputado-tum-em-casa-nova","status":"publish","type":"post","link":"https:\/\/blogopara.com.br\/index.php\/2022\/08\/23\/essa-parceria-nos-honra-e-fortalece-diz-ellen-carvalho-no-lancamento-da-candidatura-do-deputado-tum-em-casa-nova","title":{"rendered":"&#8220;Essa parceria nos honra e fortalece&#8221;, diz Ellen Carvalho no lan\u00e7amento da candidatura do deputado Tum, em Casa Nova"},"content":{"rendered":"<p style=\"text-align: justify;\">Neste final de semana, a candidata a deputada estadual, Ellen Carvalho (PT), juntamente com seu esposo, o ex-prefeito de Juazeiro, Isaac Carvalho, prestigiou o lan\u00e7amento da candidatura do deputado estadual Tum (Avante), em Casa Nova.<br aria-hidden=\"true\" \/><br aria-hidden=\"true\" \/>O ato de lan\u00e7amento contou com a presen\u00e7a de diversas lideran\u00e7as pol\u00edticas e comunit\u00e1rias, entre elas a do candidato a\u00a0vice-governador Geraldo J\u00fanior, que comp\u00f5e candidatura com Jer\u00f4nimo (PT), do prefeito Wilker Torres e do seu vice, Benedito de Santana, e da ex-prefeita Dagmar Nogueira.<br aria-hidden=\"true\" \/><br aria-hidden=\"true\" \/>Na caminhada pelas ruas da cidade, a dupla Ellen Carvalho e Tum foi recepcionada calorosamente, numa demonstra\u00e7\u00e3o de apoio e confian\u00e7a \u00e0s suas candidaturas.<br aria-hidden=\"true\" \/><br aria-hidden=\"true\" \/>Ellen Carvalho agradeceu a receptividade do povo casanovense, ressaltando a parceria com o deputado Tum.<br aria-hidden=\"true\" \/><br aria-hidden=\"true\" \/>&#8220;Nesta cidade querida, me sinto em casa e saio nova em energia e for\u00e7a! Essa parceria com TUM nos honra e fortalece. Pode contar comigo e com Isaac Carvalho, deputado Tum. N\u00f3s estamos levando o seu nome para todos os cantos de Juazeiro e de toda regi\u00e3o. Eu venho com muita for\u00e7a e muita vontade de acertar, construir e realizar. E anotem a\u00ed, o n\u00famero da \u00fanica candidata a deputada estadual da regi\u00e3o: 13.165&#8221;, disse Ellen Carvalho.<br aria-hidden=\"true\" \/><br aria-hidden=\"true\" \/><i><b>Ascom\/Ellen Carvalho<\/b><\/i><\/p>\n","protected":false},"excerpt":{"rendered":"<p>Neste final de semana, a candidata a deputada estadual, Ellen Carvalho (PT), juntamente com seu esposo, o ex-prefeito de Juazeiro, Isaac Carvalho, prestigiou o lan\u00e7amento da candidatura do deputado estadual Tum (Avante), em Casa Nova.O ato de lan\u00e7amento contou com a presen\u00e7a de diversas lideran\u00e7as pol\u00edticas e comunit\u00e1rias, entre elas a do candidato a\u00a0vice-governador Geraldo [&hellip;]<\/p>\n","protected":false},"author":1,"featured_media":41356,"comment_status":"closed","ping_status":"open","sticky":false,"template":"","format":"standard","meta":{"_uag_custom_page_level_css":"","_monsterinsights_skip_tracking":false,"_monsterinsights_sitenote_active":false,"_monsterinsights_sitenote_note":"","_monsterinsights_sitenote_category":0,"jetpack_post_was_ever_published":false,"_jetpack_newsletter_access":"","_jetpack_dont_email_post_to_subs":false,"_jetpack_newsletter_tier_id":0,"_jetpack_memberships_contains_paywalled_content":false,"_jetpack_memberships_contains_paid_content":false,"footnotes":"","jetpack_publicize_message":"","jetpack_publicize_feature_enabled":true,"jetpack_social_post_already_shared":true,"jetpack_social_options":{"image_generator_settings":{"template":"highway","default_image_id":0,"font":"","enabled":false},"version":2}},"categories":[199,203,197],"tags":[],"class_list":["post-41355","post","type-post","status-publish","format-standard","has-post-thumbnail","hentry","category-bahia","category-juazeiro","category-politica"],"jetpack_publicize_connections":[],"jetpack_featured_media_url":"https:\/\/blogopara.com.br\/wp-content\/uploads\/2022\/08\/EllenapoioTum2.jpeg","uagb_featured_image_src":{"full":["https:\/\/blogopara.com.br\/wp-content\/uploads\/2022\/08\/EllenapoioTum2.jpeg",500,333,false],"thumbnail":["https:\/\/blogopara.com.br\/wp-content\/uploads\/2022\/08\/EllenapoioTum2-150x150.jpeg",150,150,true],"medium":["https:\/\/blogopara.com.br\/wp-content\/uploads\/2022\/08\/EllenapoioTum2-300x200.jpeg",300,200,true],"medium_large":["https:\/\/blogopara.com.br\/wp-content\/uploads\/2022\/08\/EllenapoioTum2.jpeg",500,333,false],"large":["https:\/\/blogopara.com.br\/wp-content\/uploads\/2022\/08\/EllenapoioTum2.jpeg",500,333,false],"1536x1536":["https:\/\/blogopara.com.br\/wp-content\/uploads\/2022\/08\/EllenapoioTum2.jpeg",500,333,false],"2048x2048":["https:\/\/blogopara.com.br\/wp-content\/uploads\/2022\/08\/EllenapoioTum2.jpeg",500,333,false],"mantranews-slider-large":["https:\/\/blogopara.com.br\/wp-content\/uploads\/2022\/08\/EllenapoioTum2.jpeg",500,333,false],"mantranews-featured-medium":["https:\/\/blogopara.com.br\/wp-content\/uploads\/2022\/08\/EllenapoioTum2-420x307.jpeg",420,307,true],"mantranews-featured-long":["https:\/\/blogopara.com.br\/wp-content\/uploads\/2022\/08\/EllenapoioTum2-300x333.jpeg",300,333,true],"mantranews-block-medium":["https:\/\/blogopara.com.br\/wp-content\/uploads\/2022\/08\/EllenapoioTum2-464x290.jpeg",464,290,true],"mantranews-carousel-image":["https:\/\/blogopara.com.br\/wp-content\/uploads\/2022\/08\/EllenapoioTum2.jpeg",500,333,false],"mantranews-block-thumb":["https:\/\/blogopara.com.br\/wp-content\/uploads\/2022\/08\/EllenapoioTum2-322x230.jpeg",322,230,true],"mantranews-single-large":["https:\/\/blogopara.com.br\/wp-content\/uploads\/2022\/08\/EllenapoioTum2.jpeg",500,333,false]},"uagb_author_info":{"display_name":"Reda\u00e7\u00e3o geral","author_link":"https:\/\/blogopara.com.br\/index.php\/author\/blogopara"},"uagb_comment_info":0,"uagb_excerpt":"Neste final de semana, a candidata a deputada estadual, Ellen Carvalho (PT), juntamente com seu esposo, o ex-prefeito de Juazeiro, Isaac Carvalho, prestigiou o lan\u00e7amento da candidatura do deputado estadual Tum (Avante), em Casa Nova.O ato de lan\u00e7amento contou com a presen\u00e7a de diversas lideran\u00e7as pol\u00edticas e comunit\u00e1rias, entre elas a do candidato a\u00a0vice-governador Geraldo&hellip;","jetpack_sharing_enabled":true,"jetpack_likes_enabled":true,"_links":{"self":[{"href":"https:\/\/blogopara.com.br\/index.php\/wp-json\/wp\/v2\/posts\/41355","targetHints":{"allow":["GET"]}}],"collection":[{"href":"https:\/\/blogopara.com.br\/index.php\/wp-json\/wp\/v2\/posts"}],"about":[{"href":"https:\/\/blogopara.com.br\/index.php\/wp-json\/wp\/v2\/types\/post"}],"author":[{"embeddable":true,"href":"https:\/\/blogopara.com.br\/index.php\/wp-json\/wp\/v2\/users\/1"}],"replies":[{"embeddable":true,"href":"https:\/\/blogopara.com.br\/index.php\/wp-json\/wp\/v2\/comments?post=41355"}],"version-history":[{"count":1,"href":"https:\/\/blogopara.com.br\/index.php\/wp-json\/wp\/v2\/posts\/41355\/revisions"}],"predecessor-version":[{"id":41357,"href":"https:\/\/blogopara.com.br\/index.php\/wp-json\/wp\/v2\/posts\/41355\/revisions\/41357"}],"wp:featuredmedia":[{"embeddable":true,"href":"https:\/\/blogopara.com.br\/index.php\/wp-json\/wp\/v2\/media\/41356"}],"wp:attachment":[{"href":"https:\/\/blogopara.com.br\/index.php\/wp-json\/wp\/v2\/media?parent=41355"}],"wp:term":[{"taxonomy":"category","embeddable":true,"href":"https:\/\/blogopara.com.br\/index.php\/wp-json\/wp\/v2\/categories?post=41355"},{"taxonomy":"post_tag","embeddable":true,"href":"https:\/\/blogopara.com.br\/index.php\/wp-json\/wp\/v2\/tags?post=41355"}],"curies":[{"name":"wp","href":"https:\/\/api.w.org\/{rel}","templated":true}]}}