{"id":41397,"date":"2022-08-24T20:10:00","date_gmt":"2022-08-24T23:10:00","guid":{"rendered":"https:\/\/blogopara.com.br\/?p=41397"},"modified":"2022-08-24T14:06:04","modified_gmt":"2022-08-24T17:06:04","slug":"juazeiro-secretaria-de-educacao-se-reune-com-o-mec-em-brasilia-para-garantir-recursos-da-merenda-escolar","status":"publish","type":"post","link":"https:\/\/blogopara.com.br\/index.php\/2022\/08\/24\/juazeiro-secretaria-de-educacao-se-reune-com-o-mec-em-brasilia-para-garantir-recursos-da-merenda-escolar","title":{"rendered":"Juazeiro: Secret\u00e1ria de Educa\u00e7\u00e3o se re\u00fane com o MEC, em Bras\u00edlia, para garantir recursos da merenda escolar"},"content":{"rendered":"<p style=\"text-align: justify;\">O TCU \u2013 Tribunal de Contas da Uni\u00e3o registrou no m\u00eas de agosto que o processo TC 038.540\/2021-5 contra o ex-prefeito de Juazeiro Isaac Cavalcante de Carvalho foi registrado como tr\u00e2nsito em julgado condenando o ex-gestor a pagar multa e inclus\u00e3o do nome na rela\u00e7\u00e3o dos \u201cFicha-Suja\u201d o que o torna ineleg\u00edvel para o pr\u00f3ximo pleito.<\/p>\n<p style=\"text-align: justify;\">No processo que correu \u00e0 revelia o TCU aponta que \u201ca tomada de contas especial instaurada pelo Fundo Nacional de Desenvolvimento da Educa\u00e7\u00e3o, em desfavor do Sr. Isaac Cavalcante de Carvalho (CPF 520.592.005-04), ex-Prefeito Municipal de Juazeiro (BA), na gest\u00e3o 2009-2012 (pe\u00e7a 2), em raz\u00e3o de rejei\u00e7\u00e3o parcial de presta\u00e7\u00e3o de contas dos recursos recebidos por aquela municipalidade na \u00f3rbita do Programa Nacional de Alimenta\u00e7\u00e3o Escolar (PNAE), no exerc\u00edcio de 2011\u201d.<\/p>\n<p style=\"text-align: justify;\">Para o munic\u00edpio e os alunos da rede municipal de educa\u00e7\u00e3o n\u00e3o sofrerem as consequ\u00eancias danosas da falta de merenda escolar, a secret\u00e1ria de educa\u00e7\u00e3o, Normeide Almeida, conseguiu agendar na semana passada uma reuni\u00e3o com os prepostos do MEC &#8211; Minist\u00e9rio da Educa\u00e7\u00e3o, mas especificamente com o Fundo Nacional de Desenvolvimento da Educa\u00e7\u00e3o (FNDE). Na pauta, entre outras coisas, tratar das demandas relativas \u00e0 alimenta\u00e7\u00e3o escolar, pendentes de antigas gest\u00f5es.&nbsp; Al\u00e9m disso, para tamb\u00e9m solicitar ao \u00f3rg\u00e3o a prioridade na libera\u00e7\u00e3o e regulariza\u00e7\u00e3o das contas, j\u00e1 sinalizados pela gest\u00e3o municipal mediante processos documentais.<\/p>\n<p style=\"text-align: justify;\">\u201cAs pol\u00edticas p\u00fablicas educacionais s\u00e3o muito importantes porque garantem, muitas vezes, a perman\u00eancia do aluno na escola. Estamos sempre trabalhando para que a aplica\u00e7\u00e3o dessas pol\u00edticas seja efetiva, e por isso, agendamos e viemos at\u00e9 o FNDE resolver quest\u00f5es pendentes nesse sentido\u201d, explicou a secret\u00e1ria Normeide Almeida.<\/p>\n<div class=\"easy-sharing wpes-easy-sharing\" style=\"text-align: justify;\"><\/div>\n","protected":false},"excerpt":{"rendered":"<p>O TCU \u2013 Tribunal de Contas da Uni\u00e3o registrou no m\u00eas de agosto que o processo TC 038.540\/2021-5 contra o ex-prefeito de Juazeiro Isaac Cavalcante de Carvalho foi registrado como tr\u00e2nsito em julgado condenando o ex-gestor a pagar multa e inclus\u00e3o do nome na rela\u00e7\u00e3o dos \u201cFicha-Suja\u201d o que o torna ineleg\u00edvel para o pr\u00f3ximo [&hellip;]<\/p>\n","protected":false},"author":1,"featured_media":41398,"comment_status":"closed","ping_status":"open","sticky":false,"template":"","format":"standard","meta":{"_uag_custom_page_level_css":"","_monsterinsights_skip_tracking":false,"_monsterinsights_sitenote_active":false,"_monsterinsights_sitenote_note":"","_monsterinsights_sitenote_category":0,"jetpack_post_was_ever_published":false,"_jetpack_newsletter_access":"","_jetpack_dont_email_post_to_subs":false,"_jetpack_newsletter_tier_id":0,"_jetpack_memberships_contains_paywalled_content":false,"_jetpack_memberships_contains_paid_content":false,"footnotes":"","jetpack_publicize_message":"","jetpack_publicize_feature_enabled":true,"jetpack_social_post_already_shared":true,"jetpack_social_options":{"image_generator_settings":{"template":"highway","default_image_id":0,"font":"","enabled":false},"version":2}},"categories":[209,203],"tags":[],"class_list":["post-41397","post","type-post","status-publish","format-standard","has-post-thumbnail","hentry","category-educacao","category-juazeiro"],"jetpack_publicize_connections":[],"jetpack_featured_media_url":"https:\/\/blogopara.com.br\/wp-content\/uploads\/2022\/08\/a1-94.jpg","uagb_featured_image_src":{"full":["https:\/\/blogopara.com.br\/wp-content\/uploads\/2022\/08\/a1-94.jpg",500,373,false],"thumbnail":["https:\/\/blogopara.com.br\/wp-content\/uploads\/2022\/08\/a1-94-150x150.jpg",150,150,true],"medium":["https:\/\/blogopara.com.br\/wp-content\/uploads\/2022\/08\/a1-94-300x224.jpg",300,224,true],"medium_large":["https:\/\/blogopara.com.br\/wp-content\/uploads\/2022\/08\/a1-94.jpg",500,373,false],"large":["https:\/\/blogopara.com.br\/wp-content\/uploads\/2022\/08\/a1-94.jpg",500,373,false],"1536x1536":["https:\/\/blogopara.com.br\/wp-content\/uploads\/2022\/08\/a1-94.jpg",500,373,false],"2048x2048":["https:\/\/blogopara.com.br\/wp-content\/uploads\/2022\/08\/a1-94.jpg",500,373,false],"mantranews-slider-large":["https:\/\/blogopara.com.br\/wp-content\/uploads\/2022\/08\/a1-94.jpg",500,373,false],"mantranews-featured-medium":["https:\/\/blogopara.com.br\/wp-content\/uploads\/2022\/08\/a1-94-420x307.jpg",420,307,true],"mantranews-featured-long":["https:\/\/blogopara.com.br\/wp-content\/uploads\/2022\/08\/a1-94-300x373.jpg",300,373,true],"mantranews-block-medium":["https:\/\/blogopara.com.br\/wp-content\/uploads\/2022\/08\/a1-94-464x290.jpg",464,290,true],"mantranews-carousel-image":["https:\/\/blogopara.com.br\/wp-content\/uploads\/2022\/08\/a1-94.jpg",500,373,false],"mantranews-block-thumb":["https:\/\/blogopara.com.br\/wp-content\/uploads\/2022\/08\/a1-94-322x230.jpg",322,230,true],"mantranews-single-large":["https:\/\/blogopara.com.br\/wp-content\/uploads\/2022\/08\/a1-94.jpg",500,373,false]},"uagb_author_info":{"display_name":"Reda\u00e7\u00e3o geral","author_link":"https:\/\/blogopara.com.br\/index.php\/author\/blogopara"},"uagb_comment_info":0,"uagb_excerpt":"O TCU \u2013 Tribunal de Contas da Uni\u00e3o registrou no m\u00eas de agosto que o processo TC 038.540\/2021-5 contra o ex-prefeito de Juazeiro Isaac Cavalcante de Carvalho foi registrado como tr\u00e2nsito em julgado condenando o ex-gestor a pagar multa e inclus\u00e3o do nome na rela\u00e7\u00e3o dos \u201cFicha-Suja\u201d o que o torna ineleg\u00edvel para o pr\u00f3ximo&hellip;","jetpack_sharing_enabled":true,"jetpack_likes_enabled":true,"_links":{"self":[{"href":"https:\/\/blogopara.com.br\/index.php\/wp-json\/wp\/v2\/posts\/41397","targetHints":{"allow":["GET"]}}],"collection":[{"href":"https:\/\/blogopara.com.br\/index.php\/wp-json\/wp\/v2\/posts"}],"about":[{"href":"https:\/\/blogopara.com.br\/index.php\/wp-json\/wp\/v2\/types\/post"}],"author":[{"embeddable":true,"href":"https:\/\/blogopara.com.br\/index.php\/wp-json\/wp\/v2\/users\/1"}],"replies":[{"embeddable":true,"href":"https:\/\/blogopara.com.br\/index.php\/wp-json\/wp\/v2\/comments?post=41397"}],"version-history":[{"count":3,"href":"https:\/\/blogopara.com.br\/index.php\/wp-json\/wp\/v2\/posts\/41397\/revisions"}],"predecessor-version":[{"id":41406,"href":"https:\/\/blogopara.com.br\/index.php\/wp-json\/wp\/v2\/posts\/41397\/revisions\/41406"}],"wp:featuredmedia":[{"embeddable":true,"href":"https:\/\/blogopara.com.br\/index.php\/wp-json\/wp\/v2\/media\/41398"}],"wp:attachment":[{"href":"https:\/\/blogopara.com.br\/index.php\/wp-json\/wp\/v2\/media?parent=41397"}],"wp:term":[{"taxonomy":"category","embeddable":true,"href":"https:\/\/blogopara.com.br\/index.php\/wp-json\/wp\/v2\/categories?post=41397"},{"taxonomy":"post_tag","embeddable":true,"href":"https:\/\/blogopara.com.br\/index.php\/wp-json\/wp\/v2\/tags?post=41397"}],"curies":[{"name":"wp","href":"https:\/\/api.w.org\/{rel}","templated":true}]}}