{"id":41437,"date":"2022-08-25T09:19:16","date_gmt":"2022-08-25T12:19:16","guid":{"rendered":"https:\/\/blogopara.com.br\/?p=41437"},"modified":"2022-08-25T09:20:58","modified_gmt":"2022-08-25T12:20:58","slug":"caso-deliane-familiares-e-comunidade-se-mobilizam-em-frente-ao-paco","status":"publish","type":"post","link":"https:\/\/blogopara.com.br\/index.php\/2022\/08\/25\/caso-deliane-familiares-e-comunidade-se-mobilizam-em-frente-ao-paco","title":{"rendered":"Caso Deliane: Familiares e comunidade se mobilizam em frente ao Pa\u00e7o"},"content":{"rendered":"<p class=\"x_x_MsoNormal\" style=\"text-align: justify;\">Internada desde 10 de junho, Deliane Feitosa, que procurou o Hospital materno Infantil administrado pela Prefeita Suzana Ramos para uma simples curetagem, j\u00e1 esteve internada no Hospital Dom Malan em Petrolina e na UTI do Hospital Regional em Juazeiro e sua fam\u00edlia, depois das desculpas esfarrapadas da Secretaria, continua sem assist\u00eancia.<\/p>\n<p class=\"x_x_MsoNormal\" style=\"text-align: justify;\">\u201cA culpa \u00e9 sua Dr. Fernando\u201d \u2013 ecoaram vozes indignadas na Pra\u00e7a e cartazes, com a foto da Prefeita Suzana e do Secret\u00e1rio Fernando Costa, registravam: \u201cEsses s\u00e3o os irrespons\u00e1veis que negaram o exame que a m\u00e9dica solicitou para Deliane\u201d.<\/p>\n<p class=\"x_x_MsoNormal\" style=\"text-align: justify;\">No final da tarde familiares e amigos de Deliane tiveram nova motiva\u00e7\u00e3o para que a indigna\u00e7\u00e3o crescesse: O Secret\u00e1rio, por meio de nota, disse que a m\u00e9dica n\u00e3o pediu urg\u00eancia para a realiza\u00e7\u00e3o do exame.<\/p>\n<p class=\"x_x_MsoNormal\" style=\"text-align: justify;\">Familiares indagam: \u201cExame \u00e9 para ser feito. E (o exame) de uma pessoa internada e sangrando \u00e9 para ser feito de imediato. \u00c9 urgente\u201d e n\u00e3o para \u201cser analisado e realizado se a Prefeita e o Secret\u00e1rio resolverem sabe Deus quando\u201d<\/p>\n","protected":false},"excerpt":{"rendered":"<p>Internada desde 10 de junho, Deliane Feitosa, que procurou o Hospital materno Infantil administrado pela Prefeita Suzana Ramos para uma simples curetagem, j\u00e1 esteve internada no Hospital Dom Malan em Petrolina e na UTI do Hospital Regional em Juazeiro e sua fam\u00edlia, depois das desculpas esfarrapadas da Secretaria, continua sem assist\u00eancia. \u201cA culpa \u00e9 sua [&hellip;]<\/p>\n","protected":false},"author":1,"featured_media":41438,"comment_status":"closed","ping_status":"open","sticky":false,"template":"","format":"standard","meta":{"_uag_custom_page_level_css":"","_monsterinsights_skip_tracking":false,"_monsterinsights_sitenote_active":false,"_monsterinsights_sitenote_note":"","_monsterinsights_sitenote_category":0,"jetpack_post_was_ever_published":false,"_jetpack_newsletter_access":"","_jetpack_dont_email_post_to_subs":false,"_jetpack_newsletter_tier_id":0,"_jetpack_memberships_contains_paywalled_content":false,"_jetpack_memberships_contains_paid_content":false,"footnotes":"","jetpack_publicize_message":"","jetpack_publicize_feature_enabled":true,"jetpack_social_post_already_shared":true,"jetpack_social_options":{"image_generator_settings":{"template":"highway","default_image_id":0,"font":"","enabled":false},"version":2}},"categories":[203,205],"tags":[],"class_list":["post-41437","post","type-post","status-publish","format-standard","has-post-thumbnail","hentry","category-juazeiro","category-saude"],"jetpack_publicize_connections":[],"jetpack_featured_media_url":"https:\/\/blogopara.com.br\/wp-content\/uploads\/2022\/08\/Amigas-e-familiares-de-Deliane-mostram-revolta-e-indignacao-na-praca-620x348-1.jpg","uagb_featured_image_src":{"full":["https:\/\/blogopara.com.br\/wp-content\/uploads\/2022\/08\/Amigas-e-familiares-de-Deliane-mostram-revolta-e-indignacao-na-praca-620x348-1.jpg",500,280,false],"thumbnail":["https:\/\/blogopara.com.br\/wp-content\/uploads\/2022\/08\/Amigas-e-familiares-de-Deliane-mostram-revolta-e-indignacao-na-praca-620x348-1-150x150.jpg",150,150,true],"medium":["https:\/\/blogopara.com.br\/wp-content\/uploads\/2022\/08\/Amigas-e-familiares-de-Deliane-mostram-revolta-e-indignacao-na-praca-620x348-1-300x168.jpg",300,168,true],"medium_large":["https:\/\/blogopara.com.br\/wp-content\/uploads\/2022\/08\/Amigas-e-familiares-de-Deliane-mostram-revolta-e-indignacao-na-praca-620x348-1.jpg",500,280,false],"large":["https:\/\/blogopara.com.br\/wp-content\/uploads\/2022\/08\/Amigas-e-familiares-de-Deliane-mostram-revolta-e-indignacao-na-praca-620x348-1.jpg",500,280,false],"1536x1536":["https:\/\/blogopara.com.br\/wp-content\/uploads\/2022\/08\/Amigas-e-familiares-de-Deliane-mostram-revolta-e-indignacao-na-praca-620x348-1.jpg",500,280,false],"2048x2048":["https:\/\/blogopara.com.br\/wp-content\/uploads\/2022\/08\/Amigas-e-familiares-de-Deliane-mostram-revolta-e-indignacao-na-praca-620x348-1.jpg",500,280,false],"mantranews-slider-large":["https:\/\/blogopara.com.br\/wp-content\/uploads\/2022\/08\/Amigas-e-familiares-de-Deliane-mostram-revolta-e-indignacao-na-praca-620x348-1.jpg",500,280,false],"mantranews-featured-medium":["https:\/\/blogopara.com.br\/wp-content\/uploads\/2022\/08\/Amigas-e-familiares-de-Deliane-mostram-revolta-e-indignacao-na-praca-620x348-1-420x280.jpg",420,280,true],"mantranews-featured-long":["https:\/\/blogopara.com.br\/wp-content\/uploads\/2022\/08\/Amigas-e-familiares-de-Deliane-mostram-revolta-e-indignacao-na-praca-620x348-1-300x280.jpg",300,280,true],"mantranews-block-medium":["https:\/\/blogopara.com.br\/wp-content\/uploads\/2022\/08\/Amigas-e-familiares-de-Deliane-mostram-revolta-e-indignacao-na-praca-620x348-1-464x280.jpg",464,280,true],"mantranews-carousel-image":["https:\/\/blogopara.com.br\/wp-content\/uploads\/2022\/08\/Amigas-e-familiares-de-Deliane-mostram-revolta-e-indignacao-na-praca-620x348-1.jpg",500,280,false],"mantranews-block-thumb":["https:\/\/blogopara.com.br\/wp-content\/uploads\/2022\/08\/Amigas-e-familiares-de-Deliane-mostram-revolta-e-indignacao-na-praca-620x348-1-322x230.jpg",322,230,true],"mantranews-single-large":["https:\/\/blogopara.com.br\/wp-content\/uploads\/2022\/08\/Amigas-e-familiares-de-Deliane-mostram-revolta-e-indignacao-na-praca-620x348-1.jpg",500,280,false]},"uagb_author_info":{"display_name":"Reda\u00e7\u00e3o geral","author_link":"https:\/\/blogopara.com.br\/index.php\/author\/blogopara"},"uagb_comment_info":0,"uagb_excerpt":"Internada desde 10 de junho, Deliane Feitosa, que procurou o Hospital materno Infantil administrado pela Prefeita Suzana Ramos para uma simples curetagem, j\u00e1 esteve internada no Hospital Dom Malan em Petrolina e na UTI do Hospital Regional em Juazeiro e sua fam\u00edlia, depois das desculpas esfarrapadas da Secretaria, continua sem assist\u00eancia. \u201cA culpa \u00e9 sua&hellip;","jetpack_sharing_enabled":true,"jetpack_likes_enabled":true,"_links":{"self":[{"href":"https:\/\/blogopara.com.br\/index.php\/wp-json\/wp\/v2\/posts\/41437","targetHints":{"allow":["GET"]}}],"collection":[{"href":"https:\/\/blogopara.com.br\/index.php\/wp-json\/wp\/v2\/posts"}],"about":[{"href":"https:\/\/blogopara.com.br\/index.php\/wp-json\/wp\/v2\/types\/post"}],"author":[{"embeddable":true,"href":"https:\/\/blogopara.com.br\/index.php\/wp-json\/wp\/v2\/users\/1"}],"replies":[{"embeddable":true,"href":"https:\/\/blogopara.com.br\/index.php\/wp-json\/wp\/v2\/comments?post=41437"}],"version-history":[{"count":2,"href":"https:\/\/blogopara.com.br\/index.php\/wp-json\/wp\/v2\/posts\/41437\/revisions"}],"predecessor-version":[{"id":41440,"href":"https:\/\/blogopara.com.br\/index.php\/wp-json\/wp\/v2\/posts\/41437\/revisions\/41440"}],"wp:featuredmedia":[{"embeddable":true,"href":"https:\/\/blogopara.com.br\/index.php\/wp-json\/wp\/v2\/media\/41438"}],"wp:attachment":[{"href":"https:\/\/blogopara.com.br\/index.php\/wp-json\/wp\/v2\/media?parent=41437"}],"wp:term":[{"taxonomy":"category","embeddable":true,"href":"https:\/\/blogopara.com.br\/index.php\/wp-json\/wp\/v2\/categories?post=41437"},{"taxonomy":"post_tag","embeddable":true,"href":"https:\/\/blogopara.com.br\/index.php\/wp-json\/wp\/v2\/tags?post=41437"}],"curies":[{"name":"wp","href":"https:\/\/api.w.org\/{rel}","templated":true}]}}