{"id":41483,"date":"2022-08-25T17:18:30","date_gmt":"2022-08-25T20:18:30","guid":{"rendered":"https:\/\/blogopara.com.br\/?p=41483"},"modified":"2022-08-25T17:18:34","modified_gmt":"2022-08-25T20:18:34","slug":"joao-leao-reforca-o-compromisso-com-o-desenvolvimento-da-bahia","status":"publish","type":"post","link":"https:\/\/blogopara.com.br\/index.php\/2022\/08\/25\/joao-leao-reforca-o-compromisso-com-o-desenvolvimento-da-bahia","title":{"rendered":"Jo\u00e3o Le\u00e3o refor\u00e7a o compromisso com o desenvolvimento da Bahia"},"content":{"rendered":"<p style=\"text-align: justify;\">O vice-governador da Bahia, candidato a deputado federal, Jo\u00e3o Le\u00e3o, (PP), continua em ritmo intenso e desde que foi dada a largada para a corrida eleitoral j\u00e1 percorreu mais de 80 munic\u00edpios. Ele que j\u00e1 foi prefeito de Lauro de Freitas, deputado federal por cinco mandatos, defende nos quatro cantos da Bahia, projetos que colocar\u00e3o o estado no desenvolvimento. \u201cA Bahia \u00e9 um estado cheio de riquezas, tem o dobro da \u00e1rea territorial de S\u00e3o Paulo, ou seja, tem um potencial incr\u00edvel, s\u00f3 precisa deixar de ser vag\u00e3o e se tornar locomotiva.<\/p>\n<p style=\"text-align: justify;\">Em sua trajet\u00f3ria, Le\u00e3o tem in\u00fameros projetos voltados para a economia, como: Energia e\u00f3lica, Fiol \u2013 Ferrovia de Integra\u00e7\u00e3o Oeste-Leste &#8211; usinas de a\u00e7\u00facar, vin\u00edcola, e dezenas de outros. \u201cA Fiol ser\u00e1 uma importante engrenagem da economia baiana, considerada um dos pilares do processo de industrializa\u00e7\u00e3o do interior do estado; e com a chegada do Polo Agroindustrial e Bioenerg\u00e9tico no oeste da Bahia, essa extens\u00e3o da Fiol entre Bom Jesus da Lapa e a Barra impulsionar\u00e1 muito a economia da regi\u00e3o\u201d, garante.<\/p>\n<p style=\"text-align: justify;\">Nesta corrida eleitoral, Le\u00e3o tem visitado in\u00fameras cidades, de quarta a domingo, por exemplo, ser\u00e3o mais de 8, e onde ele chega tem conversando com o povo, reafirmando seu compromisso pela Bahia.<\/p>\n<p style=\"text-align: justify;\">\u201cContinuaremos trabalhando pela Bahia e vamos coloca-la em lugar de destaque.\u00a0 Eu, Cac\u00e1 Le\u00e3o e ACM Neto vamos trabalhar e muito nos 417 munic\u00edpios baianos, voc\u00eas j\u00e1 sabem que Cac\u00e1 Le\u00e3o \u00e9 considerado um dos mais atuantes parlamentares do Brasil e no Senado ter\u00e1 um papel fundamental e meu netinho foi melhor prefeito e ser\u00e1 o melhor governador, ent\u00e3o, nossa uni\u00e3o j\u00e1 deu certo\u201d, garante.<\/p>\n","protected":false},"excerpt":{"rendered":"<p>O vice-governador da Bahia, candidato a deputado federal, Jo\u00e3o Le\u00e3o, (PP), continua em ritmo intenso e desde que foi dada a largada para a corrida eleitoral j\u00e1 percorreu mais de 80 munic\u00edpios. Ele que j\u00e1 foi prefeito de Lauro de Freitas, deputado federal por cinco mandatos, defende nos quatro cantos da Bahia, projetos que colocar\u00e3o [&hellip;]<\/p>\n","protected":false},"author":1,"featured_media":41484,"comment_status":"closed","ping_status":"open","sticky":false,"template":"","format":"standard","meta":{"_uag_custom_page_level_css":"","_monsterinsights_skip_tracking":false,"_monsterinsights_sitenote_active":false,"_monsterinsights_sitenote_note":"","_monsterinsights_sitenote_category":0,"jetpack_post_was_ever_published":false,"_jetpack_newsletter_access":"","_jetpack_dont_email_post_to_subs":false,"_jetpack_newsletter_tier_id":0,"_jetpack_memberships_contains_paywalled_content":false,"_jetpack_memberships_contains_paid_content":false,"footnotes":"","jetpack_publicize_message":"","jetpack_publicize_feature_enabled":true,"jetpack_social_post_already_shared":true,"jetpack_social_options":{"image_generator_settings":{"template":"highway","default_image_id":0,"font":"","enabled":false},"version":2}},"categories":[199,10109],"tags":[2010,1477],"class_list":["post-41483","post","type-post","status-publish","format-standard","has-post-thumbnail","hentry","category-bahia","category-eleicoes-2022","tag-deputado-federal","tag-joao-leao"],"jetpack_publicize_connections":[],"jetpack_featured_media_url":"https:\/\/blogopara.com.br\/wp-content\/uploads\/2022\/08\/WhatsApp-Image-2022-08-25-at-09.56.02.jpeg","uagb_featured_image_src":{"full":["https:\/\/blogopara.com.br\/wp-content\/uploads\/2022\/08\/WhatsApp-Image-2022-08-25-at-09.56.02.jpeg",500,333,false],"thumbnail":["https:\/\/blogopara.com.br\/wp-content\/uploads\/2022\/08\/WhatsApp-Image-2022-08-25-at-09.56.02-150x150.jpeg",150,150,true],"medium":["https:\/\/blogopara.com.br\/wp-content\/uploads\/2022\/08\/WhatsApp-Image-2022-08-25-at-09.56.02-300x200.jpeg",300,200,true],"medium_large":["https:\/\/blogopara.com.br\/wp-content\/uploads\/2022\/08\/WhatsApp-Image-2022-08-25-at-09.56.02.jpeg",500,333,false],"large":["https:\/\/blogopara.com.br\/wp-content\/uploads\/2022\/08\/WhatsApp-Image-2022-08-25-at-09.56.02.jpeg",500,333,false],"1536x1536":["https:\/\/blogopara.com.br\/wp-content\/uploads\/2022\/08\/WhatsApp-Image-2022-08-25-at-09.56.02.jpeg",500,333,false],"2048x2048":["https:\/\/blogopara.com.br\/wp-content\/uploads\/2022\/08\/WhatsApp-Image-2022-08-25-at-09.56.02.jpeg",500,333,false],"mantranews-slider-large":["https:\/\/blogopara.com.br\/wp-content\/uploads\/2022\/08\/WhatsApp-Image-2022-08-25-at-09.56.02.jpeg",500,333,false],"mantranews-featured-medium":["https:\/\/blogopara.com.br\/wp-content\/uploads\/2022\/08\/WhatsApp-Image-2022-08-25-at-09.56.02-420x307.jpeg",420,307,true],"mantranews-featured-long":["https:\/\/blogopara.com.br\/wp-content\/uploads\/2022\/08\/WhatsApp-Image-2022-08-25-at-09.56.02-300x333.jpeg",300,333,true],"mantranews-block-medium":["https:\/\/blogopara.com.br\/wp-content\/uploads\/2022\/08\/WhatsApp-Image-2022-08-25-at-09.56.02-464x290.jpeg",464,290,true],"mantranews-carousel-image":["https:\/\/blogopara.com.br\/wp-content\/uploads\/2022\/08\/WhatsApp-Image-2022-08-25-at-09.56.02.jpeg",500,333,false],"mantranews-block-thumb":["https:\/\/blogopara.com.br\/wp-content\/uploads\/2022\/08\/WhatsApp-Image-2022-08-25-at-09.56.02-322x230.jpeg",322,230,true],"mantranews-single-large":["https:\/\/blogopara.com.br\/wp-content\/uploads\/2022\/08\/WhatsApp-Image-2022-08-25-at-09.56.02.jpeg",500,333,false]},"uagb_author_info":{"display_name":"Reda\u00e7\u00e3o geral","author_link":"https:\/\/blogopara.com.br\/index.php\/author\/blogopara"},"uagb_comment_info":0,"uagb_excerpt":"O vice-governador da Bahia, candidato a deputado federal, Jo\u00e3o Le\u00e3o, (PP), continua em ritmo intenso e desde que foi dada a largada para a corrida eleitoral j\u00e1 percorreu mais de 80 munic\u00edpios. Ele que j\u00e1 foi prefeito de Lauro de Freitas, deputado federal por cinco mandatos, defende nos quatro cantos da Bahia, projetos que colocar\u00e3o&hellip;","jetpack_sharing_enabled":true,"jetpack_likes_enabled":true,"_links":{"self":[{"href":"https:\/\/blogopara.com.br\/index.php\/wp-json\/wp\/v2\/posts\/41483","targetHints":{"allow":["GET"]}}],"collection":[{"href":"https:\/\/blogopara.com.br\/index.php\/wp-json\/wp\/v2\/posts"}],"about":[{"href":"https:\/\/blogopara.com.br\/index.php\/wp-json\/wp\/v2\/types\/post"}],"author":[{"embeddable":true,"href":"https:\/\/blogopara.com.br\/index.php\/wp-json\/wp\/v2\/users\/1"}],"replies":[{"embeddable":true,"href":"https:\/\/blogopara.com.br\/index.php\/wp-json\/wp\/v2\/comments?post=41483"}],"version-history":[{"count":1,"href":"https:\/\/blogopara.com.br\/index.php\/wp-json\/wp\/v2\/posts\/41483\/revisions"}],"predecessor-version":[{"id":41485,"href":"https:\/\/blogopara.com.br\/index.php\/wp-json\/wp\/v2\/posts\/41483\/revisions\/41485"}],"wp:featuredmedia":[{"embeddable":true,"href":"https:\/\/blogopara.com.br\/index.php\/wp-json\/wp\/v2\/media\/41484"}],"wp:attachment":[{"href":"https:\/\/blogopara.com.br\/index.php\/wp-json\/wp\/v2\/media?parent=41483"}],"wp:term":[{"taxonomy":"category","embeddable":true,"href":"https:\/\/blogopara.com.br\/index.php\/wp-json\/wp\/v2\/categories?post=41483"},{"taxonomy":"post_tag","embeddable":true,"href":"https:\/\/blogopara.com.br\/index.php\/wp-json\/wp\/v2\/tags?post=41483"}],"curies":[{"name":"wp","href":"https:\/\/api.w.org\/{rel}","templated":true}]}}