{"id":41504,"date":"2022-08-26T15:45:00","date_gmt":"2022-08-26T18:45:00","guid":{"rendered":"https:\/\/blogopara.com.br\/?p=41504"},"modified":"2022-08-26T15:28:45","modified_gmt":"2022-08-26T18:28:45","slug":"ministro-do-tse-arquiva-acao-que-pedia-impugnacao-da-candidatura-de-ciro-gomes","status":"publish","type":"post","link":"https:\/\/blogopara.com.br\/index.php\/2022\/08\/26\/ministro-do-tse-arquiva-acao-que-pedia-impugnacao-da-candidatura-de-ciro-gomes","title":{"rendered":"Ministro do TSE arquiva a\u00e7\u00e3o que pedia impugna\u00e7\u00e3o da candidatura de Ciro Gomes"},"content":{"rendered":"<p style=\"text-align: justify;\">O ministro Mauro Campbell, do Tribunal Superior Eleitoral (TSE), arquivou um pedido de impugna\u00e7\u00e3o do registro de candidatura de Ciro Gomes (PDT) \u00e0 Presid\u00eancia feito candidato a deputado federal Fernando Holiday (Novo).<\/p>\n<p style=\"text-align: justify;\">No pedido, uma a\u00e7\u00e3o de investiga\u00e7\u00e3o judicial eleitoral, Holiday e o candidato a deputado estadual em S\u00e3o Paulo Lucas Pavanato argumentaram que o registro do pedetista \u00e9 completamente \u201cantag\u00f4nico \u00e0 legisla\u00e7\u00e3o\u201d por causa de uma condena\u00e7\u00e3o em segunda inst\u00e2ncia por \u201cfalas racistas\u201d.<\/p>\n<p style=\"text-align: justify;\">Em junho de 2018, em uma entrevista, Ciro teria chamado Holiday de \u201ccapit\u00e3ozinho do mato\u201d por sua oposi\u00e7\u00e3o \u00e0s pautas defendidas pelo movimento negro.<\/p>\n<p style=\"text-align: justify;\">Segundo Campbell, a jurisprud\u00eancia do Tribunal Superior Eleitoral se firmou no sentido que, \u201cpara ajuizar a\u00e7\u00f5es eleitorais, basta que o candidato perten\u00e7a \u00e0 circunscri\u00e7\u00e3o do r\u00e9u, tenha sido registrado para o pleito e os fatos motivadores da pretens\u00e3o se relacionem \u00e0 mesma elei\u00e7\u00e3o.<\/p>\n<p style=\"text-align: justify;\">\u201cEm outras palavras, dentro da mesma circunscri\u00e7\u00e3o, qualquer candidato, partido pol\u00edtico ou coliga\u00e7\u00e3o pode ajuizar a\u00e7\u00f5es eleitorais contra outros candidatos, ainda que n\u00e3o disputem o mesmo cargo. No presente caso, contudo, o representante n\u00e3o disputa elei\u00e7\u00e3o na circunscri\u00e7\u00e3o nacional, pois \u00e9 candidato a deputado federal apenas na circunscri\u00e7\u00e3o da Bahia\u201d, disse o ministro.<\/p>\n<p style=\"text-align: justify;\">Para o ministro, \u201co ajuizamento de a\u00e7\u00e3o de investiga\u00e7\u00e3o judicial eleitoral com base apenas em elementos indici\u00e1rios ou prova pouca robusta n\u00e3o basta, por si s\u00f3, para condena\u00e7\u00e3o por litig\u00e2ncia de m\u00e1-f\u00e9 e\/ou configura\u00e7\u00e3o do crime previsto no art. 25 da LC n\u00ba 64\/1990, tendo em vista a necess\u00e1ria comprova\u00e7\u00e3o da inten\u00e7\u00e3o de alterar a verdade dos fatos, da deslealdade e do abuso de direito\u201d.<\/p>\n<p style=\"text-align: justify;\">Procurada, a defesa de Ciro afirmou que \u201ctem plena convic\u00e7\u00e3o desse resultado pois a Aije n\u00e3o tinha fundamento jur\u00eddico, haja vista que seu \u00fanico objeto foi buscar holofotes pol\u00edticos\u201d.<\/p>\n<p style=\"text-align: justify;\">A defesa de Holiday ainda n\u00e3o se manifestou.<\/p>\n<h2 style=\"text-align: justify;\">Outra a\u00e7\u00e3o<\/h2>\n<p style=\"text-align: justify;\">Nesta semana, o Minist\u00e9rio P\u00fablico Eleitoral se manifestou pelo deferimento do registro de candidatura de Ciro em outra a\u00e7\u00e3o. O parecer foi enviado ao Tribunal Superior Eleitoral (TSE) na \u00faltima quarta-feira (24).<\/p>\n<p style=\"text-align: justify;\">O vice-procurador-geral Eleitoral, Paulo Gonet, se manifestou em um pedido de impugna\u00e7\u00e3o do registro de candidatura, movido pelos candidatos a deputado federal e estadual, Fernando Holiday e Lucas Pavanato (respectivamente). No in\u00edcio da semana, o ministro Carlos Horbach, do TSE, deu dois dias para o Minist\u00e9rio P\u00fablico Eleitoral se manifestar.<\/p>\n<div class=\"tags__topics\">\n<div class=\"tags__topics__content\" style=\"text-align: justify;\">CNN Brasil<\/div>\n<\/div>\n","protected":false},"excerpt":{"rendered":"<p>O ministro Mauro Campbell, do Tribunal Superior Eleitoral (TSE), arquivou um pedido de impugna\u00e7\u00e3o do registro de candidatura de Ciro Gomes (PDT) \u00e0 Presid\u00eancia feito candidato a deputado federal Fernando Holiday (Novo). No pedido, uma a\u00e7\u00e3o de investiga\u00e7\u00e3o judicial eleitoral, Holiday e o candidato a deputado estadual em S\u00e3o Paulo Lucas Pavanato argumentaram que o [&hellip;]<\/p>\n","protected":false},"author":1,"featured_media":29297,"comment_status":"closed","ping_status":"open","sticky":false,"template":"","format":"standard","meta":{"_uag_custom_page_level_css":"","_monsterinsights_skip_tracking":false,"_monsterinsights_sitenote_active":false,"_monsterinsights_sitenote_note":"","_monsterinsights_sitenote_category":0,"jetpack_post_was_ever_published":false,"_jetpack_newsletter_access":"","_jetpack_dont_email_post_to_subs":false,"_jetpack_newsletter_tier_id":0,"_jetpack_memberships_contains_paywalled_content":false,"_jetpack_memberships_contains_paid_content":false,"footnotes":"","jetpack_publicize_message":"","jetpack_publicize_feature_enabled":true,"jetpack_social_post_already_shared":true,"jetpack_social_options":{"image_generator_settings":{"template":"highway","default_image_id":0,"font":"","enabled":false},"version":2}},"categories":[10109],"tags":[],"class_list":["post-41504","post","type-post","status-publish","format-standard","has-post-thumbnail","hentry","category-eleicoes-2022"],"jetpack_publicize_connections":[],"jetpack_featured_media_url":"https:\/\/blogopara.com.br\/wp-content\/uploads\/2021\/10\/CiroGomes-final-com-recorte-1-1024x699-1.jpg","uagb_featured_image_src":{"full":["https:\/\/blogopara.com.br\/wp-content\/uploads\/2021\/10\/CiroGomes-final-com-recorte-1-1024x699-1.jpg",500,341,false],"thumbnail":["https:\/\/blogopara.com.br\/wp-content\/uploads\/2021\/10\/CiroGomes-final-com-recorte-1-1024x699-1-150x150.jpg",150,150,true],"medium":["https:\/\/blogopara.com.br\/wp-content\/uploads\/2021\/10\/CiroGomes-final-com-recorte-1-1024x699-1-300x205.jpg",300,205,true],"medium_large":["https:\/\/blogopara.com.br\/wp-content\/uploads\/2021\/10\/CiroGomes-final-com-recorte-1-1024x699-1.jpg",500,341,false],"large":["https:\/\/blogopara.com.br\/wp-content\/uploads\/2021\/10\/CiroGomes-final-com-recorte-1-1024x699-1.jpg",500,341,false],"1536x1536":["https:\/\/blogopara.com.br\/wp-content\/uploads\/2021\/10\/CiroGomes-final-com-recorte-1-1024x699-1.jpg",500,341,false],"2048x2048":["https:\/\/blogopara.com.br\/wp-content\/uploads\/2021\/10\/CiroGomes-final-com-recorte-1-1024x699-1.jpg",500,341,false],"mantranews-slider-large":["https:\/\/blogopara.com.br\/wp-content\/uploads\/2021\/10\/CiroGomes-final-com-recorte-1-1024x699-1.jpg",500,341,false],"mantranews-featured-medium":["https:\/\/blogopara.com.br\/wp-content\/uploads\/2021\/10\/CiroGomes-final-com-recorte-1-1024x699-1-420x307.jpg",420,307,true],"mantranews-featured-long":["https:\/\/blogopara.com.br\/wp-content\/uploads\/2021\/10\/CiroGomes-final-com-recorte-1-1024x699-1-300x341.jpg",300,341,true],"mantranews-block-medium":["https:\/\/blogopara.com.br\/wp-content\/uploads\/2021\/10\/CiroGomes-final-com-recorte-1-1024x699-1-464x290.jpg",464,290,true],"mantranews-carousel-image":["https:\/\/blogopara.com.br\/wp-content\/uploads\/2021\/10\/CiroGomes-final-com-recorte-1-1024x699-1.jpg",500,341,false],"mantranews-block-thumb":["https:\/\/blogopara.com.br\/wp-content\/uploads\/2021\/10\/CiroGomes-final-com-recorte-1-1024x699-1-322x230.jpg",322,230,true],"mantranews-single-large":["https:\/\/blogopara.com.br\/wp-content\/uploads\/2021\/10\/CiroGomes-final-com-recorte-1-1024x699-1.jpg",500,341,false]},"uagb_author_info":{"display_name":"Reda\u00e7\u00e3o geral","author_link":"https:\/\/blogopara.com.br\/index.php\/author\/blogopara"},"uagb_comment_info":0,"uagb_excerpt":"O ministro Mauro Campbell, do Tribunal Superior Eleitoral (TSE), arquivou um pedido de impugna\u00e7\u00e3o do registro de candidatura de Ciro Gomes (PDT) \u00e0 Presid\u00eancia feito candidato a deputado federal Fernando Holiday (Novo). No pedido, uma a\u00e7\u00e3o de investiga\u00e7\u00e3o judicial eleitoral, Holiday e o candidato a deputado estadual em S\u00e3o Paulo Lucas Pavanato argumentaram que o&hellip;","jetpack_sharing_enabled":true,"jetpack_likes_enabled":true,"_links":{"self":[{"href":"https:\/\/blogopara.com.br\/index.php\/wp-json\/wp\/v2\/posts\/41504","targetHints":{"allow":["GET"]}}],"collection":[{"href":"https:\/\/blogopara.com.br\/index.php\/wp-json\/wp\/v2\/posts"}],"about":[{"href":"https:\/\/blogopara.com.br\/index.php\/wp-json\/wp\/v2\/types\/post"}],"author":[{"embeddable":true,"href":"https:\/\/blogopara.com.br\/index.php\/wp-json\/wp\/v2\/users\/1"}],"replies":[{"embeddable":true,"href":"https:\/\/blogopara.com.br\/index.php\/wp-json\/wp\/v2\/comments?post=41504"}],"version-history":[{"count":1,"href":"https:\/\/blogopara.com.br\/index.php\/wp-json\/wp\/v2\/posts\/41504\/revisions"}],"predecessor-version":[{"id":41505,"href":"https:\/\/blogopara.com.br\/index.php\/wp-json\/wp\/v2\/posts\/41504\/revisions\/41505"}],"wp:featuredmedia":[{"embeddable":true,"href":"https:\/\/blogopara.com.br\/index.php\/wp-json\/wp\/v2\/media\/29297"}],"wp:attachment":[{"href":"https:\/\/blogopara.com.br\/index.php\/wp-json\/wp\/v2\/media?parent=41504"}],"wp:term":[{"taxonomy":"category","embeddable":true,"href":"https:\/\/blogopara.com.br\/index.php\/wp-json\/wp\/v2\/categories?post=41504"},{"taxonomy":"post_tag","embeddable":true,"href":"https:\/\/blogopara.com.br\/index.php\/wp-json\/wp\/v2\/tags?post=41504"}],"curies":[{"name":"wp","href":"https:\/\/api.w.org\/{rel}","templated":true}]}}